{"id":53287,"date":"2026-02-16T10:20:25","date_gmt":"2026-02-16T13:20:25","guid":{"rendered":"https:\/\/blogdojuniorcavalcanti.com.br\/?p=53287"},"modified":"2026-02-16T10:20:25","modified_gmt":"2026-02-16T13:20:25","slug":"afogados-domingo-de-carnaval-comecou-com-jogo-das-virgens-do-sobreira","status":"publish","type":"post","link":"https:\/\/blogdojuniorcavalcanti.com.br\/index.php\/2026\/02\/16\/afogados-domingo-de-carnaval-comecou-com-jogo-das-virgens-do-sobreira\/","title":{"rendered":"Afogados: Domingo de carnaval come\u00e7ou com jogo das virgens do sobreira"},"content":{"rendered":"<p style=\"text-align: justify;\"><span style=\"font-size: 14pt; font-family: arial, helvetica, sans-serif;\">O Domingo de Carnaval em Afogados come\u00e7a com o tradicional jogo das virgens, no campo do Cohab\u00e3o, no bairro Sobreira. O evento conta com o apoio da Prefeitura de Afogados.<\/span><\/p>\n<p style=\"text-align: justify;\"><span style=\"font-size: 14pt; font-family: arial, helvetica, sans-serif;\">O Prefeito Sandrinho Palmeira foi representado no evento pelo vice, Daniel Valadares, e pelo secret\u00e1rio de cultura, Augusto Martins. O homenageado das virgens esse ano foi o ex-secret\u00e1rio de cultura de Afogados, Edgar Santos.<\/span><\/p>\n<p style=\"text-align: justify;\"><span style=\"font-size: 14pt; font-family: arial, helvetica, sans-serif;\">\u201cMais um ano aqui, apoiando o jogo das Virgens, que se transformou em um dos polos do nosso Carnaval, devido \u00e0 sua tradi\u00e7\u00e3o em Afogados da Ingazeira.\u00a0 Aqui, a Prefeitura colabora n\u00e3o s\u00f3 com a estrutura, mas tamb\u00e9m com a atra\u00e7\u00e3o musical, os amigos do samba, que foi um pedido das virgens,\u201d destacou Augusto Martins.<\/span><\/p>\n<p style=\"text-align: justify;\"><span style=\"font-size: 14pt; font-family: arial, helvetica, sans-serif;\">\u201cQuero parabenizar os organizadores, por manterem viva essa tradi\u00e7\u00e3o. O nosso carnaval \u00e9 dos maiores do Estado, com mais de trinta blocos, espalhados pelos bairros, e agora tamb\u00e9m na zona rural, descida de trio el\u00e9trico, orquestra de frevo, passistas, tabaqueiros, tabaqueiro gigante, numa festa alegre, tranquila, e com o povo na rua brincando,\u201d destacou o vice-prefeito, Daniel Valadares. Daniel ainda destacou que, ao lado dos campo, a Prefeitura est\u00e1 tocando uma grande obra, que \u00e9 a constru\u00e7\u00e3o da nova Escola Municipal Petronila de Siqueira.<\/span><\/p>\n<div id=\"gallery-1\" class=\"row\">\n<div class=\"col-lg-4 col-md-4 col-sm-6 col-6 mb-3 text-center\" style=\"text-align: justify;\">\n<div class=\"content-item\"><span style=\"font-size: 14pt; font-family: arial, helvetica, sans-serif;\"><a class=\"attachment-thumbnail size-thumbnail\" href=\"https:\/\/i0.wp.com\/nilljunior.com.br\/wp-content\/uploads\/2026\/02\/02-virgens-sobreira-2026.jpeg?ssl=1\"><img decoding=\"async\" class=\"img-fluid\" src=\"https:\/\/i0.wp.com\/nilljunior.com.br\/wp-content\/uploads\/2026\/02\/02-virgens-sobreira-2026.jpeg?resize=150%2C100&amp;ssl=1\" sizes=\"auto, (max-width: 150px) 100vw, 150px\" srcset=\"https:\/\/i0.wp.com\/nilljunior.com.br\/wp-content\/uploads\/2026\/02\/02-virgens-sobreira-2026.jpeg?w=1600&amp;ssl=1 1600w, https:\/\/i0.wp.com\/nilljunior.com.br\/wp-content\/uploads\/2026\/02\/02-virgens-sobreira-2026.jpeg?resize=300%2C199&amp;ssl=1 300w, https:\/\/i0.wp.com\/nilljunior.com.br\/wp-content\/uploads\/2026\/02\/02-virgens-sobreira-2026.jpeg?resize=600%2C400&amp;ssl=1 600w, https:\/\/i0.wp.com\/nilljunior.com.br\/wp-content\/uploads\/2026\/02\/02-virgens-sobreira-2026.jpeg?resize=150%2C100&amp;ssl=1 150w, https:\/\/i0.wp.com\/nilljunior.com.br\/wp-content\/uploads\/2026\/02\/02-virgens-sobreira-2026.jpeg?resize=768%2C510&amp;ssl=1 768w, https:\/\/i0.wp.com\/nilljunior.com.br\/wp-content\/uploads\/2026\/02\/02-virgens-sobreira-2026.jpeg?resize=1536%2C1020&amp;ssl=1 1536w, https:\/\/i0.wp.com\/nilljunior.com.br\/wp-content\/uploads\/2026\/02\/02-virgens-sobreira-2026.jpeg?resize=721%2C483&amp;ssl=1 721w\" alt=\"\" width=\"150\" height=\"100\" data-attachment-id=\"322020\" data-permalink=\"https:\/\/nilljunior.com.br\/tabaqueiro-gigante-de-quatro-metros-estreia-no-carnaval-de-afogados\/02-virgens-sobreira-2026\/\" data-orig-file=\"https:\/\/i0.wp.com\/nilljunior.com.br\/wp-content\/uploads\/2026\/02\/02-virgens-sobreira-2026.jpeg?fit=1600%2C1063&amp;ssl=1\" data-orig-size=\"1600,1063\" data-comments-opened=\"0\" data-image-meta=\"{&quot;aperture&quot;:&quot;0&quot;,&quot;credit&quot;:&quot;&quot;,&quot;camera&quot;:&quot;&quot;,&quot;caption&quot;:&quot;&quot;,&quot;created_timestamp&quot;:&quot;0&quot;,&quot;copyright&quot;:&quot;&quot;,&quot;focal_length&quot;:&quot;0&quot;,&quot;iso&quot;:&quot;0&quot;,&quot;shutter_speed&quot;:&quot;0&quot;,&quot;title&quot;:&quot;&quot;,&quot;orientation&quot;:&quot;0&quot;}\" data-image-title=\"02-virgens-sobreira-2026\" data-image-description=\"\" data-image-caption=\"\" data-medium-file=\"https:\/\/i0.wp.com\/nilljunior.com.br\/wp-content\/uploads\/2026\/02\/02-virgens-sobreira-2026.jpeg?fit=300%2C199&amp;ssl=1\" data-large-file=\"https:\/\/i0.wp.com\/nilljunior.com.br\/wp-content\/uploads\/2026\/02\/02-virgens-sobreira-2026.jpeg?fit=600%2C400&amp;ssl=1\" \/><\/a><\/span><\/div>\n<\/div>\n<div class=\"col-lg-4 col-md-4 col-sm-6 col-6 mb-3 text-center\" style=\"text-align: justify;\">\n<div class=\"content-item\"><span style=\"font-size: 14pt; font-family: arial, helvetica, sans-serif;\"><a class=\"attachment-thumbnail size-thumbnail\" href=\"https:\/\/i0.wp.com\/nilljunior.com.br\/wp-content\/uploads\/2026\/02\/04-virgens-sobreira-2026.jpeg?ssl=1\"><img decoding=\"async\" class=\"img-fluid\" src=\"https:\/\/i0.wp.com\/nilljunior.com.br\/wp-content\/uploads\/2026\/02\/04-virgens-sobreira-2026.jpeg?resize=150%2C100&amp;ssl=1\" sizes=\"auto, (max-width: 150px) 100vw, 150px\" srcset=\"https:\/\/i0.wp.com\/nilljunior.com.br\/wp-content\/uploads\/2026\/02\/04-virgens-sobreira-2026.jpeg?w=1600&amp;ssl=1 1600w, https:\/\/i0.wp.com\/nilljunior.com.br\/wp-content\/uploads\/2026\/02\/04-virgens-sobreira-2026.jpeg?resize=300%2C199&amp;ssl=1 300w, https:\/\/i0.wp.com\/nilljunior.com.br\/wp-content\/uploads\/2026\/02\/04-virgens-sobreira-2026.jpeg?resize=600%2C400&amp;ssl=1 600w, https:\/\/i0.wp.com\/nilljunior.com.br\/wp-content\/uploads\/2026\/02\/04-virgens-sobreira-2026.jpeg?resize=150%2C100&amp;ssl=1 150w, https:\/\/i0.wp.com\/nilljunior.com.br\/wp-content\/uploads\/2026\/02\/04-virgens-sobreira-2026.jpeg?resize=768%2C510&amp;ssl=1 768w, https:\/\/i0.wp.com\/nilljunior.com.br\/wp-content\/uploads\/2026\/02\/04-virgens-sobreira-2026.jpeg?resize=1536%2C1020&amp;ssl=1 1536w, https:\/\/i0.wp.com\/nilljunior.com.br\/wp-content\/uploads\/2026\/02\/04-virgens-sobreira-2026.jpeg?resize=721%2C483&amp;ssl=1 721w\" alt=\"\" width=\"150\" height=\"100\" data-attachment-id=\"322018\" data-permalink=\"https:\/\/nilljunior.com.br\/tabaqueiro-gigante-de-quatro-metros-estreia-no-carnaval-de-afogados\/04-virgens-sobreira-2026\/\" data-orig-file=\"https:\/\/i0.wp.com\/nilljunior.com.br\/wp-content\/uploads\/2026\/02\/04-virgens-sobreira-2026.jpeg?fit=1600%2C1063&amp;ssl=1\" data-orig-size=\"1600,1063\" data-comments-opened=\"0\" data-image-meta=\"{&quot;aperture&quot;:&quot;0&quot;,&quot;credit&quot;:&quot;&quot;,&quot;camera&quot;:&quot;&quot;,&quot;caption&quot;:&quot;&quot;,&quot;created_timestamp&quot;:&quot;0&quot;,&quot;copyright&quot;:&quot;&quot;,&quot;focal_length&quot;:&quot;0&quot;,&quot;iso&quot;:&quot;0&quot;,&quot;shutter_speed&quot;:&quot;0&quot;,&quot;title&quot;:&quot;&quot;,&quot;orientation&quot;:&quot;0&quot;}\" data-image-title=\"04-virgens-sobreira-2026\" data-image-description=\"\" data-image-caption=\"\" data-medium-file=\"https:\/\/i0.wp.com\/nilljunior.com.br\/wp-content\/uploads\/2026\/02\/04-virgens-sobreira-2026.jpeg?fit=300%2C199&amp;ssl=1\" data-large-file=\"https:\/\/i0.wp.com\/nilljunior.com.br\/wp-content\/uploads\/2026\/02\/04-virgens-sobreira-2026.jpeg?fit=600%2C400&amp;ssl=1\" \/><\/a><\/span><\/div>\n<\/div>\n<div class=\"col-lg-4 col-md-4 col-sm-6 col-6 mb-3 text-center\" style=\"text-align: justify;\">\n<div class=\"content-item\"><span style=\"font-size: 14pt; font-family: arial, helvetica, sans-serif;\"><a class=\"attachment-thumbnail size-thumbnail\" href=\"https:\/\/i0.wp.com\/nilljunior.com.br\/wp-content\/uploads\/2026\/02\/01-virgens-sobreira-2026.jpeg?ssl=1\"><img decoding=\"async\" class=\"img-fluid\" src=\"https:\/\/i0.wp.com\/nilljunior.com.br\/wp-content\/uploads\/2026\/02\/01-virgens-sobreira-2026.jpeg?resize=150%2C100&amp;ssl=1\" sizes=\"auto, (max-width: 150px) 100vw, 150px\" srcset=\"https:\/\/i0.wp.com\/nilljunior.com.br\/wp-content\/uploads\/2026\/02\/01-virgens-sobreira-2026.jpeg?w=1600&amp;ssl=1 1600w, https:\/\/i0.wp.com\/nilljunior.com.br\/wp-content\/uploads\/2026\/02\/01-virgens-sobreira-2026.jpeg?resize=300%2C199&amp;ssl=1 300w, https:\/\/i0.wp.com\/nilljunior.com.br\/wp-content\/uploads\/2026\/02\/01-virgens-sobreira-2026.jpeg?resize=600%2C400&amp;ssl=1 600w, https:\/\/i0.wp.com\/nilljunior.com.br\/wp-content\/uploads\/2026\/02\/01-virgens-sobreira-2026.jpeg?resize=150%2C100&amp;ssl=1 150w, https:\/\/i0.wp.com\/nilljunior.com.br\/wp-content\/uploads\/2026\/02\/01-virgens-sobreira-2026.jpeg?resize=768%2C510&amp;ssl=1 768w, https:\/\/i0.wp.com\/nilljunior.com.br\/wp-content\/uploads\/2026\/02\/01-virgens-sobreira-2026.jpeg?resize=1536%2C1020&amp;ssl=1 1536w, https:\/\/i0.wp.com\/nilljunior.com.br\/wp-content\/uploads\/2026\/02\/01-virgens-sobreira-2026.jpeg?resize=721%2C483&amp;ssl=1 721w\" alt=\"\" width=\"150\" height=\"100\" data-attachment-id=\"322021\" data-permalink=\"https:\/\/nilljunior.com.br\/tabaqueiro-gigante-de-quatro-metros-estreia-no-carnaval-de-afogados\/01-virgens-sobreira-2026\/\" data-orig-file=\"https:\/\/i0.wp.com\/nilljunior.com.br\/wp-content\/uploads\/2026\/02\/01-virgens-sobreira-2026.jpeg?fit=1600%2C1063&amp;ssl=1\" data-orig-size=\"1600,1063\" data-comments-opened=\"0\" data-image-meta=\"{&quot;aperture&quot;:&quot;0&quot;,&quot;credit&quot;:&quot;&quot;,&quot;camera&quot;:&quot;&quot;,&quot;caption&quot;:&quot;&quot;,&quot;created_timestamp&quot;:&quot;0&quot;,&quot;copyright&quot;:&quot;&quot;,&quot;focal_length&quot;:&quot;0&quot;,&quot;iso&quot;:&quot;0&quot;,&quot;shutter_speed&quot;:&quot;0&quot;,&quot;title&quot;:&quot;&quot;,&quot;orientation&quot;:&quot;0&quot;}\" data-image-title=\"01-virgens-sobreira-2026\" data-image-description=\"\" data-image-caption=\"\" data-medium-file=\"https:\/\/i0.wp.com\/nilljunior.com.br\/wp-content\/uploads\/2026\/02\/01-virgens-sobreira-2026.jpeg?fit=300%2C199&amp;ssl=1\" data-large-file=\"https:\/\/i0.wp.com\/nilljunior.com.br\/wp-content\/uploads\/2026\/02\/01-virgens-sobreira-2026.jpeg?fit=600%2C400&amp;ssl=1\" \/><\/a><\/span><\/div>\n<\/div>\n<div class=\"col-lg-4 col-md-4 col-sm-6 col-6 mb-3 text-center\" style=\"text-align: justify;\">\n<div class=\"content-item\"><span style=\"font-size: 14pt; font-family: arial, helvetica, sans-serif;\"><a class=\"attachment-thumbnail size-thumbnail\" href=\"https:\/\/i0.wp.com\/nilljunior.com.br\/wp-content\/uploads\/2026\/02\/05-virgens-sobreira-2026.jpeg?ssl=1\"><img loading=\"lazy\" decoding=\"async\" class=\"img-fluid\" src=\"https:\/\/i0.wp.com\/nilljunior.com.br\/wp-content\/uploads\/2026\/02\/05-virgens-sobreira-2026.jpeg?resize=150%2C100&amp;ssl=1\" sizes=\"auto, (max-width: 150px) 100vw, 150px\" srcset=\"https:\/\/i0.wp.com\/nilljunior.com.br\/wp-content\/uploads\/2026\/02\/05-virgens-sobreira-2026.jpeg?w=1600&amp;ssl=1 1600w, https:\/\/i0.wp.com\/nilljunior.com.br\/wp-content\/uploads\/2026\/02\/05-virgens-sobreira-2026.jpeg?resize=300%2C199&amp;ssl=1 300w, https:\/\/i0.wp.com\/nilljunior.com.br\/wp-content\/uploads\/2026\/02\/05-virgens-sobreira-2026.jpeg?resize=600%2C400&amp;ssl=1 600w, https:\/\/i0.wp.com\/nilljunior.com.br\/wp-content\/uploads\/2026\/02\/05-virgens-sobreira-2026.jpeg?resize=150%2C100&amp;ssl=1 150w, https:\/\/i0.wp.com\/nilljunior.com.br\/wp-content\/uploads\/2026\/02\/05-virgens-sobreira-2026.jpeg?resize=768%2C510&amp;ssl=1 768w, https:\/\/i0.wp.com\/nilljunior.com.br\/wp-content\/uploads\/2026\/02\/05-virgens-sobreira-2026.jpeg?resize=1536%2C1020&amp;ssl=1 1536w, https:\/\/i0.wp.com\/nilljunior.com.br\/wp-content\/uploads\/2026\/02\/05-virgens-sobreira-2026.jpeg?resize=721%2C483&amp;ssl=1 721w\" alt=\"\" width=\"150\" height=\"100\" data-attachment-id=\"322017\" data-permalink=\"https:\/\/nilljunior.com.br\/tabaqueiro-gigante-de-quatro-metros-estreia-no-carnaval-de-afogados\/05-virgens-sobreira-2026\/\" data-orig-file=\"https:\/\/i0.wp.com\/nilljunior.com.br\/wp-content\/uploads\/2026\/02\/05-virgens-sobreira-2026.jpeg?fit=1600%2C1063&amp;ssl=1\" data-orig-size=\"1600,1063\" data-comments-opened=\"0\" data-image-meta=\"{&quot;aperture&quot;:&quot;0&quot;,&quot;credit&quot;:&quot;&quot;,&quot;camera&quot;:&quot;&quot;,&quot;caption&quot;:&quot;&quot;,&quot;created_timestamp&quot;:&quot;0&quot;,&quot;copyright&quot;:&quot;&quot;,&quot;focal_length&quot;:&quot;0&quot;,&quot;iso&quot;:&quot;0&quot;,&quot;shutter_speed&quot;:&quot;0&quot;,&quot;title&quot;:&quot;&quot;,&quot;orientation&quot;:&quot;0&quot;}\" data-image-title=\"05-virgens-sobreira-2026\" data-image-description=\"\" data-image-caption=\"\" data-medium-file=\"https:\/\/i0.wp.com\/nilljunior.com.br\/wp-content\/uploads\/2026\/02\/05-virgens-sobreira-2026.jpeg?fit=300%2C199&amp;ssl=1\" data-large-file=\"https:\/\/i0.wp.com\/nilljunior.com.br\/wp-content\/uploads\/2026\/02\/05-virgens-sobreira-2026.jpeg?fit=600%2C400&amp;ssl=1\" \/><\/a><\/span><\/div>\n<\/div>\n<div class=\"col-lg-4 col-md-4 col-sm-6 col-6 mb-3 text-center\" style=\"text-align: justify;\">\n<div class=\"content-item\"><span style=\"font-size: 14pt; font-family: arial, helvetica, sans-serif;\"><a class=\"attachment-thumbnail size-thumbnail\" href=\"https:\/\/i0.wp.com\/nilljunior.com.br\/wp-content\/uploads\/2026\/02\/06-virgens-sobreira-2026.jpeg?ssl=1\"><img loading=\"lazy\" decoding=\"async\" class=\"img-fluid\" src=\"https:\/\/i0.wp.com\/nilljunior.com.br\/wp-content\/uploads\/2026\/02\/06-virgens-sobreira-2026.jpeg?resize=150%2C100&amp;ssl=1\" sizes=\"auto, (max-width: 150px) 100vw, 150px\" srcset=\"https:\/\/i0.wp.com\/nilljunior.com.br\/wp-content\/uploads\/2026\/02\/06-virgens-sobreira-2026.jpeg?w=1600&amp;ssl=1 1600w, https:\/\/i0.wp.com\/nilljunior.com.br\/wp-content\/uploads\/2026\/02\/06-virgens-sobreira-2026.jpeg?resize=300%2C199&amp;ssl=1 300w, https:\/\/i0.wp.com\/nilljunior.com.br\/wp-content\/uploads\/2026\/02\/06-virgens-sobreira-2026.jpeg?resize=600%2C400&amp;ssl=1 600w, https:\/\/i0.wp.com\/nilljunior.com.br\/wp-content\/uploads\/2026\/02\/06-virgens-sobreira-2026.jpeg?resize=150%2C100&amp;ssl=1 150w, https:\/\/i0.wp.com\/nilljunior.com.br\/wp-content\/uploads\/2026\/02\/06-virgens-sobreira-2026.jpeg?resize=768%2C510&amp;ssl=1 768w, https:\/\/i0.wp.com\/nilljunior.com.br\/wp-content\/uploads\/2026\/02\/06-virgens-sobreira-2026.jpeg?resize=1536%2C1020&amp;ssl=1 1536w, https:\/\/i0.wp.com\/nilljunior.com.br\/wp-content\/uploads\/2026\/02\/06-virgens-sobreira-2026.jpeg?resize=721%2C483&amp;ssl=1 721w\" alt=\"\" width=\"150\" height=\"100\" data-attachment-id=\"322016\" data-permalink=\"https:\/\/nilljunior.com.br\/tabaqueiro-gigante-de-quatro-metros-estreia-no-carnaval-de-afogados\/06-virgens-sobreira-2026\/\" data-orig-file=\"https:\/\/i0.wp.com\/nilljunior.com.br\/wp-content\/uploads\/2026\/02\/06-virgens-sobreira-2026.jpeg?fit=1600%2C1063&amp;ssl=1\" data-orig-size=\"1600,1063\" data-comments-opened=\"0\" data-image-meta=\"{&quot;aperture&quot;:&quot;0&quot;,&quot;credit&quot;:&quot;&quot;,&quot;camera&quot;:&quot;&quot;,&quot;caption&quot;:&quot;&quot;,&quot;created_timestamp&quot;:&quot;0&quot;,&quot;copyright&quot;:&quot;&quot;,&quot;focal_length&quot;:&quot;0&quot;,&quot;iso&quot;:&quot;0&quot;,&quot;shutter_speed&quot;:&quot;0&quot;,&quot;title&quot;:&quot;&quot;,&quot;orientation&quot;:&quot;0&quot;}\" data-image-title=\"06-virgens-sobreira-2026\" data-image-description=\"\" data-image-caption=\"\" data-medium-file=\"https:\/\/i0.wp.com\/nilljunior.com.br\/wp-content\/uploads\/2026\/02\/06-virgens-sobreira-2026.jpeg?fit=300%2C199&amp;ssl=1\" data-large-file=\"https:\/\/i0.wp.com\/nilljunior.com.br\/wp-content\/uploads\/2026\/02\/06-virgens-sobreira-2026.jpeg?fit=600%2C400&amp;ssl=1\" \/><\/a><\/span><\/div>\n<\/div>\n<div class=\"col-lg-4 col-md-4 col-sm-6 col-6 mb-3 text-center\" style=\"text-align: justify;\">\n<div class=\"content-item\"><span style=\"font-size: 14pt; font-family: arial, helvetica, sans-serif;\"><a class=\"attachment-thumbnail size-thumbnail\" href=\"https:\/\/i0.wp.com\/nilljunior.com.br\/wp-content\/uploads\/2026\/02\/03-virgens-sobreira-2026.jpeg?ssl=1\"><img loading=\"lazy\" decoding=\"async\" class=\"img-fluid\" src=\"https:\/\/i0.wp.com\/nilljunior.com.br\/wp-content\/uploads\/2026\/02\/03-virgens-sobreira-2026.jpeg?resize=150%2C100&amp;ssl=1\" sizes=\"auto, (max-width: 150px) 100vw, 150px\" srcset=\"https:\/\/i0.wp.com\/nilljunior.com.br\/wp-content\/uploads\/2026\/02\/03-virgens-sobreira-2026.jpeg?w=1600&amp;ssl=1 1600w, https:\/\/i0.wp.com\/nilljunior.com.br\/wp-content\/uploads\/2026\/02\/03-virgens-sobreira-2026.jpeg?resize=300%2C199&amp;ssl=1 300w, https:\/\/i0.wp.com\/nilljunior.com.br\/wp-content\/uploads\/2026\/02\/03-virgens-sobreira-2026.jpeg?resize=600%2C400&amp;ssl=1 600w, https:\/\/i0.wp.com\/nilljunior.com.br\/wp-content\/uploads\/2026\/02\/03-virgens-sobreira-2026.jpeg?resize=150%2C100&amp;ssl=1 150w, https:\/\/i0.wp.com\/nilljunior.com.br\/wp-content\/uploads\/2026\/02\/03-virgens-sobreira-2026.jpeg?resize=768%2C510&amp;ssl=1 768w, https:\/\/i0.wp.com\/nilljunior.com.br\/wp-content\/uploads\/2026\/02\/03-virgens-sobreira-2026.jpeg?resize=1536%2C1020&amp;ssl=1 1536w, https:\/\/i0.wp.com\/nilljunior.com.br\/wp-content\/uploads\/2026\/02\/03-virgens-sobreira-2026.jpeg?resize=721%2C483&amp;ssl=1 721w\" alt=\"\" width=\"150\" height=\"100\" data-attachment-id=\"322019\" data-permalink=\"https:\/\/nilljunior.com.br\/tabaqueiro-gigante-de-quatro-metros-estreia-no-carnaval-de-afogados\/03-virgens-sobreira-2026\/\" data-orig-file=\"https:\/\/i0.wp.com\/nilljunior.com.br\/wp-content\/uploads\/2026\/02\/03-virgens-sobreira-2026.jpeg?fit=1600%2C1063&amp;ssl=1\" data-orig-size=\"1600,1063\" data-comments-opened=\"0\" data-image-meta=\"{&quot;aperture&quot;:&quot;0&quot;,&quot;credit&quot;:&quot;&quot;,&quot;camera&quot;:&quot;&quot;,&quot;caption&quot;:&quot;&quot;,&quot;created_timestamp&quot;:&quot;0&quot;,&quot;copyright&quot;:&quot;&quot;,&quot;focal_length&quot;:&quot;0&quot;,&quot;iso&quot;:&quot;0&quot;,&quot;shutter_speed&quot;:&quot;0&quot;,&quot;title&quot;:&quot;&quot;,&quot;orientation&quot;:&quot;0&quot;}\" data-image-title=\"03-virgens-sobreira-2026\" data-image-description=\"\" data-image-caption=\"\" data-medium-file=\"https:\/\/i0.wp.com\/nilljunior.com.br\/wp-content\/uploads\/2026\/02\/03-virgens-sobreira-2026.jpeg?fit=300%2C199&amp;ssl=1\" data-large-file=\"https:\/\/i0.wp.com\/nilljunior.com.br\/wp-content\/uploads\/2026\/02\/03-virgens-sobreira-2026.jpeg?fit=600%2C400&amp;ssl=1\" \/><\/a><\/span><\/div>\n<\/div>\n<div class=\"col-lg-4 col-md-4 col-sm-6 col-6 mb-3 text-center\">\n<div class=\"content-item\" style=\"text-align: justify;\"><span style=\"font-size: 14pt; font-family: arial, helvetica, sans-serif;\"><a class=\"attachment-thumbnail size-thumbnail\" href=\"https:\/\/i0.wp.com\/nilljunior.com.br\/wp-content\/uploads\/2026\/02\/Daniel-virgens-sobreira-2026.jpeg?ssl=1\"><img loading=\"lazy\" decoding=\"async\" class=\"img-fluid\" src=\"https:\/\/i0.wp.com\/nilljunior.com.br\/wp-content\/uploads\/2026\/02\/Daniel-virgens-sobreira-2026.jpeg?resize=150%2C100&amp;ssl=1\" sizes=\"auto, (max-width: 150px) 100vw, 150px\" srcset=\"https:\/\/i0.wp.com\/nilljunior.com.br\/wp-content\/uploads\/2026\/02\/Daniel-virgens-sobreira-2026.jpeg?w=1600&amp;ssl=1 1600w, https:\/\/i0.wp.com\/nilljunior.com.br\/wp-content\/uploads\/2026\/02\/Daniel-virgens-sobreira-2026.jpeg?resize=300%2C199&amp;ssl=1 300w, https:\/\/i0.wp.com\/nilljunior.com.br\/wp-content\/uploads\/2026\/02\/Daniel-virgens-sobreira-2026.jpeg?resize=600%2C400&amp;ssl=1 600w, https:\/\/i0.wp.com\/nilljunior.com.br\/wp-content\/uploads\/2026\/02\/Daniel-virgens-sobreira-2026.jpeg?resize=150%2C100&amp;ssl=1 150w, https:\/\/i0.wp.com\/nilljunior.com.br\/wp-content\/uploads\/2026\/02\/Daniel-virgens-sobreira-2026.jpeg?resize=768%2C510&amp;ssl=1 768w, https:\/\/i0.wp.com\/nilljunior.com.br\/wp-content\/uploads\/2026\/02\/Daniel-virgens-sobreira-2026.jpeg?resize=1536%2C1020&amp;ssl=1 1536w, https:\/\/i0.wp.com\/nilljunior.com.br\/wp-content\/uploads\/2026\/02\/Daniel-virgens-sobreira-2026.jpeg?resize=721%2C483&amp;ssl=1 721w\" alt=\"\" width=\"150\" height=\"100\" data-attachment-id=\"322015\" data-permalink=\"https:\/\/nilljunior.com.br\/tabaqueiro-gigante-de-quatro-metros-estreia-no-carnaval-de-afogados\/daniel-virgens-sobreira-2026\/\" data-orig-file=\"https:\/\/i0.wp.com\/nilljunior.com.br\/wp-content\/uploads\/2026\/02\/Daniel-virgens-sobreira-2026.jpeg?fit=1600%2C1063&amp;ssl=1\" data-orig-size=\"1600,1063\" data-comments-opened=\"0\" data-image-meta=\"{&quot;aperture&quot;:&quot;0&quot;,&quot;credit&quot;:&quot;&quot;,&quot;camera&quot;:&quot;&quot;,&quot;caption&quot;:&quot;&quot;,&quot;created_timestamp&quot;:&quot;0&quot;,&quot;copyright&quot;:&quot;&quot;,&quot;focal_length&quot;:&quot;0&quot;,&quot;iso&quot;:&quot;0&quot;,&quot;shutter_speed&quot;:&quot;0&quot;,&quot;title&quot;:&quot;&quot;,&quot;orientation&quot;:&quot;0&quot;}\" data-image-title=\"Daniel-virgens-sobreira-2026\" data-image-description=\"\" data-image-caption=\"\" data-medium-file=\"https:\/\/i0.wp.com\/nilljunior.com.br\/wp-content\/uploads\/2026\/02\/Daniel-virgens-sobreira-2026.jpeg?fit=300%2C199&amp;ssl=1\" data-large-file=\"https:\/\/i0.wp.com\/nilljunior.com.br\/wp-content\/uploads\/2026\/02\/Daniel-virgens-sobreira-2026.jpeg?fit=600%2C400&amp;ssl=1\" \/><\/a><\/span><\/div>\n<\/div>\n<\/div>\n","protected":false},"excerpt":{"rendered":"<p>O Domingo de Carnaval em Afogados come&ccedil;a com o tradicional jogo das virgens, no campo do Cohab&atilde;o, no bairro Sobreira. O evento conta com o apoio da Prefeitura de Afogados. O Prefeito Sandrinho Palmeira foi representado no evento pelo vice, Daniel Valadares, e pelo secret&aacute;rio de cultura, Augusto Martins. O homenageado das virgens esse ano foi o ex-secret&aacute;rio de cultura de Afogados, Edgar Santos. &ldquo;Mais um ano aqui, apoiando o jogo das Virgens, que se transformou em um dos polos do nosso Carnaval, devido &agrave; sua tradi&ccedil;&atilde;o em Afogados da Ingazeira.&nbsp; Aqui, a Prefeitura colabora n&atilde;o s&oacute; com a estrutura, &#8230; <\/p>\n<p class=\"read-more-container\"><a title=\"Afogados: Domingo de carnaval come\u00e7ou com jogo das virgens do sobreira\" class=\"read-more button\" href=\"https:\/\/blogdojuniorcavalcanti.com.br\/index.php\/2026\/02\/16\/afogados-domingo-de-carnaval-comecou-com-jogo-das-virgens-do-sobreira\/#more-53287\" aria-label=\"More on Afogados: Domingo de carnaval come\u00e7ou com jogo das virgens do sobreira\">Leia mais<\/a><\/p>\n","protected":false},"author":2,"featured_media":53288,"comment_status":"open","ping_status":"open","sticky":false,"template":"","format":"standard","meta":{"footnotes":""},"categories":[25],"tags":[],"class_list":["post-53287","post","type-post","status-publish","format-standard","has-post-thumbnail","hentry","category-destaque","resize-featured-image"],"_links":{"self":[{"href":"https:\/\/blogdojuniorcavalcanti.com.br\/index.php\/wp-json\/wp\/v2\/posts\/53287","targetHints":{"allow":["GET"]}}],"collection":[{"href":"https:\/\/blogdojuniorcavalcanti.com.br\/index.php\/wp-json\/wp\/v2\/posts"}],"about":[{"href":"https:\/\/blogdojuniorcavalcanti.com.br\/index.php\/wp-json\/wp\/v2\/types\/post"}],"author":[{"embeddable":true,"href":"https:\/\/blogdojuniorcavalcanti.com.br\/index.php\/wp-json\/wp\/v2\/users\/2"}],"replies":[{"embeddable":true,"href":"https:\/\/blogdojuniorcavalcanti.com.br\/index.php\/wp-json\/wp\/v2\/comments?post=53287"}],"version-history":[{"count":1,"href":"https:\/\/blogdojuniorcavalcanti.com.br\/index.php\/wp-json\/wp\/v2\/posts\/53287\/revisions"}],"predecessor-version":[{"id":53289,"href":"https:\/\/blogdojuniorcavalcanti.com.br\/index.php\/wp-json\/wp\/v2\/posts\/53287\/revisions\/53289"}],"wp:featuredmedia":[{"embeddable":true,"href":"https:\/\/blogdojuniorcavalcanti.com.br\/index.php\/wp-json\/wp\/v2\/media\/53288"}],"wp:attachment":[{"href":"https:\/\/blogdojuniorcavalcanti.com.br\/index.php\/wp-json\/wp\/v2\/media?parent=53287"}],"wp:term":[{"taxonomy":"category","embeddable":true,"href":"https:\/\/blogdojuniorcavalcanti.com.br\/index.php\/wp-json\/wp\/v2\/categories?post=53287"},{"taxonomy":"post_tag","embeddable":true,"href":"https:\/\/blogdojuniorcavalcanti.com.br\/index.php\/wp-json\/wp\/v2\/tags?post=53287"}],"curies":[{"name":"wp","href":"https:\/\/api.w.org\/{rel}","templated":true}]}}