{"id":53533,"date":"2026-02-23T05:01:42","date_gmt":"2026-02-23T08:01:42","guid":{"rendered":"https:\/\/blogdojuniorcavalcanti.com.br\/?p=53533"},"modified":"2026-02-23T05:01:42","modified_gmt":"2026-02-23T08:01:42","slug":"apos-contratos-milionarios-de-quase-r-2-milhoes-na-gestao-de-angelo-ferreira-prefeitura-de-sertania-devera-anunciar-nova-licitacao-mais-barata-para-modernizar-videomonitoramento","status":"publish","type":"post","link":"https:\/\/blogdojuniorcavalcanti.com.br\/index.php\/2026\/02\/23\/apos-contratos-milionarios-de-quase-r-2-milhoes-na-gestao-de-angelo-ferreira-prefeitura-de-sertania-devera-anunciar-nova-licitacao-mais-barata-para-modernizar-videomonitoramento\/","title":{"rendered":"Ap\u00f3s contratos milion\u00e1rios de quase r$ 2 milh\u00f5es na gest\u00e3o de \u00c2ngelo Ferreira, prefeitura de Sert\u00e2nia dever\u00e1 anunciar nova licita\u00e7\u00e3o mais barata para modernizar videomonitoramento"},"content":{"rendered":"<p style=\"text-align: justify;\"><span style=\"font-size: 14pt; font-family: arial, helvetica, sans-serif;\">A implanta\u00e7\u00e3o do sistema de vigil\u00e2ncia eletr\u00f4nica em Sert\u00e2nia voltou ao centro do debate p\u00fablico ap\u00f3s a atual gest\u00e3o municipal anunciar que dever\u00e1 abrir uma nova licita\u00e7\u00e3o para reestruturar o servi\u00e7o de videomonitoramento na cidade.<\/span><\/p>\n<p style=\"text-align: justify;\"><span style=\"font-size: 14pt; font-family: arial, helvetica, sans-serif;\">A discuss\u00e3o ganhou for\u00e7a porque, na gest\u00e3o anterior do PSB, comandada pelo ent\u00e3o prefeito \u00c2ngelo Ferreira, foi realizada uma licita\u00e7\u00e3o que chegou a quase R$ 2 milh\u00f5es para a implanta\u00e7\u00e3o do sistema de c\u00e2meras e monitoramento eletr\u00f4nico no munic\u00edpio. O valor, considerado elevado por parte da popula\u00e7\u00e3o, tem sido alvo de cr\u00edticas diante da realidade econ\u00f4mica local.<\/span><\/p>\n<p style=\"text-align: justify;\"><span style=\"font-size: 14pt; font-family: arial, helvetica, sans-serif;\">Moradores questionam se o investimento feito \u00e0 \u00e9poca foi compat\u00edvel com a capacidade financeira do munic\u00edpio e com o retorno efetivo em termos de seguran\u00e7a p\u00fablica. \u201cSabe-se que contar com todo esse sistema \u00e9 de suma import\u00e2ncia, mas n\u00e3o por esse valor. \u00c9 imoral\u201d, afirmou um morador, que preferiu n\u00e3o se identificar.<\/span><\/p>\n<p style=\"text-align: justify;\"><span style=\"font-size: 14pt; font-family: arial, helvetica, sans-serif;\">Segundo informa\u00e7\u00f5es da atual administra\u00e7\u00e3o, o modelo contratado anteriormente \u00e9 considerado financeiramente insustent\u00e1vel para os cofres p\u00fablicos. A avalia\u00e7\u00e3o t\u00e9cnica aponta que os custos de manuten\u00e7\u00e3o e opera\u00e7\u00e3o dificultam a continuidade do contrato nos moldes em que foi firmado.<\/span><\/p>\n<p style=\"text-align: justify;\"><span style=\"font-size: 14pt; font-family: arial, helvetica, sans-serif;\">Diante desse cen\u00e1rio, a prefeita anunciou que dever\u00e1 lan\u00e7ar uma nova licita\u00e7\u00e3o, prometendo reduzir significativamente os custos e, ao mesmo tempo, modernizar o sistema. A proposta \u00e9 ampliar o videomonitoramento nas principais ruas de Sert\u00e2nia, implantar uma central de vigil\u00e2ncia com funcionamento 24 horas e adquirir equipamentos de \u00faltima gera\u00e7\u00e3o.<\/span><\/p>\n<p style=\"text-align: justify;\"><span style=\"font-size: 14pt; font-family: arial, helvetica, sans-serif;\">A gest\u00e3o argumenta que \u00e9 poss\u00edvel oferecer mais efici\u00eancia, cobertura estrat\u00e9gica e tecnologia avan\u00e7ada com valores mais compat\u00edveis com a realidade do munic\u00edpio. A ideia \u00e9 priorizar pontos de maior circula\u00e7\u00e3o, \u00e1reas comerciais e entradas da cidade, refor\u00e7ando a preven\u00e7\u00e3o de crimes e auxiliando as for\u00e7as de seguran\u00e7a.<\/span><\/p>\n<p style=\"text-align: justify;\"><span style=\"font-size: 14pt; font-family: arial, helvetica, sans-serif;\">O tema promete continuar em pauta nas pr\u00f3ximas semanas, especialmente com a abertura do novo processo licitat\u00f3rio. A expectativa \u00e9 que o edital traga mais transpar\u00eancia, competitividade entre empresas e melhor custo-benef\u00edcio para os cofres p\u00fablicos.<\/span><\/p>\n<p style=\"text-align: justify;\"><span style=\"font-size: 14pt; font-family: arial, helvetica, sans-serif;\">Enquanto isso, a popula\u00e7\u00e3o aguarda que o novo modelo concilie responsabilidade fiscal e investimentos eficazes na seguran\u00e7a, garantindo que o videomonitoramento cumpra seu papel sem pesar excessivamente no or\u00e7amento municipal.<\/span><\/p>\n","protected":false},"excerpt":{"rendered":"<p>A implanta&ccedil;&atilde;o do sistema de vigil&acirc;ncia eletr&ocirc;nica em Sert&acirc;nia voltou ao centro do debate p&uacute;blico ap&oacute;s a atual gest&atilde;o municipal anunciar que dever&aacute; abrir uma nova licita&ccedil;&atilde;o para reestruturar o servi&ccedil;o de videomonitoramento na cidade. A discuss&atilde;o ganhou for&ccedil;a porque, na gest&atilde;o anterior do PSB, comandada pelo ent&atilde;o prefeito &Acirc;ngelo Ferreira, foi realizada uma licita&ccedil;&atilde;o que chegou a quase R$ 2 milh&otilde;es para a implanta&ccedil;&atilde;o do sistema de c&acirc;meras e monitoramento eletr&ocirc;nico no munic&iacute;pio. O valor, considerado elevado por parte da popula&ccedil;&atilde;o, tem sido alvo de cr&iacute;ticas diante da realidade econ&ocirc;mica local. Moradores questionam se o investimento feito &agrave; &eacute;poca &#8230; <\/p>\n<p class=\"read-more-container\"><a title=\"Ap\u00f3s contratos milion\u00e1rios de quase r$ 2 milh\u00f5es na gest\u00e3o de \u00c2ngelo Ferreira, prefeitura de Sert\u00e2nia dever\u00e1 anunciar nova licita\u00e7\u00e3o mais barata para modernizar videomonitoramento\" class=\"read-more button\" href=\"https:\/\/blogdojuniorcavalcanti.com.br\/index.php\/2026\/02\/23\/apos-contratos-milionarios-de-quase-r-2-milhoes-na-gestao-de-angelo-ferreira-prefeitura-de-sertania-devera-anunciar-nova-licitacao-mais-barata-para-modernizar-videomonitoramento\/#more-53533\" aria-label=\"More on Ap\u00f3s contratos milion\u00e1rios de quase r$ 2 milh\u00f5es na gest\u00e3o de \u00c2ngelo Ferreira, prefeitura de Sert\u00e2nia dever\u00e1 anunciar nova licita\u00e7\u00e3o mais barata para modernizar videomonitoramento\">Leia mais<\/a><\/p>\n","protected":false},"author":2,"featured_media":53534,"comment_status":"open","ping_status":"open","sticky":false,"template":"","format":"standard","meta":{"footnotes":""},"categories":[25],"tags":[],"class_list":["post-53533","post","type-post","status-publish","format-standard","has-post-thumbnail","hentry","category-destaque","resize-featured-image"],"_links":{"self":[{"href":"https:\/\/blogdojuniorcavalcanti.com.br\/index.php\/wp-json\/wp\/v2\/posts\/53533","targetHints":{"allow":["GET"]}}],"collection":[{"href":"https:\/\/blogdojuniorcavalcanti.com.br\/index.php\/wp-json\/wp\/v2\/posts"}],"about":[{"href":"https:\/\/blogdojuniorcavalcanti.com.br\/index.php\/wp-json\/wp\/v2\/types\/post"}],"author":[{"embeddable":true,"href":"https:\/\/blogdojuniorcavalcanti.com.br\/index.php\/wp-json\/wp\/v2\/users\/2"}],"replies":[{"embeddable":true,"href":"https:\/\/blogdojuniorcavalcanti.com.br\/index.php\/wp-json\/wp\/v2\/comments?post=53533"}],"version-history":[{"count":1,"href":"https:\/\/blogdojuniorcavalcanti.com.br\/index.php\/wp-json\/wp\/v2\/posts\/53533\/revisions"}],"predecessor-version":[{"id":53535,"href":"https:\/\/blogdojuniorcavalcanti.com.br\/index.php\/wp-json\/wp\/v2\/posts\/53533\/revisions\/53535"}],"wp:featuredmedia":[{"embeddable":true,"href":"https:\/\/blogdojuniorcavalcanti.com.br\/index.php\/wp-json\/wp\/v2\/media\/53534"}],"wp:attachment":[{"href":"https:\/\/blogdojuniorcavalcanti.com.br\/index.php\/wp-json\/wp\/v2\/media?parent=53533"}],"wp:term":[{"taxonomy":"category","embeddable":true,"href":"https:\/\/blogdojuniorcavalcanti.com.br\/index.php\/wp-json\/wp\/v2\/categories?post=53533"},{"taxonomy":"post_tag","embeddable":true,"href":"https:\/\/blogdojuniorcavalcanti.com.br\/index.php\/wp-json\/wp\/v2\/tags?post=53533"}],"curies":[{"name":"wp","href":"https:\/\/api.w.org\/{rel}","templated":true}]}}