{"id":53638,"date":"2026-02-25T05:21:09","date_gmt":"2026-02-25T08:21:09","guid":{"rendered":"https:\/\/blogdojuniorcavalcanti.com.br\/?p=53638"},"modified":"2026-02-25T05:21:09","modified_gmt":"2026-02-25T08:21:09","slug":"andarilho-que-saiu-do-rio-de-janeiro-e-resgatado-pela-prf-em-caruaru","status":"publish","type":"post","link":"https:\/\/blogdojuniorcavalcanti.com.br\/index.php\/2026\/02\/25\/andarilho-que-saiu-do-rio-de-janeiro-e-resgatado-pela-prf-em-caruaru\/","title":{"rendered":"Andarilho que saiu do Rio de Janeiro \u00e9 resgatado pela PRF em Caruaru"},"content":{"rendered":"<div style=\"text-align: justify;\"><span style=\"font-size: 14pt; font-family: arial, helvetica, sans-serif;\">Um homem de 36 anos que estava em situa\u00e7\u00e3o de risco foi resgatado, nesta ter\u00e7a-feira (24), pela Pol\u00edcia Rodovi\u00e1ria Federal (PRF), na BR 104, em Caruaru, no Agreste pernambucano. O andarilho \u00e9 natural do Rio de Janeiro e teria sa\u00eddo de casa h\u00e1 cerca de uma semana.<\/span><\/div>\n<p style=\"text-align: justify;\">\n<p style=\"text-align: justify;\"><span style=\"font-size: 14pt; font-family: arial, helvetica, sans-serif;\">Policiais realizavam uma fiscaliza\u00e7\u00e3o em frente ao posto da PRF de Caruaru, quando avistaram um homem carregando uma sacola e um colch\u00e3o. Ele relatou que havia sa\u00eddo do Rio de Janeiro para tentar localizar parentes no Recife, mas n\u00e3o encontrou ningu\u00e9m e precisava de ajuda para voltar ao seu estado de origem.<\/span><\/p>\n<p style=\"text-align: justify;\"><span style=\"font-size: 14pt; font-family: arial, helvetica, sans-serif;\">A equipe ofereceu \u00e1gua e alimenta\u00e7\u00e3o para o homem e o encaminhou a uma casa de acolhimento em Caruaru, onde ele ser\u00e1 assistido at\u00e9 retornar pra casa.<\/span><\/p>\n","protected":false},"excerpt":{"rendered":"<p>Um homem de 36 anos que estava em situa&ccedil;&atilde;o de risco foi resgatado, nesta ter&ccedil;a-feira (24), pela Pol&iacute;cia Rodovi&aacute;ria Federal (PRF), na BR 104, em Caruaru, no Agreste pernambucano. O andarilho &eacute; natural do Rio de Janeiro e teria sa&iacute;do de casa h&aacute; cerca de uma semana. Policiais realizavam uma fiscaliza&ccedil;&atilde;o em frente ao posto da PRF de Caruaru, quando avistaram um homem carregando uma sacola e um colch&atilde;o. Ele relatou que havia sa&iacute;do do Rio de Janeiro para tentar localizar parentes no Recife, mas n&atilde;o encontrou ningu&eacute;m e precisava de ajuda para voltar ao seu estado de origem. A &#8230; <\/p>\n<p class=\"read-more-container\"><a title=\"Andarilho que saiu do Rio de Janeiro \u00e9 resgatado pela PRF em Caruaru\" class=\"read-more button\" href=\"https:\/\/blogdojuniorcavalcanti.com.br\/index.php\/2026\/02\/25\/andarilho-que-saiu-do-rio-de-janeiro-e-resgatado-pela-prf-em-caruaru\/#more-53638\" aria-label=\"More on Andarilho que saiu do Rio de Janeiro \u00e9 resgatado pela PRF em Caruaru\">Leia mais<\/a><\/p>\n","protected":false},"author":2,"featured_media":53639,"comment_status":"open","ping_status":"open","sticky":false,"template":"","format":"standard","meta":{"footnotes":""},"categories":[29],"tags":[],"class_list":["post-53638","post","type-post","status-publish","format-standard","has-post-thumbnail","hentry","category-policial","resize-featured-image"],"_links":{"self":[{"href":"https:\/\/blogdojuniorcavalcanti.com.br\/index.php\/wp-json\/wp\/v2\/posts\/53638","targetHints":{"allow":["GET"]}}],"collection":[{"href":"https:\/\/blogdojuniorcavalcanti.com.br\/index.php\/wp-json\/wp\/v2\/posts"}],"about":[{"href":"https:\/\/blogdojuniorcavalcanti.com.br\/index.php\/wp-json\/wp\/v2\/types\/post"}],"author":[{"embeddable":true,"href":"https:\/\/blogdojuniorcavalcanti.com.br\/index.php\/wp-json\/wp\/v2\/users\/2"}],"replies":[{"embeddable":true,"href":"https:\/\/blogdojuniorcavalcanti.com.br\/index.php\/wp-json\/wp\/v2\/comments?post=53638"}],"version-history":[{"count":1,"href":"https:\/\/blogdojuniorcavalcanti.com.br\/index.php\/wp-json\/wp\/v2\/posts\/53638\/revisions"}],"predecessor-version":[{"id":53640,"href":"https:\/\/blogdojuniorcavalcanti.com.br\/index.php\/wp-json\/wp\/v2\/posts\/53638\/revisions\/53640"}],"wp:featuredmedia":[{"embeddable":true,"href":"https:\/\/blogdojuniorcavalcanti.com.br\/index.php\/wp-json\/wp\/v2\/media\/53639"}],"wp:attachment":[{"href":"https:\/\/blogdojuniorcavalcanti.com.br\/index.php\/wp-json\/wp\/v2\/media?parent=53638"}],"wp:term":[{"taxonomy":"category","embeddable":true,"href":"https:\/\/blogdojuniorcavalcanti.com.br\/index.php\/wp-json\/wp\/v2\/categories?post=53638"},{"taxonomy":"post_tag","embeddable":true,"href":"https:\/\/blogdojuniorcavalcanti.com.br\/index.php\/wp-json\/wp\/v2\/tags?post=53638"}],"curies":[{"name":"wp","href":"https:\/\/api.w.org\/{rel}","templated":true}]}}