{"id":53792,"date":"2026-03-01T10:19:50","date_gmt":"2026-03-01T13:19:50","guid":{"rendered":"https:\/\/blogdojuniorcavalcanti.com.br\/?p=53792"},"modified":"2026-03-01T10:19:50","modified_gmt":"2026-03-01T13:19:50","slug":"miguel-coelho-reage-a-operacao-vassalos-nega-irregularidades-e-afirma-que-nao-vai-recuar","status":"publish","type":"post","link":"https:\/\/blogdojuniorcavalcanti.com.br\/index.php\/2026\/03\/01\/miguel-coelho-reage-a-operacao-vassalos-nega-irregularidades-e-afirma-que-nao-vai-recuar\/","title":{"rendered":"Miguel Coelho reage \u00e0 Opera\u00e7\u00e3o Vassalos, nega irregularidades e afirma que n\u00e3o vai recuar"},"content":{"rendered":"<div style=\"text-align: justify;\"><span style=\"font-size: 14pt; font-family: arial, helvetica, sans-serif;\">O ex-prefeito de Petrolina e pr\u00e9-candidato ao Senado, Miguel Coelho (Uni\u00e3o Brasil), utilizou as redes sociais nesta sexta-feira (27) para se pronunciar ap\u00f3s ser alvo da Opera\u00e7\u00e3o Vassalos, deflagrada nesta semana pela Pol\u00edcia Federal. Em v\u00eddeo publicado em seu perfil, ele negou qualquer irregularidade, classificou a a\u00e7\u00e3o como \u201cespalhafatosa\u201d e afirmou que n\u00e3o pretende recuar.<\/span><\/div>\n<p style=\"text-align: justify;\">\n<p style=\"text-align: justify;\"><span style=\"font-size: 14pt; font-family: arial, helvetica, sans-serif;\">\u201cN\u00e3o vamos nos intimidar por aqueles que querem manter Pernambuco no atraso\u201d, declarou o ex-prefeito.<\/span><\/p>\n<p style=\"text-align: justify;\"><span style=\"font-size: 14pt; font-family: arial, helvetica, sans-serif;\">Al\u00e9m de Miguel, a opera\u00e7\u00e3o tamb\u00e9m teve como alvos o ex-senador Fernando Bezerra Coelho e o deputado federal Fernando Filho (Uni\u00e3o Brasil), pai e irm\u00e3o do pr\u00e9-candidato. As investiga\u00e7\u00f5es apuram suposto desvio de emendas parlamentares.<\/span><\/p>\n<p style=\"text-align: justify;\"><span style=\"font-size: 14pt; font-family: arial, helvetica, sans-serif;\">No pronunciamento, Miguel Coelho defendeu a atua\u00e7\u00e3o da fam\u00edlia na pol\u00edtica regional e associou a deflagra\u00e7\u00e3o da opera\u00e7\u00e3o ao cen\u00e1rio eleitoral. Segundo ele, ao longo da \u00faltima d\u00e9cada, utilizou sua for\u00e7a pol\u00edtica para viabilizar emendas e investimentos que contribu\u00edram para transformar Petrolina na cidade que mais cresce no Nordeste.<\/span><\/p>\n<p style=\"text-align: justify;\"><span style=\"font-size: 14pt; font-family: arial, helvetica, sans-serif;\">O ex-prefeito tamb\u00e9m afirmou ter mantido di\u00e1logo institucional com diferentes governos federais, destacando parcerias com as gest\u00f5es de Michel Temer, Jair Bolsonaro e Luiz In\u00e1cio Lula da Silva, independentemente de posicionamentos ideol\u00f3gicos.<\/span><\/p>\n<p style=\"text-align: justify;\"><span style=\"font-size: 14pt; font-family: arial, helvetica, sans-serif;\">\u201cMesmo assim, em pleno ano eleitoral, criam uma a\u00e7\u00e3o espalhafatosa para tentar manchar o m\u00e9rito do nosso trabalho. Uma opera\u00e7\u00e3o t\u00e3o fr\u00e1gil que a pr\u00f3pria Procuradoria-Geral da Rep\u00fablica se manifestou contra\u201d, afirmou.<\/span><\/p>\n<p style=\"text-align: justify;\"><span style=\"font-size: 14pt; font-family: arial, helvetica, sans-serif;\">A Opera\u00e7\u00e3o Vassalos segue em andamento. At\u00e9 o momento, os citados negam as acusa\u00e7\u00f5es, e o caso continua sob investiga\u00e7\u00e3o das autoridades federais.<\/span><\/p>\n","protected":false},"excerpt":{"rendered":"<p>O ex-prefeito de Petrolina e pr&eacute;-candidato ao Senado, Miguel Coelho (Uni&atilde;o Brasil), utilizou as redes sociais nesta sexta-feira (27) para se pronunciar ap&oacute;s ser alvo da Opera&ccedil;&atilde;o Vassalos, deflagrada nesta semana pela Pol&iacute;cia Federal. Em v&iacute;deo publicado em seu perfil, ele negou qualquer irregularidade, classificou a a&ccedil;&atilde;o como &ldquo;espalhafatosa&rdquo; e afirmou que n&atilde;o pretende recuar. &ldquo;N&atilde;o vamos nos intimidar por aqueles que querem manter Pernambuco no atraso&rdquo;, declarou o ex-prefeito. Al&eacute;m de Miguel, a opera&ccedil;&atilde;o tamb&eacute;m teve como alvos o ex-senador Fernando Bezerra Coelho e o deputado federal Fernando Filho (Uni&atilde;o Brasil), pai e irm&atilde;o do pr&eacute;-candidato. As investiga&ccedil;&otilde;es apuram &#8230; <\/p>\n<p class=\"read-more-container\"><a title=\"Miguel Coelho reage \u00e0 Opera\u00e7\u00e3o Vassalos, nega irregularidades e afirma que n\u00e3o vai recuar\" class=\"read-more button\" href=\"https:\/\/blogdojuniorcavalcanti.com.br\/index.php\/2026\/03\/01\/miguel-coelho-reage-a-operacao-vassalos-nega-irregularidades-e-afirma-que-nao-vai-recuar\/#more-53792\" aria-label=\"More on Miguel Coelho reage \u00e0 Opera\u00e7\u00e3o Vassalos, nega irregularidades e afirma que n\u00e3o vai recuar\">Leia mais<\/a><\/p>\n","protected":false},"author":2,"featured_media":53793,"comment_status":"open","ping_status":"open","sticky":false,"template":"","format":"standard","meta":{"footnotes":""},"categories":[25],"tags":[],"class_list":["post-53792","post","type-post","status-publish","format-standard","has-post-thumbnail","hentry","category-destaque","resize-featured-image"],"_links":{"self":[{"href":"https:\/\/blogdojuniorcavalcanti.com.br\/index.php\/wp-json\/wp\/v2\/posts\/53792","targetHints":{"allow":["GET"]}}],"collection":[{"href":"https:\/\/blogdojuniorcavalcanti.com.br\/index.php\/wp-json\/wp\/v2\/posts"}],"about":[{"href":"https:\/\/blogdojuniorcavalcanti.com.br\/index.php\/wp-json\/wp\/v2\/types\/post"}],"author":[{"embeddable":true,"href":"https:\/\/blogdojuniorcavalcanti.com.br\/index.php\/wp-json\/wp\/v2\/users\/2"}],"replies":[{"embeddable":true,"href":"https:\/\/blogdojuniorcavalcanti.com.br\/index.php\/wp-json\/wp\/v2\/comments?post=53792"}],"version-history":[{"count":1,"href":"https:\/\/blogdojuniorcavalcanti.com.br\/index.php\/wp-json\/wp\/v2\/posts\/53792\/revisions"}],"predecessor-version":[{"id":53794,"href":"https:\/\/blogdojuniorcavalcanti.com.br\/index.php\/wp-json\/wp\/v2\/posts\/53792\/revisions\/53794"}],"wp:featuredmedia":[{"embeddable":true,"href":"https:\/\/blogdojuniorcavalcanti.com.br\/index.php\/wp-json\/wp\/v2\/media\/53793"}],"wp:attachment":[{"href":"https:\/\/blogdojuniorcavalcanti.com.br\/index.php\/wp-json\/wp\/v2\/media?parent=53792"}],"wp:term":[{"taxonomy":"category","embeddable":true,"href":"https:\/\/blogdojuniorcavalcanti.com.br\/index.php\/wp-json\/wp\/v2\/categories?post=53792"},{"taxonomy":"post_tag","embeddable":true,"href":"https:\/\/blogdojuniorcavalcanti.com.br\/index.php\/wp-json\/wp\/v2\/tags?post=53792"}],"curies":[{"name":"wp","href":"https:\/\/api.w.org\/{rel}","templated":true}]}}