{"id":53959,"date":"2026-03-05T04:55:10","date_gmt":"2026-03-05T07:55:10","guid":{"rendered":"https:\/\/blogdojuniorcavalcanti.com.br\/?p=53959"},"modified":"2026-03-05T04:55:10","modified_gmt":"2026-03-05T07:55:10","slug":"23o-bpm-apreende-aparelho-de-som-por-perturbacao-do-sossego-em-afogados-da-ingazeira","status":"publish","type":"post","link":"https:\/\/blogdojuniorcavalcanti.com.br\/index.php\/2026\/03\/05\/23o-bpm-apreende-aparelho-de-som-por-perturbacao-do-sossego-em-afogados-da-ingazeira\/","title":{"rendered":"23\u00ba BPM apreende aparelho de som por perturba\u00e7\u00e3o do sossego em Afogados da Ingazeira"},"content":{"rendered":"<div style=\"text-align: justify;\"><span style=\"font-size: 14pt; font-family: arial, helvetica, sans-serif;\">Uma ocorr\u00eancia de perturba\u00e7\u00e3o do sossego foi registrada na ter\u00e7a-feira (03) no Bairro Padre Pedro Pereira, em Afogados da Ingazeira.<\/span><\/div>\n<p style=\"text-align: justify;\">\n<p style=\"text-align: justify;\"><span style=\"font-size: 14pt; font-family: arial, helvetica, sans-serif;\">De acordo com informa\u00e7\u00f5es do 23\u00ba BPM, o efetivo realizava patrulhamento ostensivo quando foi acionado pela Central de R\u00e1dio para averiguar uma den\u00fancia de som alto na localidade. Ao chegar ao endere\u00e7o informado, os policiais constataram que o envolvido, identificado pelas iniciais R.O.R., estava ingerindo bebida alco\u00f3lica e utilizando uma caixa de som da marca Philips em volume elevado.<\/span><\/p>\n<p style=\"text-align: justify;\"><span style=\"font-size: 14pt; font-family: arial, helvetica, sans-serif;\">O som excessivo estaria causando inc\u00f4modo aos vizinhos, caracterizando perturba\u00e7\u00e3o do sossego. Diante da situa\u00e7\u00e3o, os policiais apreenderam o aparelho de som e conduziram a ocorr\u00eancia \u00e0 Delegacia de Pol\u00edcia Civil (DPC) local, onde foram adotadas as medidas cab\u00edveis.<\/span><\/p>\n<p style=\"text-align: justify;\"><span style=\"font-size: 14pt; font-family: arial, helvetica, sans-serif;\">A Pol\u00edcia Militar refor\u00e7a que situa\u00e7\u00f5es de perturba\u00e7\u00e3o do sossego podem ser denunciadas por meio dos canais oficiais, contribuindo para a manuten\u00e7\u00e3o da ordem e do bem-estar coletivo.<\/span><\/p>\n","protected":false},"excerpt":{"rendered":"<p>Uma ocorr&ecirc;ncia de perturba&ccedil;&atilde;o do sossego foi registrada na ter&ccedil;a-feira (03) no Bairro Padre Pedro Pereira, em Afogados da Ingazeira. De acordo com informa&ccedil;&otilde;es do 23&ordm; BPM, o efetivo realizava patrulhamento ostensivo quando foi acionado pela Central de R&aacute;dio para averiguar uma den&uacute;ncia de som alto na localidade. Ao chegar ao endere&ccedil;o informado, os policiais constataram que o envolvido, identificado pelas iniciais R.O.R., estava ingerindo bebida alco&oacute;lica e utilizando uma caixa de som da marca Philips em volume elevado. O som excessivo estaria causando inc&ocirc;modo aos vizinhos, caracterizando perturba&ccedil;&atilde;o do sossego. Diante da situa&ccedil;&atilde;o, os policiais apreenderam o aparelho de &#8230; <\/p>\n<p class=\"read-more-container\"><a title=\"23\u00ba BPM apreende aparelho de som por perturba\u00e7\u00e3o do sossego em Afogados da Ingazeira\" class=\"read-more button\" href=\"https:\/\/blogdojuniorcavalcanti.com.br\/index.php\/2026\/03\/05\/23o-bpm-apreende-aparelho-de-som-por-perturbacao-do-sossego-em-afogados-da-ingazeira\/#more-53959\" aria-label=\"More on 23\u00ba BPM apreende aparelho de som por perturba\u00e7\u00e3o do sossego em Afogados da Ingazeira\">Leia mais<\/a><\/p>\n","protected":false},"author":2,"featured_media":53960,"comment_status":"open","ping_status":"open","sticky":false,"template":"","format":"standard","meta":{"footnotes":""},"categories":[29],"tags":[],"class_list":["post-53959","post","type-post","status-publish","format-standard","has-post-thumbnail","hentry","category-policial","resize-featured-image"],"_links":{"self":[{"href":"https:\/\/blogdojuniorcavalcanti.com.br\/index.php\/wp-json\/wp\/v2\/posts\/53959","targetHints":{"allow":["GET"]}}],"collection":[{"href":"https:\/\/blogdojuniorcavalcanti.com.br\/index.php\/wp-json\/wp\/v2\/posts"}],"about":[{"href":"https:\/\/blogdojuniorcavalcanti.com.br\/index.php\/wp-json\/wp\/v2\/types\/post"}],"author":[{"embeddable":true,"href":"https:\/\/blogdojuniorcavalcanti.com.br\/index.php\/wp-json\/wp\/v2\/users\/2"}],"replies":[{"embeddable":true,"href":"https:\/\/blogdojuniorcavalcanti.com.br\/index.php\/wp-json\/wp\/v2\/comments?post=53959"}],"version-history":[{"count":1,"href":"https:\/\/blogdojuniorcavalcanti.com.br\/index.php\/wp-json\/wp\/v2\/posts\/53959\/revisions"}],"predecessor-version":[{"id":53961,"href":"https:\/\/blogdojuniorcavalcanti.com.br\/index.php\/wp-json\/wp\/v2\/posts\/53959\/revisions\/53961"}],"wp:featuredmedia":[{"embeddable":true,"href":"https:\/\/blogdojuniorcavalcanti.com.br\/index.php\/wp-json\/wp\/v2\/media\/53960"}],"wp:attachment":[{"href":"https:\/\/blogdojuniorcavalcanti.com.br\/index.php\/wp-json\/wp\/v2\/media?parent=53959"}],"wp:term":[{"taxonomy":"category","embeddable":true,"href":"https:\/\/blogdojuniorcavalcanti.com.br\/index.php\/wp-json\/wp\/v2\/categories?post=53959"},{"taxonomy":"post_tag","embeddable":true,"href":"https:\/\/blogdojuniorcavalcanti.com.br\/index.php\/wp-json\/wp\/v2\/tags?post=53959"}],"curies":[{"name":"wp","href":"https:\/\/api.w.org\/{rel}","templated":true}]}}