{"id":54115,"date":"2026-03-09T06:32:09","date_gmt":"2026-03-09T09:32:09","guid":{"rendered":"https:\/\/blogdojuniorcavalcanti.com.br\/?p=54115"},"modified":"2026-03-09T06:32:09","modified_gmt":"2026-03-09T09:32:09","slug":"jamais-vou-fazer-prejulgamento-na-politica-afirma-joao-campos-sobre-miguel-coelho","status":"publish","type":"post","link":"https:\/\/blogdojuniorcavalcanti.com.br\/index.php\/2026\/03\/09\/jamais-vou-fazer-prejulgamento-na-politica-afirma-joao-campos-sobre-miguel-coelho\/","title":{"rendered":"\u201cJamais vou fazer prejulgamento na pol\u00edtica\u201d, afirma Jo\u00e3o Campos sobre Miguel Coelho"},"content":{"rendered":"<p style=\"text-align: justify;\"><span style=\"font-size: 14pt; font-family: arial, helvetica, sans-serif;\"><b><i>Prefeito do Recife ressaltou que o ex-prefeito de Petrolina e pr\u00e9-candidato ao Senado tem seu respeito<\/i><\/b><\/span><\/p>\n<p style=\"text-align: justify;\"><span style=\"font-size: 14pt; font-family: arial, helvetica, sans-serif;\"><b>Por Bet\u00e2nia Santana \/ Blog da Folha<\/b><\/span><\/p>\n<p style=\"text-align: justify;\"><span style=\"font-size: 14pt; font-family: arial, helvetica, sans-serif;\">Dez dias ap\u00f3s a opera\u00e7\u00e3o da Pol\u00edcia Federal que investiga um suposto esquema de desvio de recursos p\u00fablicos ligado a emendas parlamentares e a fraudes em processos licitat\u00f3rios, o pr\u00e9-candidato ao governo de Pernambuco e prefeito do Recife, Jo\u00e3o Campos (PSB), saiu em defesa do nome do presidente do Uni\u00e3o Brasil no estado e pr\u00e9-candidato ao Senado, Miguel Coelho.<\/span><\/p>\n<p style=\"text-align: justify;\"><span style=\"font-size: 14pt; font-family: arial, helvetica, sans-serif;\">\u201cEu jamais vou fazer prejulgamento na pol\u00edtica. Acho que se a gente prejulga qualquer pessoa, qualquer ato, a gente corre um s\u00e9rio risco de cometer uma injusti\u00e7a\u201d, declarou o prefeito, ao ser questionado se o nome de Miguel Coelho continuava em sua lista de op\u00e7\u00f5es a uma das vagas para o Senado.<\/span><\/p>\n<p style=\"text-align: justify;\"><span style=\"font-size: 14pt; font-family: arial, helvetica, sans-serif;\">Jo\u00e3o Campos conversou com a imprensa na manh\u00e3 desta sexta-feira (6), minutos antes de inaugurar a primeira etapa do Parque Linear do Rio Pina, na Vila Icapu\u00ed, no bairro do Pina, Zona Sul do Recife.<\/span><\/p>\n<p style=\"text-align: justify;\"><span style=\"font-size: 14pt; font-family: arial, helvetica, sans-serif;\"><b>Opera\u00e7\u00e3o Vassalos<\/b><\/span><\/p>\n<p style=\"text-align: justify;\"><span style=\"font-size: 14pt; font-family: arial, helvetica, sans-serif;\">A opera\u00e7\u00e3o da Pol\u00edcia Federal foi realizada no dia 25 de fevereiro e batizada de Vassalos. \u201cEu n\u00e3o tenho nenhuma d\u00favida de que Miguel \u00e9 uma pessoa preparada, foi um grande prefeito de Petrolina, tem capacidade pol\u00edtica, de gest\u00e3o, \u00e9 presidente de um grande partido, o Uni\u00e3o Brasil\u201d, pontuou.<\/span><\/p>\n<p style=\"text-align: justify;\"><span style=\"font-size: 14pt; font-family: arial, helvetica, sans-serif;\">Jo\u00e3o Campos destacou ainda que Miguel Coelho foi prefeito de Petrolina e saiu com 90% de aprova\u00e7\u00e3o. \u201cE o principal: o povo que ele governou sempre o aprovou, inclusive, aprova no dia de hoje. E o que eu posso dizer \u00e9 que Miguel conta com o meu respeito\u201d, enfatizou.<\/span><\/p>\n<p style=\"text-align: justify;\"><span style=\"font-size: 14pt; font-family: arial, helvetica, sans-serif;\">Miguel Coelho e seu grupo s\u00e3o fortes no Sert\u00e3o, principalmente no Sert\u00e3o do S\u00e3o Francisco. Pela relev\u00e2ncia pol\u00edtica e pelo potencial eleitoral, os Coelho n\u00e3o devem ser preteridos. Na composi\u00e7\u00e3o da chapa, o nome de Miguel Coelho \u00e9 considerado uma das op\u00e7\u00f5es para as vagas do Senado.<\/span><\/p>\n","protected":false},"excerpt":{"rendered":"<p>Prefeito do Recife ressaltou que o ex-prefeito de Petrolina e pr&eacute;-candidato ao Senado tem seu respeito Por Bet&acirc;nia Santana \/ Blog da Folha Dez dias ap&oacute;s a opera&ccedil;&atilde;o da Pol&iacute;cia Federal que investiga um suposto esquema de desvio de recursos p&uacute;blicos ligado a emendas parlamentares e a fraudes em processos licitat&oacute;rios, o pr&eacute;-candidato ao governo de Pernambuco e prefeito do Recife, Jo&atilde;o Campos (PSB), saiu em defesa do nome do presidente do Uni&atilde;o Brasil no estado e pr&eacute;-candidato ao Senado, Miguel Coelho. &ldquo;Eu jamais vou fazer prejulgamento na pol&iacute;tica. Acho que se a gente prejulga qualquer pessoa, qualquer ato, a &#8230; <\/p>\n<p class=\"read-more-container\"><a title=\"\u201cJamais vou fazer prejulgamento na pol\u00edtica\u201d, afirma Jo\u00e3o Campos sobre Miguel Coelho\" class=\"read-more button\" href=\"https:\/\/blogdojuniorcavalcanti.com.br\/index.php\/2026\/03\/09\/jamais-vou-fazer-prejulgamento-na-politica-afirma-joao-campos-sobre-miguel-coelho\/#more-54115\" aria-label=\"More on \u201cJamais vou fazer prejulgamento na pol\u00edtica\u201d, afirma Jo\u00e3o Campos sobre Miguel Coelho\">Leia mais<\/a><\/p>\n","protected":false},"author":2,"featured_media":54116,"comment_status":"open","ping_status":"open","sticky":false,"template":"","format":"standard","meta":{"footnotes":""},"categories":[27],"tags":[],"class_list":["post-54115","post","type-post","status-publish","format-standard","has-post-thumbnail","hentry","category-politica","resize-featured-image"],"_links":{"self":[{"href":"https:\/\/blogdojuniorcavalcanti.com.br\/index.php\/wp-json\/wp\/v2\/posts\/54115","targetHints":{"allow":["GET"]}}],"collection":[{"href":"https:\/\/blogdojuniorcavalcanti.com.br\/index.php\/wp-json\/wp\/v2\/posts"}],"about":[{"href":"https:\/\/blogdojuniorcavalcanti.com.br\/index.php\/wp-json\/wp\/v2\/types\/post"}],"author":[{"embeddable":true,"href":"https:\/\/blogdojuniorcavalcanti.com.br\/index.php\/wp-json\/wp\/v2\/users\/2"}],"replies":[{"embeddable":true,"href":"https:\/\/blogdojuniorcavalcanti.com.br\/index.php\/wp-json\/wp\/v2\/comments?post=54115"}],"version-history":[{"count":1,"href":"https:\/\/blogdojuniorcavalcanti.com.br\/index.php\/wp-json\/wp\/v2\/posts\/54115\/revisions"}],"predecessor-version":[{"id":54117,"href":"https:\/\/blogdojuniorcavalcanti.com.br\/index.php\/wp-json\/wp\/v2\/posts\/54115\/revisions\/54117"}],"wp:featuredmedia":[{"embeddable":true,"href":"https:\/\/blogdojuniorcavalcanti.com.br\/index.php\/wp-json\/wp\/v2\/media\/54116"}],"wp:attachment":[{"href":"https:\/\/blogdojuniorcavalcanti.com.br\/index.php\/wp-json\/wp\/v2\/media?parent=54115"}],"wp:term":[{"taxonomy":"category","embeddable":true,"href":"https:\/\/blogdojuniorcavalcanti.com.br\/index.php\/wp-json\/wp\/v2\/categories?post=54115"},{"taxonomy":"post_tag","embeddable":true,"href":"https:\/\/blogdojuniorcavalcanti.com.br\/index.php\/wp-json\/wp\/v2\/tags?post=54115"}],"curies":[{"name":"wp","href":"https:\/\/api.w.org\/{rel}","templated":true}]}}