{"id":54253,"date":"2026-03-13T18:36:44","date_gmt":"2026-03-13T21:36:44","guid":{"rendered":"https:\/\/blogdojuniorcavalcanti.com.br\/?p=54253"},"modified":"2026-03-13T18:36:44","modified_gmt":"2026-03-13T21:36:44","slug":"merenda-sandrinho-anuncia-ampliacao-da-compra-direta-da-agricultura-familiar","status":"publish","type":"post","link":"https:\/\/blogdojuniorcavalcanti.com.br\/index.php\/2026\/03\/13\/merenda-sandrinho-anuncia-ampliacao-da-compra-direta-da-agricultura-familiar\/","title":{"rendered":"Merenda: Sandrinho anuncia amplia\u00e7\u00e3o da compra direta da agricultura familiar"},"content":{"rendered":"<p style=\"text-align: justify;\"><span style=\"font-size: 14pt; font-family: arial, helvetica, sans-serif;\">Em reuni\u00e3o com os agricultores que fornecem alimentos para a merenda escolar, o Prefeito de Afogados, Sandrinho Palmeira, anunciou um aporte adicional de R$ 60 mil na contrapartida da Prefeitura para o PNAE \u2013 Programa Nacional de Alimenta\u00e7\u00e3o Escolar, do Governo Federal. A experi\u00eancia de Afogados recebeu o pr\u00eamio de boas pr\u00e1ticas no 7o Congresso da Amupe, em 2024.<\/span><\/p>\n<p style=\"text-align: justify;\"><span style=\"font-size: 14pt; font-family: arial, helvetica, sans-serif;\">O an\u00fancio foi feito na manh\u00e3 desta sexta (13), na antiga Cagepe, durante reuni\u00e3o com os agricultores familiares de Afogados que vendem seus produtos para a merenda escolar. Dentre os produtos adquiridos est\u00e3o frutas, verduras, legumes e carnes.<\/span><\/p>\n<p style=\"text-align: justify;\"><span style=\"font-size: 14pt; font-family: arial, helvetica, sans-serif;\">A compra direta em Afogados, via PNAE, beneficia 115 agricultores familiares, e leva comida de qualidade para a merenda de mais de seis mil alunos.<\/span><\/p>\n<p style=\"text-align: justify;\"><span style=\"font-size: 14pt; font-family: arial, helvetica, sans-serif;\">\u201cInvestir na agricultura familiar \u00e9 fortalecer um elo importante da nossa economia, ajudando nossos agricultores e levando comida saud\u00e1vel, de qualidade, para a mesa de nossos alunos. E agora vamos ampliar em mais R$ 60 mil, o aporte da Prefeitura para a aquisi\u00e7\u00e3o dos produtos dos nossos agricultores,\u201d destacou o Prefeito Sandrinho Palmeira. Na reuni\u00e3o, ele esteve acompanhado do vice-prefeito, Daniel Valadares, do secret\u00e1rio municipal de agricultura, Valberto Amaral, e de Kaline Queiroz, coordenadora municipal do PNAE.<\/span><\/p>\n","protected":false},"excerpt":{"rendered":"<p>Em reuni&atilde;o com os agricultores que fornecem alimentos para a merenda escolar, o Prefeito de Afogados, Sandrinho Palmeira, anunciou um aporte adicional de R$ 60 mil na contrapartida da Prefeitura para o PNAE &ndash; Programa Nacional de Alimenta&ccedil;&atilde;o Escolar, do Governo Federal. A experi&ecirc;ncia de Afogados recebeu o pr&ecirc;mio de boas pr&aacute;ticas no 7o Congresso da Amupe, em 2024. O an&uacute;ncio foi feito na manh&atilde; desta sexta (13), na antiga Cagepe, durante reuni&atilde;o com os agricultores familiares de Afogados que vendem seus produtos para a merenda escolar. Dentre os produtos adquiridos est&atilde;o frutas, verduras, legumes e carnes. A compra direta &#8230; <\/p>\n<p class=\"read-more-container\"><a title=\"Merenda: Sandrinho anuncia amplia\u00e7\u00e3o da compra direta da agricultura familiar\" class=\"read-more button\" href=\"https:\/\/blogdojuniorcavalcanti.com.br\/index.php\/2026\/03\/13\/merenda-sandrinho-anuncia-ampliacao-da-compra-direta-da-agricultura-familiar\/#more-54253\" aria-label=\"More on Merenda: Sandrinho anuncia amplia\u00e7\u00e3o da compra direta da agricultura familiar\">Leia mais<\/a><\/p>\n","protected":false},"author":2,"featured_media":54254,"comment_status":"open","ping_status":"open","sticky":false,"template":"","format":"standard","meta":{"footnotes":""},"categories":[25],"tags":[],"class_list":["post-54253","post","type-post","status-publish","format-standard","has-post-thumbnail","hentry","category-destaque","resize-featured-image"],"_links":{"self":[{"href":"https:\/\/blogdojuniorcavalcanti.com.br\/index.php\/wp-json\/wp\/v2\/posts\/54253","targetHints":{"allow":["GET"]}}],"collection":[{"href":"https:\/\/blogdojuniorcavalcanti.com.br\/index.php\/wp-json\/wp\/v2\/posts"}],"about":[{"href":"https:\/\/blogdojuniorcavalcanti.com.br\/index.php\/wp-json\/wp\/v2\/types\/post"}],"author":[{"embeddable":true,"href":"https:\/\/blogdojuniorcavalcanti.com.br\/index.php\/wp-json\/wp\/v2\/users\/2"}],"replies":[{"embeddable":true,"href":"https:\/\/blogdojuniorcavalcanti.com.br\/index.php\/wp-json\/wp\/v2\/comments?post=54253"}],"version-history":[{"count":1,"href":"https:\/\/blogdojuniorcavalcanti.com.br\/index.php\/wp-json\/wp\/v2\/posts\/54253\/revisions"}],"predecessor-version":[{"id":54255,"href":"https:\/\/blogdojuniorcavalcanti.com.br\/index.php\/wp-json\/wp\/v2\/posts\/54253\/revisions\/54255"}],"wp:featuredmedia":[{"embeddable":true,"href":"https:\/\/blogdojuniorcavalcanti.com.br\/index.php\/wp-json\/wp\/v2\/media\/54254"}],"wp:attachment":[{"href":"https:\/\/blogdojuniorcavalcanti.com.br\/index.php\/wp-json\/wp\/v2\/media?parent=54253"}],"wp:term":[{"taxonomy":"category","embeddable":true,"href":"https:\/\/blogdojuniorcavalcanti.com.br\/index.php\/wp-json\/wp\/v2\/categories?post=54253"},{"taxonomy":"post_tag","embeddable":true,"href":"https:\/\/blogdojuniorcavalcanti.com.br\/index.php\/wp-json\/wp\/v2\/tags?post=54253"}],"curies":[{"name":"wp","href":"https:\/\/api.w.org\/{rel}","templated":true}]}}