{"id":54259,"date":"2026-03-13T18:38:06","date_gmt":"2026-03-13T21:38:06","guid":{"rendered":"https:\/\/blogdojuniorcavalcanti.com.br\/?p=54259"},"modified":"2026-03-13T18:38:06","modified_gmt":"2026-03-13T21:38:06","slug":"amupe-e-tce-pe-discutem-parcerias-para-fortelecer-os-municipios","status":"publish","type":"post","link":"https:\/\/blogdojuniorcavalcanti.com.br\/index.php\/2026\/03\/13\/amupe-e-tce-pe-discutem-parcerias-para-fortelecer-os-municipios\/","title":{"rendered":"Amupe e TCE\/PE discutem parcerias para fortelecer os munic\u00edpios"},"content":{"rendered":"<p style=\"text-align: justify;\"><span style=\"font-size: 14pt; font-family: arial, helvetica, sans-serif;\">O presidente da Associa\u00e7\u00e3o Municipalista de Pernambuco (Amupe), Marcelo Gouveia, acompanhado do vice-presidente da entidade e prefeito de Alian\u00e7a, Pedro Freitas, participou nesta quinta-feira (12) de uma reuni\u00e3o com o presidente do Tribunal de Contas do Estado de Pernambuco (TCE-PE), Carlos Neves. O encontro teve como objetivo discutir temas de interesse dos munic\u00edpios pernambucanos e refor\u00e7ar o di\u00e1logo institucional entre a Amupe e o Tribunal.<\/span><\/p>\n<p style=\"text-align: justify;\"><span style=\"font-size: 14pt; font-family: arial, helvetica, sans-serif;\">Na ocasi\u00e3o, Marcelo Gouveia e Pedro Freitas convidaram o presidente do TCE\/PE para participar da assembleia de posse do novo presidente da Amupe, Pedro Freitas, que assumir\u00e1 o comando da entidade no pr\u00f3ximo dia 17 de mar\u00e7o.<\/span><\/p>\n<p style=\"text-align: justify;\"><span style=\"font-size: 14pt; font-family: arial, helvetica, sans-serif;\">Durante a assembleia, o TCE\/PE tamb\u00e9m trar\u00e1 esclarecimentos sobre a quest\u00e3o de pagamento de cach\u00eas art\u00edsticos em eventos promovidos pelos munic\u00edpios, pauta que vem sendo acompanhada pela Amupe e que tamb\u00e9m envolve orienta\u00e7\u00f5es do Tribunal para garantir transpar\u00eancia e adequa\u00e7\u00e3o aos normativos vigentes.<\/span><\/p>\n<p style=\"text-align: justify;\"><span style=\"font-size: 14pt; font-family: arial, helvetica, sans-serif;\">O TCE\/PE tamb\u00e9m participar\u00e1 do congresso da Amupe, a ser realizado nos dias 27 e 28 de abril, no Recife Expo Center. \u201cO encontro institucional refor\u00e7a a parceria entre as institui\u00e7\u00f5es na busca por orienta\u00e7\u00f5es e solu\u00e7\u00f5es que auxiliem a gest\u00e3o p\u00fablica municipal em Pernambuco. A Amupe e o TCE\/PE seguir\u00e3o trabalhando juntos para fortalecer cada vez mais os munic\u00edpios pernambucano\u201d, frisou o presidente Marcelo Gouveia.<\/span><\/p>\n","protected":false},"excerpt":{"rendered":"<p>O presidente da Associa&ccedil;&atilde;o Municipalista de Pernambuco (Amupe), Marcelo Gouveia, acompanhado do vice-presidente da entidade e prefeito de Alian&ccedil;a, Pedro Freitas, participou nesta quinta-feira (12) de uma reuni&atilde;o com o presidente do Tribunal de Contas do Estado de Pernambuco (TCE-PE), Carlos Neves. O encontro teve como objetivo discutir temas de interesse dos munic&iacute;pios pernambucanos e refor&ccedil;ar o di&aacute;logo institucional entre a Amupe e o Tribunal. Na ocasi&atilde;o, Marcelo Gouveia e Pedro Freitas convidaram o presidente do TCE\/PE para participar da assembleia de posse do novo presidente da Amupe, Pedro Freitas, que assumir&aacute; o comando da entidade no pr&oacute;ximo dia 17 &#8230; <\/p>\n<p class=\"read-more-container\"><a title=\"Amupe e TCE\/PE discutem parcerias para fortelecer os munic\u00edpios\" class=\"read-more button\" href=\"https:\/\/blogdojuniorcavalcanti.com.br\/index.php\/2026\/03\/13\/amupe-e-tce-pe-discutem-parcerias-para-fortelecer-os-municipios\/#more-54259\" aria-label=\"More on Amupe e TCE\/PE discutem parcerias para fortelecer os munic\u00edpios\">Leia mais<\/a><\/p>\n","protected":false},"author":2,"featured_media":54260,"comment_status":"open","ping_status":"open","sticky":false,"template":"","format":"standard","meta":{"footnotes":""},"categories":[25],"tags":[],"class_list":["post-54259","post","type-post","status-publish","format-standard","has-post-thumbnail","hentry","category-destaque","resize-featured-image"],"_links":{"self":[{"href":"https:\/\/blogdojuniorcavalcanti.com.br\/index.php\/wp-json\/wp\/v2\/posts\/54259","targetHints":{"allow":["GET"]}}],"collection":[{"href":"https:\/\/blogdojuniorcavalcanti.com.br\/index.php\/wp-json\/wp\/v2\/posts"}],"about":[{"href":"https:\/\/blogdojuniorcavalcanti.com.br\/index.php\/wp-json\/wp\/v2\/types\/post"}],"author":[{"embeddable":true,"href":"https:\/\/blogdojuniorcavalcanti.com.br\/index.php\/wp-json\/wp\/v2\/users\/2"}],"replies":[{"embeddable":true,"href":"https:\/\/blogdojuniorcavalcanti.com.br\/index.php\/wp-json\/wp\/v2\/comments?post=54259"}],"version-history":[{"count":1,"href":"https:\/\/blogdojuniorcavalcanti.com.br\/index.php\/wp-json\/wp\/v2\/posts\/54259\/revisions"}],"predecessor-version":[{"id":54261,"href":"https:\/\/blogdojuniorcavalcanti.com.br\/index.php\/wp-json\/wp\/v2\/posts\/54259\/revisions\/54261"}],"wp:featuredmedia":[{"embeddable":true,"href":"https:\/\/blogdojuniorcavalcanti.com.br\/index.php\/wp-json\/wp\/v2\/media\/54260"}],"wp:attachment":[{"href":"https:\/\/blogdojuniorcavalcanti.com.br\/index.php\/wp-json\/wp\/v2\/media?parent=54259"}],"wp:term":[{"taxonomy":"category","embeddable":true,"href":"https:\/\/blogdojuniorcavalcanti.com.br\/index.php\/wp-json\/wp\/v2\/categories?post=54259"},{"taxonomy":"post_tag","embeddable":true,"href":"https:\/\/blogdojuniorcavalcanti.com.br\/index.php\/wp-json\/wp\/v2\/tags?post=54259"}],"curies":[{"name":"wp","href":"https:\/\/api.w.org\/{rel}","templated":true}]}}