{"id":54486,"date":"2026-03-19T01:00:40","date_gmt":"2026-03-19T04:00:40","guid":{"rendered":"https:\/\/blogdojuniorcavalcanti.com.br\/?p=54486"},"modified":"2026-03-18T20:01:22","modified_gmt":"2026-03-18T23:01:22","slug":"azedou-o-clima-entre-zeca-e-luciano-pacheco-em-arcoverde","status":"publish","type":"post","link":"https:\/\/blogdojuniorcavalcanti.com.br\/index.php\/2026\/03\/19\/azedou-o-clima-entre-zeca-e-luciano-pacheco-em-arcoverde\/","title":{"rendered":"Azedou o clima entre Zeca e Luciano Pacheco em Arcoverde"},"content":{"rendered":"<p style=\"text-align: justify;\"><span style=\"font-size: 14pt; font-family: arial, helvetica, sans-serif;\">A cria\u00e7\u00e3o da bolsa de R$ 150,00 para estudantes da Educa\u00e7\u00e3o de Jovens e Adultos (EJA) do munic\u00edpio virou o novo epicentro de uma disputa de narrativas entre o prefeito, Zeca Cavalcanti, e o presidente da C\u00e2mara, Luciano Pacheco.<\/span><\/p>\n<p style=\"text-align: justify;\"><span style=\"font-size: 14pt; font-family: arial, helvetica, sans-serif;\">\u200bDe um lado, a busca pelo protagonismo do projeto; do outro, a defesa da autoria intelectual e pol\u00edtica da medida.<\/span><\/p>\n<p style=\"text-align: justify;\"><span style=\"font-size: 14pt; font-family: arial, helvetica, sans-serif;\">No coment\u00e1rio para o Jornal Itapuama desta quarta-feira (18), detalho os bastidores dessa \u201cguerra das notas\u201d e analiso como essa disputa reflete as movimenta\u00e7\u00f5es para o cen\u00e1rio eleitoral que se aproxima.<\/span><\/p>\n","protected":false},"excerpt":{"rendered":"<p>A cria&ccedil;&atilde;o da bolsa de R$ 150,00 para estudantes da Educa&ccedil;&atilde;o de Jovens e Adultos (EJA) do munic&iacute;pio virou o novo epicentro de uma disputa de narrativas entre o prefeito, Zeca Cavalcanti, e o presidente da C&acirc;mara, Luciano Pacheco. &#8203;De um lado, a busca pelo protagonismo do projeto; do outro, a defesa da autoria intelectual e pol&iacute;tica da medida. No coment&aacute;rio para o Jornal Itapuama desta quarta-feira (18), detalho os bastidores dessa &ldquo;guerra das notas&rdquo; e analiso como essa disputa reflete as movimenta&ccedil;&otilde;es para o cen&aacute;rio eleitoral que se aproxima.<\/p>\n","protected":false},"author":2,"featured_media":54487,"comment_status":"open","ping_status":"open","sticky":false,"template":"","format":"standard","meta":{"footnotes":""},"categories":[27],"tags":[],"class_list":["post-54486","post","type-post","status-publish","format-standard","has-post-thumbnail","hentry","category-politica","resize-featured-image"],"_links":{"self":[{"href":"https:\/\/blogdojuniorcavalcanti.com.br\/index.php\/wp-json\/wp\/v2\/posts\/54486","targetHints":{"allow":["GET"]}}],"collection":[{"href":"https:\/\/blogdojuniorcavalcanti.com.br\/index.php\/wp-json\/wp\/v2\/posts"}],"about":[{"href":"https:\/\/blogdojuniorcavalcanti.com.br\/index.php\/wp-json\/wp\/v2\/types\/post"}],"author":[{"embeddable":true,"href":"https:\/\/blogdojuniorcavalcanti.com.br\/index.php\/wp-json\/wp\/v2\/users\/2"}],"replies":[{"embeddable":true,"href":"https:\/\/blogdojuniorcavalcanti.com.br\/index.php\/wp-json\/wp\/v2\/comments?post=54486"}],"version-history":[{"count":1,"href":"https:\/\/blogdojuniorcavalcanti.com.br\/index.php\/wp-json\/wp\/v2\/posts\/54486\/revisions"}],"predecessor-version":[{"id":54488,"href":"https:\/\/blogdojuniorcavalcanti.com.br\/index.php\/wp-json\/wp\/v2\/posts\/54486\/revisions\/54488"}],"wp:featuredmedia":[{"embeddable":true,"href":"https:\/\/blogdojuniorcavalcanti.com.br\/index.php\/wp-json\/wp\/v2\/media\/54487"}],"wp:attachment":[{"href":"https:\/\/blogdojuniorcavalcanti.com.br\/index.php\/wp-json\/wp\/v2\/media?parent=54486"}],"wp:term":[{"taxonomy":"category","embeddable":true,"href":"https:\/\/blogdojuniorcavalcanti.com.br\/index.php\/wp-json\/wp\/v2\/categories?post=54486"},{"taxonomy":"post_tag","embeddable":true,"href":"https:\/\/blogdojuniorcavalcanti.com.br\/index.php\/wp-json\/wp\/v2\/tags?post=54486"}],"curies":[{"name":"wp","href":"https:\/\/api.w.org\/{rel}","templated":true}]}}