{"id":54514,"date":"2026-03-19T04:55:36","date_gmt":"2026-03-19T07:55:36","guid":{"rendered":"https:\/\/blogdojuniorcavalcanti.com.br\/?p=54514"},"modified":"2026-03-19T04:55:36","modified_gmt":"2026-03-19T07:55:36","slug":"governadora-raquel-lyra-anuncia-apoio-de-miguel-coelho-e-do-uniao-brasil","status":"publish","type":"post","link":"https:\/\/blogdojuniorcavalcanti.com.br\/index.php\/2026\/03\/19\/governadora-raquel-lyra-anuncia-apoio-de-miguel-coelho-e-do-uniao-brasil\/","title":{"rendered":"Governadora Raquel Lyra anuncia apoio de Miguel Coelho e do Uni\u00e3o Brasil"},"content":{"rendered":"<div style=\"text-align: justify;\"><span style=\"font-size: 14pt; font-family: arial, helvetica, sans-serif;\">Na noite desta quarta-feira, 18 de mar\u00e7o, a governadora de Pernambuco, Raquel Lyra, anunciou oficialmente o apoio do ex-prefeito de Petrolina, Miguel Coelho, e do partido Uni\u00e3o Brasil. A confirma\u00e7\u00e3o foi feita por meio das redes sociais da governadora, marcando um passo importante para fortalecer sua base pol\u00edtica no estado.<\/span><\/div>\n<p style=\"text-align: justify;\">\n<p style=\"text-align: justify;\"><span style=\"font-size: 14pt; font-family: arial, helvetica, sans-serif;\">Em sua publica\u00e7\u00e3o, Raquel Lyra destacou a import\u00e2ncia da uni\u00e3o de for\u00e7as para o desenvolvimento de Pernambuco:<\/span><\/p>\n<p style=\"text-align: justify;\"><span style=\"font-size: 14pt; font-family: arial, helvetica, sans-serif;\">\u201cNingu\u00e9m governa sozinho. Desde o primeiro dia, trabalhamos com responsabilidade para recolocar Pernambuco no caminho do desenvolvimento, garantindo dignidade e servi\u00e7os p\u00fablicos de qualidade. Hoje, os avan\u00e7os s\u00e3o concretos, com resultados s\u00f3lidos, fruto de planejamento e compromisso com o futuro do nosso estado.<\/span><\/p>\n<p style=\"text-align: justify;\"><span style=\"font-size: 14pt; font-family: arial, helvetica, sans-serif;\">Para acelerar ainda mais esse ritmo, \u00e9 essencial unir for\u00e7as. E hoje recebo, com confian\u00e7a, o apoio do @uniaobrasil44, que chega para somar a esse prop\u00f3sito de fazer nosso estado crescer e transformar a vida de todos os pernambucanos. Esta \u00e9 uma alian\u00e7a constru\u00edda com clareza, responsabilidade e compromisso com o futuro de Pernambuco.\u201d<\/span><\/p>\n<p style=\"text-align: justify;\"><span style=\"font-size: 14pt; font-family: arial, helvetica, sans-serif;\">A alian\u00e7a entre Raquel Lyra, Miguel Coelho e o Uni\u00e3o Brasil sinaliza uma articula\u00e7\u00e3o estrat\u00e9gica para os pr\u00f3ximos desafios pol\u00edticos do estado, com foco em consolidar pol\u00edticas p\u00fablicas eficientes e fortalecer o desenvolvimento regional.<\/span><\/p>\n<p style=\"text-align: justify;\"><span style=\"font-size: 14pt; font-family: arial, helvetica, sans-serif;\">Com essa parceria, a governadora refor\u00e7a seu compromisso com uma gest\u00e3o planejada e voltada para resultados, buscando ampliar o impacto de suas a\u00e7\u00f5es em toda a popula\u00e7\u00e3o pernambucana.<\/span><\/p>\n","protected":false},"excerpt":{"rendered":"<p>Na noite desta quarta-feira, 18 de mar&ccedil;o, a governadora de Pernambuco, Raquel Lyra, anunciou oficialmente o apoio do ex-prefeito de Petrolina, Miguel Coelho, e do partido Uni&atilde;o Brasil. A confirma&ccedil;&atilde;o foi feita por meio das redes sociais da governadora, marcando um passo importante para fortalecer sua base pol&iacute;tica no estado. Em sua publica&ccedil;&atilde;o, Raquel Lyra destacou a import&acirc;ncia da uni&atilde;o de for&ccedil;as para o desenvolvimento de Pernambuco: &ldquo;Ningu&eacute;m governa sozinho. Desde o primeiro dia, trabalhamos com responsabilidade para recolocar Pernambuco no caminho do desenvolvimento, garantindo dignidade e servi&ccedil;os p&uacute;blicos de qualidade. Hoje, os avan&ccedil;os s&atilde;o concretos, com resultados s&oacute;lidos, fruto &#8230; <\/p>\n<p class=\"read-more-container\"><a title=\"Governadora Raquel Lyra anuncia apoio de Miguel Coelho e do Uni\u00e3o Brasil\" class=\"read-more button\" href=\"https:\/\/blogdojuniorcavalcanti.com.br\/index.php\/2026\/03\/19\/governadora-raquel-lyra-anuncia-apoio-de-miguel-coelho-e-do-uniao-brasil\/#more-54514\" aria-label=\"More on Governadora Raquel Lyra anuncia apoio de Miguel Coelho e do Uni\u00e3o Brasil\">Leia mais<\/a><\/p>\n","protected":false},"author":2,"featured_media":54515,"comment_status":"open","ping_status":"open","sticky":false,"template":"","format":"standard","meta":{"footnotes":""},"categories":[38],"tags":[],"class_list":["post-54514","post","type-post","status-publish","format-standard","has-post-thumbnail","hentry","category-pernambuco","resize-featured-image"],"_links":{"self":[{"href":"https:\/\/blogdojuniorcavalcanti.com.br\/index.php\/wp-json\/wp\/v2\/posts\/54514","targetHints":{"allow":["GET"]}}],"collection":[{"href":"https:\/\/blogdojuniorcavalcanti.com.br\/index.php\/wp-json\/wp\/v2\/posts"}],"about":[{"href":"https:\/\/blogdojuniorcavalcanti.com.br\/index.php\/wp-json\/wp\/v2\/types\/post"}],"author":[{"embeddable":true,"href":"https:\/\/blogdojuniorcavalcanti.com.br\/index.php\/wp-json\/wp\/v2\/users\/2"}],"replies":[{"embeddable":true,"href":"https:\/\/blogdojuniorcavalcanti.com.br\/index.php\/wp-json\/wp\/v2\/comments?post=54514"}],"version-history":[{"count":1,"href":"https:\/\/blogdojuniorcavalcanti.com.br\/index.php\/wp-json\/wp\/v2\/posts\/54514\/revisions"}],"predecessor-version":[{"id":54516,"href":"https:\/\/blogdojuniorcavalcanti.com.br\/index.php\/wp-json\/wp\/v2\/posts\/54514\/revisions\/54516"}],"wp:featuredmedia":[{"embeddable":true,"href":"https:\/\/blogdojuniorcavalcanti.com.br\/index.php\/wp-json\/wp\/v2\/media\/54515"}],"wp:attachment":[{"href":"https:\/\/blogdojuniorcavalcanti.com.br\/index.php\/wp-json\/wp\/v2\/media?parent=54514"}],"wp:term":[{"taxonomy":"category","embeddable":true,"href":"https:\/\/blogdojuniorcavalcanti.com.br\/index.php\/wp-json\/wp\/v2\/categories?post=54514"},{"taxonomy":"post_tag","embeddable":true,"href":"https:\/\/blogdojuniorcavalcanti.com.br\/index.php\/wp-json\/wp\/v2\/tags?post=54514"}],"curies":[{"name":"wp","href":"https:\/\/api.w.org\/{rel}","templated":true}]}}