{"id":54537,"date":"2026-03-20T01:00:53","date_gmt":"2026-03-20T04:00:53","guid":{"rendered":"https:\/\/blogdojuniorcavalcanti.com.br\/?p=54537"},"modified":"2026-03-19T17:32:33","modified_gmt":"2026-03-19T20:32:33","slug":"politica-pequena-para-servir-a-caciques-e-coroneis-nao-e-nossa-pratica-dispara-carlos-veras","status":"publish","type":"post","link":"https:\/\/blogdojuniorcavalcanti.com.br\/index.php\/2026\/03\/20\/politica-pequena-para-servir-a-caciques-e-coroneis-nao-e-nossa-pratica-dispara-carlos-veras\/","title":{"rendered":"\u201cPol\u00edtica pequena para servir a caciques e coron\u00e9is n\u00e3o \u00e9 nossa pr\u00e1tica\u201d, dispara Carlos Veras"},"content":{"rendered":"<p style=\"text-align: justify;\"><span style=\"font-size: 14pt; font-family: arial, helvetica, sans-serif;\">O deputado federal Carlos Veras (PT) comentou, nesta quinta-feira (19), a visita da governadora Raquel Lyra ao Sert\u00e3o do Paje\u00fa, com passagem por Tabira. A declara\u00e7\u00e3o foi dada ao programa\u00a0<b>A Tarde \u00e9 Sua<\/b>, da\u00a0<b>R\u00e1dio Paje\u00fa<\/b>, no quadro\u00a0<b>Radar das Treze<\/b>, apresentado por Micheli Martins e Alyson Nascimento.<\/span><\/p>\n<p style=\"text-align: justify;\"><span style=\"font-size: 14pt; font-family: arial, helvetica, sans-serif;\">Ap\u00f3s repercuss\u00e3o de sua fala durante a agenda da governadora, Veras respondeu a cr\u00edticas de lideran\u00e7as pol\u00edticas da regi\u00e3o, principalmente do ex-prefeito de Carna\u00edba, Anchieta Patriota (PSB). O parlamentar afirmou que sua postura foi de respeito institucional e de reconhecimento \u00e0s a\u00e7\u00f5es do Governo do Estado voltadas \u00e0 popula\u00e7\u00e3o.<\/span><\/p>\n<p style=\"text-align: justify;\"><span style=\"font-size: 14pt; font-family: arial, helvetica, sans-serif;\">Segundo ele, o momento n\u00e3o \u00e9 eleitoral e a rela\u00e7\u00e3o entre gestores deve priorizar o interesse p\u00fablico.<\/span><\/p>\n<p style=\"text-align: justify;\"><span style=\"font-size: 14pt; font-family: arial, helvetica, sans-serif;\">\u201cPrimeiro, ela \u00e9 governadora do estado. N\u00f3s n\u00e3o estamos em processo eleitoral. Esse modelo de fazer pol\u00edtica pequena, de fazer pol\u00edtica torcendo para as coisas dar errado e fazer pol\u00edtica para ver as pessoas cada vez na mis\u00e9ria, para poder ficar ref\u00e9m dos caciques e dos coron\u00e9is pol\u00edticos, n\u00e3o \u00e9 a nossa pr\u00e1tica. N\u00f3s fazemos a boa pol\u00edtica, n\u00f3s fazemos a nova pol\u00edtica, daquela pol\u00edtica que tem respeito \u00e0 institucionalidade, respeito ao estado democr\u00e1tico de direito, respeito \u00e0s institui\u00e7\u00f5es e ao cargo que ela exerce, que \u00e9 de governadora de Pernambuco.\u201d<\/span><\/p>\n<p style=\"text-align: justify;\"><span style=\"font-size: 14pt; font-family: arial, helvetica, sans-serif;\">Veras disse que agradeceu \u00e0 governadora pelo atendimento de demandas apresentadas por ele, pela prefeitura e pela popula\u00e7\u00e3o de Tabira.<\/span><\/p>\n<p style=\"text-align: justify;\"><span style=\"font-size: 14pt; font-family: arial, helvetica, sans-serif;\">\u201cEu n\u00e3o falei nada demais, eu falei e falarei novamente. Eu agradeci a ela como governadora por ter atendido os pleitos meus, os pleitos do prefeito, os pleitos do povo de Tabira. Eu trabalho pelo nosso povo, ele trabalha por todos os tabirenses.\u201d<\/span><\/p>\n<p style=\"text-align: justify;\"><span style=\"font-size: 14pt; font-family: arial, helvetica, sans-serif;\">O deputado tamb\u00e9m citou a rela\u00e7\u00e3o institucional entre o governo estadual e o governo federal.<\/span><\/p>\n<p style=\"text-align: justify;\"><span style=\"font-size: 14pt; font-family: arial, helvetica, sans-serif;\">\u201cO presidente Luiz In\u00e1cio Lula da Silva nunca perguntou \u00e0 governadora se ela votou nele. Nunca perguntou \u00e0 governadora se ela iria votar nele. A governadora nunca me perguntou se eu votei nela e nunca me perguntou se eu iria votar nela. E mesmo assim, o presidente Lula nunca deixou de atender o estado de Pernambuco. Mesmo assim, ela nunca deixou de atender as reivindica\u00e7\u00f5es do povo de Tabira.\u201d<\/span><\/p>\n<p style=\"text-align: justify;\"><span style=\"font-size: 14pt; font-family: arial, helvetica, sans-serif;\">Por fim, Veras afirmou que mant\u00e9m atua\u00e7\u00e3o baseada em princ\u00edpios \u00e9ticos e rebateu cr\u00edticas pol\u00edticas.<\/span><\/p>\n<p style=\"text-align: justify;\"><span style=\"font-size: 14pt; font-family: arial, helvetica, sans-serif;\">\u201cEu sei fazer pol\u00edtica com \u00e9tica e vim \u00e0 minha cidade agradecer pelo meu povo, pelo que ela fez por nossa cidade. N\u00e3o fui eu que votei nela no segundo turno, n\u00e3o. Foi outras lideran\u00e7as do Paje\u00fa que \u00e0s vezes se incomodam, que votaram nela no segundo turno\u201d, disparou Veras em um claro recado ao ex-prefeito de Carna\u00edba, Anchieta Patriota.<\/span><\/p>\n","protected":false},"excerpt":{"rendered":"<p>O deputado federal Carlos Veras (PT) comentou, nesta quinta-feira (19), a visita da governadora Raquel Lyra ao Sert&atilde;o do Paje&uacute;, com passagem por Tabira. A declara&ccedil;&atilde;o foi dada ao programa&nbsp;A Tarde &eacute; Sua, da&nbsp;R&aacute;dio Paje&uacute;, no quadro&nbsp;Radar das Treze, apresentado por Micheli Martins e Alyson Nascimento. Ap&oacute;s repercuss&atilde;o de sua fala durante a agenda da governadora, Veras respondeu a cr&iacute;ticas de lideran&ccedil;as pol&iacute;ticas da regi&atilde;o, principalmente do ex-prefeito de Carna&iacute;ba, Anchieta Patriota (PSB). O parlamentar afirmou que sua postura foi de respeito institucional e de reconhecimento &agrave;s a&ccedil;&otilde;es do Governo do Estado voltadas &agrave; popula&ccedil;&atilde;o. Segundo ele, o momento n&atilde;o &#8230; <\/p>\n<p class=\"read-more-container\"><a title=\"\u201cPol\u00edtica pequena para servir a caciques e coron\u00e9is n\u00e3o \u00e9 nossa pr\u00e1tica\u201d, dispara Carlos Veras\" class=\"read-more button\" href=\"https:\/\/blogdojuniorcavalcanti.com.br\/index.php\/2026\/03\/20\/politica-pequena-para-servir-a-caciques-e-coroneis-nao-e-nossa-pratica-dispara-carlos-veras\/#more-54537\" aria-label=\"More on \u201cPol\u00edtica pequena para servir a caciques e coron\u00e9is n\u00e3o \u00e9 nossa pr\u00e1tica\u201d, dispara Carlos Veras\">Leia mais<\/a><\/p>\n","protected":false},"author":2,"featured_media":54538,"comment_status":"open","ping_status":"open","sticky":false,"template":"","format":"standard","meta":{"footnotes":""},"categories":[27],"tags":[],"class_list":["post-54537","post","type-post","status-publish","format-standard","has-post-thumbnail","hentry","category-politica","resize-featured-image"],"_links":{"self":[{"href":"https:\/\/blogdojuniorcavalcanti.com.br\/index.php\/wp-json\/wp\/v2\/posts\/54537","targetHints":{"allow":["GET"]}}],"collection":[{"href":"https:\/\/blogdojuniorcavalcanti.com.br\/index.php\/wp-json\/wp\/v2\/posts"}],"about":[{"href":"https:\/\/blogdojuniorcavalcanti.com.br\/index.php\/wp-json\/wp\/v2\/types\/post"}],"author":[{"embeddable":true,"href":"https:\/\/blogdojuniorcavalcanti.com.br\/index.php\/wp-json\/wp\/v2\/users\/2"}],"replies":[{"embeddable":true,"href":"https:\/\/blogdojuniorcavalcanti.com.br\/index.php\/wp-json\/wp\/v2\/comments?post=54537"}],"version-history":[{"count":1,"href":"https:\/\/blogdojuniorcavalcanti.com.br\/index.php\/wp-json\/wp\/v2\/posts\/54537\/revisions"}],"predecessor-version":[{"id":54539,"href":"https:\/\/blogdojuniorcavalcanti.com.br\/index.php\/wp-json\/wp\/v2\/posts\/54537\/revisions\/54539"}],"wp:featuredmedia":[{"embeddable":true,"href":"https:\/\/blogdojuniorcavalcanti.com.br\/index.php\/wp-json\/wp\/v2\/media\/54538"}],"wp:attachment":[{"href":"https:\/\/blogdojuniorcavalcanti.com.br\/index.php\/wp-json\/wp\/v2\/media?parent=54537"}],"wp:term":[{"taxonomy":"category","embeddable":true,"href":"https:\/\/blogdojuniorcavalcanti.com.br\/index.php\/wp-json\/wp\/v2\/categories?post=54537"},{"taxonomy":"post_tag","embeddable":true,"href":"https:\/\/blogdojuniorcavalcanti.com.br\/index.php\/wp-json\/wp\/v2\/tags?post=54537"}],"curies":[{"name":"wp","href":"https:\/\/api.w.org\/{rel}","templated":true}]}}