{"id":54600,"date":"2026-03-21T08:35:01","date_gmt":"2026-03-21T11:35:01","guid":{"rendered":"https:\/\/blogdojuniorcavalcanti.com.br\/?p=54600"},"modified":"2026-03-21T08:35:01","modified_gmt":"2026-03-21T11:35:01","slug":"vou-percorrer-todas-as-cidades-de-pernambuco-diz-joao-campos-ao-lancar-pre-candidatura","status":"publish","type":"post","link":"https:\/\/blogdojuniorcavalcanti.com.br\/index.php\/2026\/03\/21\/vou-percorrer-todas-as-cidades-de-pernambuco-diz-joao-campos-ao-lancar-pre-candidatura\/","title":{"rendered":"\u201cVou percorrer todas as cidades de Pernambuco\u201d, diz Jo\u00e3o Campos ao lan\u00e7ar pr\u00e9-candidatura"},"content":{"rendered":"<p style=\"text-align: justify;\"><span style=\"font-size: 14pt; font-family: arial, helvetica, sans-serif;\">A Frente Popular de Pernambuco lan\u00e7ou, nesta sexta-feira (20), a pr\u00e9-candidatura do prefeito do Recife, Jo\u00e3o Campos, ao Governo de Pernambuco.<\/span><\/p>\n<p style=\"text-align: justify;\"><span style=\"font-size: 14pt; font-family: arial, helvetica, sans-serif;\">O evento ocorreu no Hotel Luzeiros Recife, no bairro do Pina, Zona Sul da capital, e reuniu dirigentes e lideran\u00e7as de partidos que comp\u00f5em o arco de alian\u00e7as, al\u00e9m de militantes de diversas regi\u00f5es do estado. O lan\u00e7amento acontece em meio a uma semana de articula\u00e7\u00f5es pol\u00edticas em Bras\u00edlia.<\/span><\/p>\n<p style=\"text-align: justify;\"><span style=\"font-size: 14pt; font-family: arial, helvetica, sans-serif;\">Durante o discurso, Jo\u00e3o Campos afirmou que pretende intensificar a presen\u00e7a nos munic\u00edpios pernambucanos ao longo da campanha.<\/span><\/p>\n<p style=\"text-align: justify;\"><span style=\"font-size: 14pt; font-family: arial, helvetica, sans-serif;\">Jo\u00e3o Campos afirmou: \u201cVoc\u00eas v\u00e3o ver um candidato que vai percorrer todas as cidades de Pernambuco, eu literalmente vou suar a camisa mais do que t\u00e1 no dia de hoje. Ser\u00e1 que \u00e9 poss\u00edvel? Eu vou gastar a sola do sapato. Eu vou estar na rua, eu vou estar na feira, na porta da escola, na zona rural, na porta da igreja, conversando com a sociedade. Eu vou estar na grande cidade, eu vou estar no distrito, eu vou estar na cidade pequena. Quando a pol\u00edtica tiver junto, a gente vai estar. Se a pol\u00edtica n\u00e3o tiver, eu vou andar no meio do povo. Voc\u00eas v\u00e3o ver a nossa candidatura respeitar os advers\u00e1rios.\u201d<\/span><\/p>\n","protected":false},"excerpt":{"rendered":"<p>A Frente Popular de Pernambuco lan&ccedil;ou, nesta sexta-feira (20), a pr&eacute;-candidatura do prefeito do Recife, Jo&atilde;o Campos, ao Governo de Pernambuco. O evento ocorreu no Hotel Luzeiros Recife, no bairro do Pina, Zona Sul da capital, e reuniu dirigentes e lideran&ccedil;as de partidos que comp&otilde;em o arco de alian&ccedil;as, al&eacute;m de militantes de diversas regi&otilde;es do estado. O lan&ccedil;amento acontece em meio a uma semana de articula&ccedil;&otilde;es pol&iacute;ticas em Bras&iacute;lia. Durante o discurso, Jo&atilde;o Campos afirmou que pretende intensificar a presen&ccedil;a nos munic&iacute;pios pernambucanos ao longo da campanha. Jo&atilde;o Campos afirmou: &ldquo;Voc&ecirc;s v&atilde;o ver um candidato que vai percorrer todas &#8230; <\/p>\n<p class=\"read-more-container\"><a title=\"\u201cVou percorrer todas as cidades de Pernambuco\u201d, diz Jo\u00e3o Campos ao lan\u00e7ar pr\u00e9-candidatura\" class=\"read-more button\" href=\"https:\/\/blogdojuniorcavalcanti.com.br\/index.php\/2026\/03\/21\/vou-percorrer-todas-as-cidades-de-pernambuco-diz-joao-campos-ao-lancar-pre-candidatura\/#more-54600\" aria-label=\"More on \u201cVou percorrer todas as cidades de Pernambuco\u201d, diz Jo\u00e3o Campos ao lan\u00e7ar pr\u00e9-candidatura\">Leia mais<\/a><\/p>\n","protected":false},"author":2,"featured_media":54601,"comment_status":"open","ping_status":"open","sticky":false,"template":"","format":"standard","meta":{"footnotes":""},"categories":[25],"tags":[],"class_list":["post-54600","post","type-post","status-publish","format-standard","has-post-thumbnail","hentry","category-destaque","resize-featured-image"],"_links":{"self":[{"href":"https:\/\/blogdojuniorcavalcanti.com.br\/index.php\/wp-json\/wp\/v2\/posts\/54600","targetHints":{"allow":["GET"]}}],"collection":[{"href":"https:\/\/blogdojuniorcavalcanti.com.br\/index.php\/wp-json\/wp\/v2\/posts"}],"about":[{"href":"https:\/\/blogdojuniorcavalcanti.com.br\/index.php\/wp-json\/wp\/v2\/types\/post"}],"author":[{"embeddable":true,"href":"https:\/\/blogdojuniorcavalcanti.com.br\/index.php\/wp-json\/wp\/v2\/users\/2"}],"replies":[{"embeddable":true,"href":"https:\/\/blogdojuniorcavalcanti.com.br\/index.php\/wp-json\/wp\/v2\/comments?post=54600"}],"version-history":[{"count":1,"href":"https:\/\/blogdojuniorcavalcanti.com.br\/index.php\/wp-json\/wp\/v2\/posts\/54600\/revisions"}],"predecessor-version":[{"id":54602,"href":"https:\/\/blogdojuniorcavalcanti.com.br\/index.php\/wp-json\/wp\/v2\/posts\/54600\/revisions\/54602"}],"wp:featuredmedia":[{"embeddable":true,"href":"https:\/\/blogdojuniorcavalcanti.com.br\/index.php\/wp-json\/wp\/v2\/media\/54601"}],"wp:attachment":[{"href":"https:\/\/blogdojuniorcavalcanti.com.br\/index.php\/wp-json\/wp\/v2\/media?parent=54600"}],"wp:term":[{"taxonomy":"category","embeddable":true,"href":"https:\/\/blogdojuniorcavalcanti.com.br\/index.php\/wp-json\/wp\/v2\/categories?post=54600"},{"taxonomy":"post_tag","embeddable":true,"href":"https:\/\/blogdojuniorcavalcanti.com.br\/index.php\/wp-json\/wp\/v2\/tags?post=54600"}],"curies":[{"name":"wp","href":"https:\/\/api.w.org\/{rel}","templated":true}]}}