{"id":5464,"date":"2019-10-04T14:05:19","date_gmt":"2019-10-04T17:05:19","guid":{"rendered":"http:\/\/blogdojuniorcavalcanti.com.br\/?p=5464"},"modified":"2019-10-04T14:05:19","modified_gmt":"2019-10-04T17:05:19","slug":"delegado-confirma-prisao-de-blogueiro-carnaibano","status":"publish","type":"post","link":"https:\/\/blogdojuniorcavalcanti.com.br\/index.php\/2019\/10\/04\/delegado-confirma-prisao-de-blogueiro-carnaibano\/","title":{"rendered":"Delegado confirma pris\u00e3o de blogueiro carnaibano"},"content":{"rendered":"<p style=\"text-align: justify;\"><span style=\"font-size: 14pt;\"><img fetchpriority=\"high\" decoding=\"async\" class=\"alignleft size-medium wp-image-159933\" src=\"https:\/\/i0.wp.com\/nilljunior.com.br\/wp-content\/uploads\/2019\/10\/UbiratanRocha.jpg?resize=300%2C171\" sizes=\"(max-width: 300px) 100vw, 300px\" srcset=\"https:\/\/i0.wp.com\/nilljunior.com.br\/wp-content\/uploads\/2019\/10\/UbiratanRocha.jpg?resize=300%2C171 300w, https:\/\/i0.wp.com\/nilljunior.com.br\/wp-content\/uploads\/2019\/10\/UbiratanRocha.jpg?w=573 573w\" alt=\"\" width=\"300\" height=\"171\" data-attachment-id=\"159933\" data-permalink=\"http:\/\/nilljunior.com.br\/delegado-confirma-prisao-de-blogueiro-carnaibano\/ubiratanrocha-2\/\" data-orig-file=\"https:\/\/i0.wp.com\/nilljunior.com.br\/wp-content\/uploads\/2019\/10\/UbiratanRocha.jpg?fit=573%2C326\" data-orig-size=\"573,326\" data-comments-opened=\"1\" data-image-meta=\"{&quot;aperture&quot;:&quot;7.1&quot;,&quot;credit&quot;:&quot;Andre Luis&quot;,&quot;camera&quot;:&quot;Canon EOS REBEL T3i&quot;,&quot;caption&quot;:&quot;&quot;,&quot;created_timestamp&quot;:&quot;1496140525&quot;,&quot;copyright&quot;:&quot;&quot;,&quot;focal_length&quot;:&quot;55&quot;,&quot;iso&quot;:&quot;1600&quot;,&quot;shutter_speed&quot;:&quot;0.01&quot;,&quot;title&quot;:&quot;&quot;,&quot;orientation&quot;:&quot;1&quot;}\" data-image-title=\"UbiratanRocha\" data-image-description=\"\" data-medium-file=\"https:\/\/i0.wp.com\/nilljunior.com.br\/wp-content\/uploads\/2019\/10\/UbiratanRocha.jpg?fit=300%2C171\" data-large-file=\"https:\/\/i0.wp.com\/nilljunior.com.br\/wp-content\/uploads\/2019\/10\/UbiratanRocha.jpg?fit=573%2C326\" \/><span style=\"font-family: arial, helvetica, sans-serif;\">O Delegado Ubiratan Rocha confirmou \u00e0 R\u00e1dio Paje\u00fa que foi preso em S\u00e3o Paulo o blogueiro Cau\u00ea Rodrigues. Segundo o Delegado, Cau\u00ea, que foi preso na cidade de Suzano, S\u00e3o Paulo, \u00e9 acusado de crimes de aliciamento sexual contra crian\u00e7as e adolescentes.<\/span><\/span><\/p>\n<p style=\"text-align: justify;\"><span style=\"font-size: 14pt; font-family: arial, helvetica, sans-serif;\">A pr\u00e1tica de crimes, diz o Delegado Ubiratan Rocha, remonta \u00e0 algum tempo e tem rela\u00e7\u00e3o com a manuten\u00e7\u00e3o de times de futebol envolvendo menores. O Delegado diz que o Mandado de Pris\u00e3o expedido pelo Judici\u00e1rio teve por base uma investiga\u00e7\u00e3o minuciosa que durou meses. \u201cFoi uma investiga\u00e7\u00e3o com riqueza de detalhes. O pr\u00f3ximo passo ser\u00e1 a coleta de mais depoimentos e provas. Claro, ele ter\u00e1 direito \u00e0 defesa\u201d, diz o Delegado.<\/span><\/p>\n<p style=\"text-align: justify;\"><span style=\"font-size: 14pt; font-family: arial, helvetica, sans-serif;\">Em Suzano, atuou Eduardo Bo\u00edgues, Delegado Titular do Garra de Mogi das Cruzes, S\u00e3o Paulo. Ainda os\u00a0Policiais Civis Pagano, Kleber, Marcos Hebert, Boris, Brit\u00e3o e Du\u00edlio.<\/span><\/p>\n<p style=\"text-align: justify;\"><span style=\"font-size: 14pt; font-family: arial, helvetica, sans-serif;\">Cau\u00ea Rodrigues \u00e9 tido como um dos blogueiros mais influentes da regi\u00e3o, a partir de Carna\u00edba. Tamb\u00e9m era assessor da C\u00e2mara de Vereadores de Carna\u00edba, fun\u00e7\u00e3o que deixou a pouco. Sabe-se tamb\u00e9m que recentemente, alegava problemas de sa\u00fade. Nem ele nem sua defesa ainda n\u00e3o se pronunciaram acerca da pris\u00e3o. O delegado toma as provid\u00eancias para recambi\u00e1-lo \u00e0 regi\u00e3o.<\/span><\/p>\n","protected":false},"excerpt":{"rendered":"<p>O Delegado Ubiratan Rocha confirmou &agrave; R&aacute;dio Paje&uacute; que foi preso em S&atilde;o Paulo o blogueiro Cau&ecirc; Rodrigues. Segundo o Delegado, Cau&ecirc;, que foi preso na cidade de Suzano, S&atilde;o Paulo, &eacute; acusado de crimes de aliciamento sexual contra crian&ccedil;as e adolescentes. A pr&aacute;tica de crimes, diz o Delegado Ubiratan Rocha, remonta &agrave; algum tempo e tem rela&ccedil;&atilde;o com a manuten&ccedil;&atilde;o de times de futebol envolvendo menores. O Delegado diz que o Mandado de Pris&atilde;o expedido pelo Judici&aacute;rio teve por base uma investiga&ccedil;&atilde;o minuciosa que durou meses. &ldquo;Foi uma investiga&ccedil;&atilde;o com riqueza de detalhes. O pr&oacute;ximo passo ser&aacute; a coleta &#8230; <\/p>\n<p class=\"read-more-container\"><a title=\"Delegado confirma pris\u00e3o de blogueiro carnaibano\" class=\"read-more button\" href=\"https:\/\/blogdojuniorcavalcanti.com.br\/index.php\/2019\/10\/04\/delegado-confirma-prisao-de-blogueiro-carnaibano\/#more-5464\" aria-label=\"More on Delegado confirma pris\u00e3o de blogueiro carnaibano\">Leia mais<\/a><\/p>\n","protected":false},"author":2,"featured_media":0,"comment_status":"open","ping_status":"open","sticky":false,"template":"","format":"standard","meta":{"footnotes":""},"categories":[1],"tags":[],"class_list":["post-5464","post","type-post","status-publish","format-standard","hentry","category-sem-categoria"],"_links":{"self":[{"href":"https:\/\/blogdojuniorcavalcanti.com.br\/index.php\/wp-json\/wp\/v2\/posts\/5464","targetHints":{"allow":["GET"]}}],"collection":[{"href":"https:\/\/blogdojuniorcavalcanti.com.br\/index.php\/wp-json\/wp\/v2\/posts"}],"about":[{"href":"https:\/\/blogdojuniorcavalcanti.com.br\/index.php\/wp-json\/wp\/v2\/types\/post"}],"author":[{"embeddable":true,"href":"https:\/\/blogdojuniorcavalcanti.com.br\/index.php\/wp-json\/wp\/v2\/users\/2"}],"replies":[{"embeddable":true,"href":"https:\/\/blogdojuniorcavalcanti.com.br\/index.php\/wp-json\/wp\/v2\/comments?post=5464"}],"version-history":[{"count":1,"href":"https:\/\/blogdojuniorcavalcanti.com.br\/index.php\/wp-json\/wp\/v2\/posts\/5464\/revisions"}],"predecessor-version":[{"id":5465,"href":"https:\/\/blogdojuniorcavalcanti.com.br\/index.php\/wp-json\/wp\/v2\/posts\/5464\/revisions\/5465"}],"wp:attachment":[{"href":"https:\/\/blogdojuniorcavalcanti.com.br\/index.php\/wp-json\/wp\/v2\/media?parent=5464"}],"wp:term":[{"taxonomy":"category","embeddable":true,"href":"https:\/\/blogdojuniorcavalcanti.com.br\/index.php\/wp-json\/wp\/v2\/categories?post=5464"},{"taxonomy":"post_tag","embeddable":true,"href":"https:\/\/blogdojuniorcavalcanti.com.br\/index.php\/wp-json\/wp\/v2\/tags?post=5464"}],"curies":[{"name":"wp","href":"https:\/\/api.w.org\/{rel}","templated":true}]}}