{"id":54724,"date":"2026-03-24T05:12:21","date_gmt":"2026-03-24T08:12:21","guid":{"rendered":"https:\/\/blogdojuniorcavalcanti.com.br\/?p=54724"},"modified":"2026-03-24T05:12:21","modified_gmt":"2026-03-24T08:12:21","slug":"som-alto-em-festa-de-aniversario-termina-em-ocorrencia-policial-em-iguaracy","status":"publish","type":"post","link":"https:\/\/blogdojuniorcavalcanti.com.br\/index.php\/2026\/03\/24\/som-alto-em-festa-de-aniversario-termina-em-ocorrencia-policial-em-iguaracy\/","title":{"rendered":"Som alto em festa de anivers\u00e1rio termina em ocorr\u00eancia policial em Iguaracy"},"content":{"rendered":"<div style=\"text-align: justify;\"><span style=\"font-size: 14pt; font-family: arial, helvetica, sans-serif;\">\u00a0Uma ocorr\u00eancia de perturba\u00e7\u00e3o do sossego foi registrada no \u00faltimo domingo (22), no Centro de Iguaracy, no Sert\u00e3o de Pernambuco. O caso foi atendido por policiais do 23\u00ba Batalh\u00e3o da Pol\u00edcia Militar (23\u00ba BPM) durante patrulhamento na localidade.<\/span><\/div>\n<p style=\"text-align: justify;\">\n<p style=\"text-align: justify;\"><span style=\"font-size: 14pt; font-family: arial, helvetica, sans-serif;\">Segundo informa\u00e7\u00f5es da pol\u00edcia, a equipe foi acionada por uma moradora, que denunciou seus vizinhos pelo uso constante de som em volume elevado. De acordo com a v\u00edtima, o problema \u00e9 recorrente e j\u00e1 havia sido alvo de queixas anteriores junto \u00e0s autoridades.<\/span><\/p>\n<p style=\"text-align: justify;\"><span style=\"font-size: 14pt; font-family: arial, helvetica, sans-serif;\">Ao chegar ao endere\u00e7o indicado, os policiais encontraram o suspeito, que relatou estar promovendo uma festa de anivers\u00e1rio em sua resid\u00eancia, utilizando som automotivo. A denunciante informou ainda que j\u00e1 ocorreram desentendimentos anteriores envolvendo o acusado e seu esposo, inclusive com discuss\u00e3o verbal pelo mesmo motivo.<\/span><\/p>\n<p style=\"text-align: justify;\"><span style=\"font-size: 14pt; font-family: arial, helvetica, sans-serif;\">A v\u00edtima afirmou tamb\u00e9m possuir v\u00eddeos que comprovam outros epis\u00f3dios de som alto, refor\u00e7ando a frequ\u00eancia da perturba\u00e7\u00e3o.<\/span><\/p>\n<p style=\"text-align: justify;\"><span style=\"font-size: 14pt; font-family: arial, helvetica, sans-serif;\">Diante da situa\u00e7\u00e3o, as partes envolvidas foram conduzidas \u00e0 Delegacia de Pol\u00edcia Civil (DPC) local para a ado\u00e7\u00e3o das medidas cab\u00edveis. O equipamento de som foi apreendido, incluindo m\u00f3dulos, mesa de som e alto-falantes.<\/span><\/p>\n<p style=\"text-align: justify;\"><span style=\"font-size: 14pt; font-family: arial, helvetica, sans-serif;\">O caso segue sob investiga\u00e7\u00e3o das autoridades competentes.<\/span><\/p>\n","protected":false},"excerpt":{"rendered":"<p>&nbsp;Uma ocorr&ecirc;ncia de perturba&ccedil;&atilde;o do sossego foi registrada no &uacute;ltimo domingo (22), no Centro de Iguaracy, no Sert&atilde;o de Pernambuco. O caso foi atendido por policiais do 23&ordm; Batalh&atilde;o da Pol&iacute;cia Militar (23&ordm; BPM) durante patrulhamento na localidade. Segundo informa&ccedil;&otilde;es da pol&iacute;cia, a equipe foi acionada por uma moradora, que denunciou seus vizinhos pelo uso constante de som em volume elevado. De acordo com a v&iacute;tima, o problema &eacute; recorrente e j&aacute; havia sido alvo de queixas anteriores junto &agrave;s autoridades. Ao chegar ao endere&ccedil;o indicado, os policiais encontraram o suspeito, que relatou estar promovendo uma festa de anivers&aacute;rio em &#8230; <\/p>\n<p class=\"read-more-container\"><a title=\"Som alto em festa de anivers\u00e1rio termina em ocorr\u00eancia policial em Iguaracy\" class=\"read-more button\" href=\"https:\/\/blogdojuniorcavalcanti.com.br\/index.php\/2026\/03\/24\/som-alto-em-festa-de-aniversario-termina-em-ocorrencia-policial-em-iguaracy\/#more-54724\" aria-label=\"More on Som alto em festa de anivers\u00e1rio termina em ocorr\u00eancia policial em Iguaracy\">Leia mais<\/a><\/p>\n","protected":false},"author":2,"featured_media":54725,"comment_status":"open","ping_status":"open","sticky":false,"template":"","format":"standard","meta":{"footnotes":""},"categories":[29],"tags":[],"class_list":["post-54724","post","type-post","status-publish","format-standard","has-post-thumbnail","hentry","category-policial","resize-featured-image"],"_links":{"self":[{"href":"https:\/\/blogdojuniorcavalcanti.com.br\/index.php\/wp-json\/wp\/v2\/posts\/54724","targetHints":{"allow":["GET"]}}],"collection":[{"href":"https:\/\/blogdojuniorcavalcanti.com.br\/index.php\/wp-json\/wp\/v2\/posts"}],"about":[{"href":"https:\/\/blogdojuniorcavalcanti.com.br\/index.php\/wp-json\/wp\/v2\/types\/post"}],"author":[{"embeddable":true,"href":"https:\/\/blogdojuniorcavalcanti.com.br\/index.php\/wp-json\/wp\/v2\/users\/2"}],"replies":[{"embeddable":true,"href":"https:\/\/blogdojuniorcavalcanti.com.br\/index.php\/wp-json\/wp\/v2\/comments?post=54724"}],"version-history":[{"count":1,"href":"https:\/\/blogdojuniorcavalcanti.com.br\/index.php\/wp-json\/wp\/v2\/posts\/54724\/revisions"}],"predecessor-version":[{"id":54726,"href":"https:\/\/blogdojuniorcavalcanti.com.br\/index.php\/wp-json\/wp\/v2\/posts\/54724\/revisions\/54726"}],"wp:featuredmedia":[{"embeddable":true,"href":"https:\/\/blogdojuniorcavalcanti.com.br\/index.php\/wp-json\/wp\/v2\/media\/54725"}],"wp:attachment":[{"href":"https:\/\/blogdojuniorcavalcanti.com.br\/index.php\/wp-json\/wp\/v2\/media?parent=54724"}],"wp:term":[{"taxonomy":"category","embeddable":true,"href":"https:\/\/blogdojuniorcavalcanti.com.br\/index.php\/wp-json\/wp\/v2\/categories?post=54724"},{"taxonomy":"post_tag","embeddable":true,"href":"https:\/\/blogdojuniorcavalcanti.com.br\/index.php\/wp-json\/wp\/v2\/tags?post=54724"}],"curies":[{"name":"wp","href":"https:\/\/api.w.org\/{rel}","templated":true}]}}