{"id":54826,"date":"2026-03-26T10:34:42","date_gmt":"2026-03-26T13:34:42","guid":{"rendered":"https:\/\/blogdojuniorcavalcanti.com.br\/?p=54826"},"modified":"2026-03-26T10:34:42","modified_gmt":"2026-03-26T13:34:42","slug":"apos-termino-mulher-invade-casa-do-ex-e-parte-para-agressao-vitima-e-deficiente","status":"publish","type":"post","link":"https:\/\/blogdojuniorcavalcanti.com.br\/index.php\/2026\/03\/26\/apos-termino-mulher-invade-casa-do-ex-e-parte-para-agressao-vitima-e-deficiente\/","title":{"rendered":"Ap\u00f3s t\u00e9rmino, mulher invade casa do ex e parte para agress\u00e3o; v\u00edtima \u00e9 deficiente"},"content":{"rendered":"<p style=\"text-align: justify;\" data-start=\"99\" data-end=\"262\"><span style=\"font-size: 14pt; font-family: arial, helvetica, sans-serif;\">Uma ocorr\u00eancia de invas\u00e3o de domic\u00edlio seguida de agress\u00e3o foi registrada na Vila Bela, em\u00a0<span class=\"hover:entity-accent entity-underline inline cursor-pointer align-baseline\"><span class=\"whitespace-normal\">Serra Talhada<\/span><\/span>, na noite desta quarta-feira (25).<\/span><\/p>\n<p style=\"text-align: justify;\" data-start=\"264\" data-end=\"559\"><span style=\"font-size: 14pt; font-family: arial, helvetica, sans-serif;\">De acordo com o 14\u00ba Batalh\u00e3o da Pol\u00edcia Militar, equipes foram acionadas pela central de opera\u00e7\u00f5es para verificar uma den\u00fancia de invas\u00e3o de propriedade. Ao chegarem ao local, os policiais encontraram a v\u00edtima, um homem, que relatou ter tido um breve relacionamento com a suspeita, j\u00e1 encerrado.<\/span><\/p>\n<p style=\"text-align: justify;\" data-start=\"561\" data-end=\"849\"><span style=\"font-size: 14pt; font-family: arial, helvetica, sans-serif;\">Segundo o relato, mesmo ap\u00f3s o t\u00e9rmino, ele vinha sendo perseguido. Na noite do ocorrido, a mulher teria pulado o muro da resid\u00eancia, invadido o im\u00f3vel sem autoriza\u00e7\u00e3o e iniciado as agress\u00f5es. O homem, que possui defici\u00eancia f\u00edsica, foi derrubado durante a a\u00e7\u00e3o, sofrendo les\u00f5es no bra\u00e7o.<\/span><\/p>\n<p style=\"text-align: justify;\" data-start=\"851\" data-end=\"1004\"><span style=\"font-size: 14pt; font-family: arial, helvetica, sans-serif;\">A suspeita foi localizada ainda dentro da resid\u00eancia e, conforme a pol\u00edcia, confessou ter invadido o local, alegando que havia ingerido bebida alco\u00f3lica.<\/span><\/p>\n<p style=\"text-align: justify;\" data-start=\"1006\" data-end=\"1262\"><span style=\"font-size: 14pt; font-family: arial, helvetica, sans-serif;\">Diante dos fatos, as partes foram conduzidas \u00e0 Delegacia de Pol\u00edcia Civil de\u00a0<span class=\"hover:entity-accent entity-underline inline cursor-pointer align-baseline\"><span class=\"whitespace-normal\">Serra Talhada<\/span><\/span>\u00a0para ado\u00e7\u00e3o das medidas cab\u00edveis. A Pol\u00edcia Militar informou que n\u00e3o houve qualquer tipo de agress\u00e3o por parte do efetivo durante a condu\u00e7\u00e3o.<\/span><\/p>\n<p style=\"text-align: justify;\" data-start=\"1264\" data-end=\"1342\" data-is-last-node=\"\" data-is-only-node=\"\"><span style=\"font-size: 14pt; font-family: arial, helvetica, sans-serif;\">O caso resultou na instaura\u00e7\u00e3o de inqu\u00e9rito policial e segue sob investiga\u00e7\u00e3o.<\/span><\/p>\n","protected":false},"excerpt":{"rendered":"<p>Uma ocorr&ecirc;ncia de invas&atilde;o de domic&iacute;lio seguida de agress&atilde;o foi registrada na Vila Bela, em&nbsp;Serra Talhada, na noite desta quarta-feira (25). De acordo com o 14&ordm; Batalh&atilde;o da Pol&iacute;cia Militar, equipes foram acionadas pela central de opera&ccedil;&otilde;es para verificar uma den&uacute;ncia de invas&atilde;o de propriedade. Ao chegarem ao local, os policiais encontraram a v&iacute;tima, um homem, que relatou ter tido um breve relacionamento com a suspeita, j&aacute; encerrado. Segundo o relato, mesmo ap&oacute;s o t&eacute;rmino, ele vinha sendo perseguido. Na noite do ocorrido, a mulher teria pulado o muro da resid&ecirc;ncia, invadido o im&oacute;vel sem autoriza&ccedil;&atilde;o e iniciado as agress&otilde;es. &#8230; <\/p>\n<p class=\"read-more-container\"><a title=\"Ap\u00f3s t\u00e9rmino, mulher invade casa do ex e parte para agress\u00e3o; v\u00edtima \u00e9 deficiente\" class=\"read-more button\" href=\"https:\/\/blogdojuniorcavalcanti.com.br\/index.php\/2026\/03\/26\/apos-termino-mulher-invade-casa-do-ex-e-parte-para-agressao-vitima-e-deficiente\/#more-54826\" aria-label=\"More on Ap\u00f3s t\u00e9rmino, mulher invade casa do ex e parte para agress\u00e3o; v\u00edtima \u00e9 deficiente\">Leia mais<\/a><\/p>\n","protected":false},"author":2,"featured_media":54827,"comment_status":"open","ping_status":"open","sticky":false,"template":"","format":"standard","meta":{"footnotes":""},"categories":[29],"tags":[],"class_list":["post-54826","post","type-post","status-publish","format-standard","has-post-thumbnail","hentry","category-policial","resize-featured-image"],"_links":{"self":[{"href":"https:\/\/blogdojuniorcavalcanti.com.br\/index.php\/wp-json\/wp\/v2\/posts\/54826","targetHints":{"allow":["GET"]}}],"collection":[{"href":"https:\/\/blogdojuniorcavalcanti.com.br\/index.php\/wp-json\/wp\/v2\/posts"}],"about":[{"href":"https:\/\/blogdojuniorcavalcanti.com.br\/index.php\/wp-json\/wp\/v2\/types\/post"}],"author":[{"embeddable":true,"href":"https:\/\/blogdojuniorcavalcanti.com.br\/index.php\/wp-json\/wp\/v2\/users\/2"}],"replies":[{"embeddable":true,"href":"https:\/\/blogdojuniorcavalcanti.com.br\/index.php\/wp-json\/wp\/v2\/comments?post=54826"}],"version-history":[{"count":1,"href":"https:\/\/blogdojuniorcavalcanti.com.br\/index.php\/wp-json\/wp\/v2\/posts\/54826\/revisions"}],"predecessor-version":[{"id":54828,"href":"https:\/\/blogdojuniorcavalcanti.com.br\/index.php\/wp-json\/wp\/v2\/posts\/54826\/revisions\/54828"}],"wp:featuredmedia":[{"embeddable":true,"href":"https:\/\/blogdojuniorcavalcanti.com.br\/index.php\/wp-json\/wp\/v2\/media\/54827"}],"wp:attachment":[{"href":"https:\/\/blogdojuniorcavalcanti.com.br\/index.php\/wp-json\/wp\/v2\/media?parent=54826"}],"wp:term":[{"taxonomy":"category","embeddable":true,"href":"https:\/\/blogdojuniorcavalcanti.com.br\/index.php\/wp-json\/wp\/v2\/categories?post=54826"},{"taxonomy":"post_tag","embeddable":true,"href":"https:\/\/blogdojuniorcavalcanti.com.br\/index.php\/wp-json\/wp\/v2\/tags?post=54826"}],"curies":[{"name":"wp","href":"https:\/\/api.w.org\/{rel}","templated":true}]}}