{"id":54860,"date":"2026-03-27T05:00:30","date_gmt":"2026-03-27T08:00:30","guid":{"rendered":"https:\/\/blogdojuniorcavalcanti.com.br\/?p=54860"},"modified":"2026-03-27T05:00:30","modified_gmt":"2026-03-27T08:00:30","slug":"raquel-lyra-reforca-parceria-com-pollyanna-abreu-entrega-ambulancia-e-lanca-programa-colo-de-mae-em-beneficio-de-sertania","status":"publish","type":"post","link":"https:\/\/blogdojuniorcavalcanti.com.br\/index.php\/2026\/03\/27\/raquel-lyra-reforca-parceria-com-pollyanna-abreu-entrega-ambulancia-e-lanca-programa-colo-de-mae-em-beneficio-de-sertania\/","title":{"rendered":"Raquel Lyra refor\u00e7a parceria com Pollyanna Abreu, entrega ambul\u00e2ncia e lan\u00e7a Programa Colo de M\u00e3e em benef\u00edcio de Sert\u00e2nia"},"content":{"rendered":"<p style=\"text-align: justify;\"><span style=\"font-size: 14pt; font-family: arial, helvetica, sans-serif;\">Governadora reafirma parceria com Pollyanna Abreu, garante mais investimentos para o munic\u00edpio e fortalece a sa\u00fade materno-infantil com entrega de ambul\u00e2ncia e lan\u00e7amento do Programa Colo de M\u00e3e<\/span><\/p>\n<p style=\"text-align: justify;\"><span style=\"font-size: 14pt; font-family: arial, helvetica, sans-serif;\">Cumprindo agenda nesta quinta-feira, 26 de mar\u00e7o, no Recife, a prefeita Pollyanna Abreu participou do lan\u00e7amento do Programa Colo de M\u00e3e, iniciativa do Governo do Estado que fortalece as pol\u00edticas p\u00fablicas voltadas \u00e0 aten\u00e7\u00e3o integral \u00e0 sa\u00fade materno-infantil.<\/span><\/p>\n<p style=\"text-align: justify;\"><span style=\"font-size: 14pt; font-family: arial, helvetica, sans-serif;\">Durante a solenidade, o munic\u00edpio de Sert\u00e2nia foi contemplado com uma ambul\u00e2ncia exclusiva para o transporte de gestantes atendidas pelo programa, garantindo mais seguran\u00e7a e cuidado \u00e0s futuras m\u00e3es.<\/span><\/p>\n<p style=\"text-align: justify;\"><span style=\"font-size: 14pt; font-family: arial, helvetica, sans-serif;\">A cerim\u00f4nia foi realizada no Pal\u00e1cio do Campo das Princesas e marcou o lan\u00e7amento oficial da a\u00e7\u00e3o, que beneficiar\u00e1 diretamente as m\u00e3es sertanienses. O ve\u00edculo contar\u00e1 com uma plataforma digital de monitoramento cont\u00ednuo das gestantes, assegurando mais agilidade e efici\u00eancia no atendimento, tanto para as m\u00e3es quanto para os beb\u00eas.<\/span><\/p>\n<p style=\"text-align: justify;\"><span style=\"font-size: 14pt; font-family: arial, helvetica, sans-serif;\">A iniciativa \u00e9 fruto da parceria entre o Governo do Estado e o munic\u00edpio, envolvendo as secretarias de Sa\u00fade, da Mulher e demais \u00f3rg\u00e3os da gest\u00e3o municipal.<\/span><\/p>\n<p style=\"text-align: justify;\"><span style=\"font-size: 14pt; font-family: arial, helvetica, sans-serif;\">Na ocasi\u00e3o, a prefeita Pollyanna Abreu recebeu a nova ambul\u00e2ncia das m\u00e3os da governadora Raquel Lyra e destacou o compromisso do Estado com a popula\u00e7\u00e3o de Sert\u00e2nia.<\/span><\/p>\n<p style=\"text-align: justify;\"><span style=\"font-size: 14pt; font-family: arial, helvetica, sans-serif;\">\u201cEssa \u00e9 mais uma conquista importante para o nosso munic\u00edpio. \u00c9 mais desenvolvimento e sa\u00fade de qualidade para as mulheres de Sert\u00e2nia\u201d, ressaltou a prefeita.<\/span><\/p>\n","protected":false},"excerpt":{"rendered":"<p>Governadora reafirma parceria com Pollyanna Abreu, garante mais investimentos para o munic&iacute;pio e fortalece a sa&uacute;de materno-infantil com entrega de ambul&acirc;ncia e lan&ccedil;amento do Programa Colo de M&atilde;e Cumprindo agenda nesta quinta-feira, 26 de mar&ccedil;o, no Recife, a prefeita Pollyanna Abreu participou do lan&ccedil;amento do Programa Colo de M&atilde;e, iniciativa do Governo do Estado que fortalece as pol&iacute;ticas p&uacute;blicas voltadas &agrave; aten&ccedil;&atilde;o integral &agrave; sa&uacute;de materno-infantil. Durante a solenidade, o munic&iacute;pio de Sert&acirc;nia foi contemplado com uma ambul&acirc;ncia exclusiva para o transporte de gestantes atendidas pelo programa, garantindo mais seguran&ccedil;a e cuidado &agrave;s futuras m&atilde;es. A cerim&ocirc;nia foi realizada no &#8230; <\/p>\n<p class=\"read-more-container\"><a title=\"Raquel Lyra refor\u00e7a parceria com Pollyanna Abreu, entrega ambul\u00e2ncia e lan\u00e7a Programa Colo de M\u00e3e em benef\u00edcio de Sert\u00e2nia\" class=\"read-more button\" href=\"https:\/\/blogdojuniorcavalcanti.com.br\/index.php\/2026\/03\/27\/raquel-lyra-reforca-parceria-com-pollyanna-abreu-entrega-ambulancia-e-lanca-programa-colo-de-mae-em-beneficio-de-sertania\/#more-54860\" aria-label=\"More on Raquel Lyra refor\u00e7a parceria com Pollyanna Abreu, entrega ambul\u00e2ncia e lan\u00e7a Programa Colo de M\u00e3e em benef\u00edcio de Sert\u00e2nia\">Leia mais<\/a><\/p>\n","protected":false},"author":2,"featured_media":54861,"comment_status":"open","ping_status":"open","sticky":false,"template":"","format":"standard","meta":{"footnotes":""},"categories":[37],"tags":[],"class_list":["post-54860","post","type-post","status-publish","format-standard","has-post-thumbnail","hentry","category-cidades","resize-featured-image"],"_links":{"self":[{"href":"https:\/\/blogdojuniorcavalcanti.com.br\/index.php\/wp-json\/wp\/v2\/posts\/54860","targetHints":{"allow":["GET"]}}],"collection":[{"href":"https:\/\/blogdojuniorcavalcanti.com.br\/index.php\/wp-json\/wp\/v2\/posts"}],"about":[{"href":"https:\/\/blogdojuniorcavalcanti.com.br\/index.php\/wp-json\/wp\/v2\/types\/post"}],"author":[{"embeddable":true,"href":"https:\/\/blogdojuniorcavalcanti.com.br\/index.php\/wp-json\/wp\/v2\/users\/2"}],"replies":[{"embeddable":true,"href":"https:\/\/blogdojuniorcavalcanti.com.br\/index.php\/wp-json\/wp\/v2\/comments?post=54860"}],"version-history":[{"count":1,"href":"https:\/\/blogdojuniorcavalcanti.com.br\/index.php\/wp-json\/wp\/v2\/posts\/54860\/revisions"}],"predecessor-version":[{"id":54862,"href":"https:\/\/blogdojuniorcavalcanti.com.br\/index.php\/wp-json\/wp\/v2\/posts\/54860\/revisions\/54862"}],"wp:featuredmedia":[{"embeddable":true,"href":"https:\/\/blogdojuniorcavalcanti.com.br\/index.php\/wp-json\/wp\/v2\/media\/54861"}],"wp:attachment":[{"href":"https:\/\/blogdojuniorcavalcanti.com.br\/index.php\/wp-json\/wp\/v2\/media?parent=54860"}],"wp:term":[{"taxonomy":"category","embeddable":true,"href":"https:\/\/blogdojuniorcavalcanti.com.br\/index.php\/wp-json\/wp\/v2\/categories?post=54860"},{"taxonomy":"post_tag","embeddable":true,"href":"https:\/\/blogdojuniorcavalcanti.com.br\/index.php\/wp-json\/wp\/v2\/tags?post=54860"}],"curies":[{"name":"wp","href":"https:\/\/api.w.org\/{rel}","templated":true}]}}