{"id":54863,"date":"2026-03-27T05:10:12","date_gmt":"2026-03-27T08:10:12","guid":{"rendered":"https:\/\/blogdojuniorcavalcanti.com.br\/?p=54863"},"modified":"2026-03-27T05:10:12","modified_gmt":"2026-03-27T08:10:12","slug":"semana-santa-itapetim-realiza-entrega-de-cestas-basicas-e-peixe-para-as-familias-de-programas-sociais","status":"publish","type":"post","link":"https:\/\/blogdojuniorcavalcanti.com.br\/index.php\/2026\/03\/27\/semana-santa-itapetim-realiza-entrega-de-cestas-basicas-e-peixe-para-as-familias-de-programas-sociais\/","title":{"rendered":"Semana Santa: Itapetim realiza entrega de cestas b\u00e1sicas e peixe para as fam\u00edlias de programas sociais"},"content":{"rendered":"<p style=\"text-align: justify;\"><span style=\"font-size: 14pt; font-family: arial, helvetica, sans-serif;\">O Governo Municipal de Itapetim, no Sert\u00e3o de Pernambuco, realizou nesta quinta-feira (26) a entrega de cestas b\u00e1sicas e peixe \u00e0s fam\u00edlias atendidas pelos programas sociais do munic\u00edpio. A a\u00e7\u00e3o foi coordenada pela Secretaria de Assist\u00eancia Social.<\/span><\/p>\n<p style=\"text-align: justify;\"><span style=\"font-size: 14pt; font-family: arial, helvetica, sans-serif;\">As entregas aconteceram na sede do munic\u00edpio e nos distritos de Piedade e S\u00e3o Vicente. De acordo com a gest\u00e3o, a iniciativa tem como objetivo garantir o alimento das fam\u00edlias durante o per\u00edodo da Semana Santa, tradicionalmente marcado por maior consumo de peixe.<\/span><\/p>\n<p style=\"text-align: justify;\"><span style=\"font-size: 14pt; font-family: arial, helvetica, sans-serif;\">Participaram da a\u00e7\u00e3o a prefeita Aline Karina, o vice-prefeito Chico de Laura, a secret\u00e1ria de Assist\u00eancia Social, La\u00eds, e a diretora de Assist\u00eancia, Eliane.<\/span><\/p>\n<p style=\"text-align: justify;\"><span style=\"font-size: 14pt; font-family: arial, helvetica, sans-serif;\">A distribui\u00e7\u00e3o de alimentos neste per\u00edodo ocorre todos os anos e integra o conjunto de a\u00e7\u00f5es sociais desenvolvidas pelo munic\u00edpio voltadas \u00e0s fam\u00edlias em situa\u00e7\u00e3o de vulnerabilidade.a<\/span><\/p>\n","protected":false},"excerpt":{"rendered":"<p>O Governo Municipal de Itapetim, no Sert&atilde;o de Pernambuco, realizou nesta quinta-feira (26) a entrega de cestas b&aacute;sicas e peixe &agrave;s fam&iacute;lias atendidas pelos programas sociais do munic&iacute;pio. A a&ccedil;&atilde;o foi coordenada pela Secretaria de Assist&ecirc;ncia Social. As entregas aconteceram na sede do munic&iacute;pio e nos distritos de Piedade e S&atilde;o Vicente. De acordo com a gest&atilde;o, a iniciativa tem como objetivo garantir o alimento das fam&iacute;lias durante o per&iacute;odo da Semana Santa, tradicionalmente marcado por maior consumo de peixe. Participaram da a&ccedil;&atilde;o a prefeita Aline Karina, o vice-prefeito Chico de Laura, a secret&aacute;ria de Assist&ecirc;ncia Social, La&iacute;s, e a &#8230; <\/p>\n<p class=\"read-more-container\"><a title=\"Semana Santa: Itapetim realiza entrega de cestas b\u00e1sicas e peixe para as fam\u00edlias de programas sociais\" class=\"read-more button\" href=\"https:\/\/blogdojuniorcavalcanti.com.br\/index.php\/2026\/03\/27\/semana-santa-itapetim-realiza-entrega-de-cestas-basicas-e-peixe-para-as-familias-de-programas-sociais\/#more-54863\" aria-label=\"More on Semana Santa: Itapetim realiza entrega de cestas b\u00e1sicas e peixe para as fam\u00edlias de programas sociais\">Leia mais<\/a><\/p>\n","protected":false},"author":2,"featured_media":54864,"comment_status":"open","ping_status":"open","sticky":false,"template":"","format":"standard","meta":{"footnotes":""},"categories":[37],"tags":[],"class_list":["post-54863","post","type-post","status-publish","format-standard","has-post-thumbnail","hentry","category-cidades","resize-featured-image"],"_links":{"self":[{"href":"https:\/\/blogdojuniorcavalcanti.com.br\/index.php\/wp-json\/wp\/v2\/posts\/54863","targetHints":{"allow":["GET"]}}],"collection":[{"href":"https:\/\/blogdojuniorcavalcanti.com.br\/index.php\/wp-json\/wp\/v2\/posts"}],"about":[{"href":"https:\/\/blogdojuniorcavalcanti.com.br\/index.php\/wp-json\/wp\/v2\/types\/post"}],"author":[{"embeddable":true,"href":"https:\/\/blogdojuniorcavalcanti.com.br\/index.php\/wp-json\/wp\/v2\/users\/2"}],"replies":[{"embeddable":true,"href":"https:\/\/blogdojuniorcavalcanti.com.br\/index.php\/wp-json\/wp\/v2\/comments?post=54863"}],"version-history":[{"count":1,"href":"https:\/\/blogdojuniorcavalcanti.com.br\/index.php\/wp-json\/wp\/v2\/posts\/54863\/revisions"}],"predecessor-version":[{"id":54865,"href":"https:\/\/blogdojuniorcavalcanti.com.br\/index.php\/wp-json\/wp\/v2\/posts\/54863\/revisions\/54865"}],"wp:featuredmedia":[{"embeddable":true,"href":"https:\/\/blogdojuniorcavalcanti.com.br\/index.php\/wp-json\/wp\/v2\/media\/54864"}],"wp:attachment":[{"href":"https:\/\/blogdojuniorcavalcanti.com.br\/index.php\/wp-json\/wp\/v2\/media?parent=54863"}],"wp:term":[{"taxonomy":"category","embeddable":true,"href":"https:\/\/blogdojuniorcavalcanti.com.br\/index.php\/wp-json\/wp\/v2\/categories?post=54863"},{"taxonomy":"post_tag","embeddable":true,"href":"https:\/\/blogdojuniorcavalcanti.com.br\/index.php\/wp-json\/wp\/v2\/tags?post=54863"}],"curies":[{"name":"wp","href":"https:\/\/api.w.org\/{rel}","templated":true}]}}