{"id":54896,"date":"2026-03-28T01:00:18","date_gmt":"2026-03-28T04:00:18","guid":{"rendered":"https:\/\/blogdojuniorcavalcanti.com.br\/?p=54896"},"modified":"2026-03-27T17:02:34","modified_gmt":"2026-03-27T20:02:34","slug":"marconi-santana-detalha-novos-rumos-politicos-e-consolida-pre-candidatura-em-entrevista-no-vale-do-sao-francisco","status":"publish","type":"post","link":"https:\/\/blogdojuniorcavalcanti.com.br\/index.php\/2026\/03\/28\/marconi-santana-detalha-novos-rumos-politicos-e-consolida-pre-candidatura-em-entrevista-no-vale-do-sao-francisco\/","title":{"rendered":"Marconi Santana detalha novos rumos pol\u00edticos e consolida pr\u00e9-candidatura em entrevista no Vale do S\u00e3o Francisco"},"content":{"rendered":"<p style=\"text-align: justify;\"><span style=\"font-size: 14pt; font-family: arial, helvetica, sans-serif;\">Em uma agenda intensa pelo Sert\u00e3o do S\u00e3o Francisco, Marconi Santana participou, nesta sexta-feira, de uma entrevista marcante ao programa &#8220;Nossa Voz&#8221;, na R\u00e1dio Grande Rio FM, em Petrolina. Recebido pelas locutoras N\u00e9ia Gon\u00e7alves e Karine Paix\u00e3o, o l\u00edder pol\u00edtico aproveitou o espa\u00e7o para fazer um balan\u00e7o de suas perspectivas para o futuro e fundamenta os pontos que motivaram sua movimenta\u00e7\u00e3o no cen\u00e1rio eleitoral de Pernambuco.<\/span><\/p>\n<p style=\"text-align: justify;\"><span style=\"font-size: 14pt; font-family: arial, helvetica, sans-serif;\">Um dos momentos de maior destaque da conversa foi quando Marconi explicou a transi\u00e7\u00e3o de seu grupo pol\u00edtico para o PSD, ap\u00f3s anos de alian\u00e7a com o PSB. Questionado sobre como surgiu o interesse pela pr\u00e9-candidatura a deputado estadual e a mudan\u00e7a de legenda, ele pontuou que o processo foi um reflexo natural de um novo alinhamento program\u00e1tico e de escuta \u00e0s bases.<\/span><\/p>\n<p style=\"text-align: justify;\"><span style=\"font-size: 14pt; font-family: arial, helvetica, sans-serif;\">Segundo Marconi, a decis\u00e3o come\u00e7ou a ganhar corpo ainda no segundo turno das \u00faltimas elei\u00e7\u00f5es para o Governo do Estado, quando optou por apoiar Raquel Lyra. Ele revelou que, enquanto o apoio esperado dentro da antiga legenda n\u00e3o se concretizou da forma planejada, o convite da atual governadora foi decisivo. Marconi destacou que foi recebido de bra\u00e7os abertos por Raquel Lyra, que n\u00e3o apenas validou sua pr\u00e9-candidatura, mas o acolheu no projeto de transforma\u00e7\u00e3o que ela lidera.<\/span><\/p>\n<p style=\"text-align: justify;\"><span style=\"font-size: 14pt; font-family: arial, helvetica, sans-serif;\">Essa sintonia tem se traduzido em uma postura firme de defesa da gest\u00e3o estadual. Em todos os seus discursos e interven\u00e7\u00f5es p\u00fablicas, Marconi Santana tem se consolidado como um dos principais porta-vozes e defensores do governo de Raquel Lyra, refor\u00e7ando a confian\u00e7a nas pautas e nas entregas que est\u00e3o sendo realizadas em todo o estado. Ele ressaltou que o pedido para que ele colocasse seu nome \u00e0 disposi\u00e7\u00e3o da Assembleia Legislativa partiu da pr\u00f3pria popula\u00e7\u00e3o e de diversos l\u00edderes que enxergam a necessidade de uma representa\u00e7\u00e3o que caminhe ao lado do atual projeto administrativo.<\/span><\/p>\n<p style=\"text-align: justify;\"><span style=\"font-size: 14pt; font-family: arial, helvetica, sans-serif;\">Marconi tamb\u00e9m detalhou o ritmo acelerado de trabalho que vem mantendo na regi\u00e3o. A agenda no Vale do S\u00e3o Francisco teve in\u00edcio na \u00faltima quinta-feira e deve se estender por todo o fim de semana, com uma s\u00e9rie de visitas e di\u00e1logos com lideran\u00e7as locais e a comunidade.<\/span><\/p>\n<p style=\"text-align: justify;\"><span style=\"font-size: 14pt; font-family: arial, helvetica, sans-serif;\">A entrevista completa, onde Marconi aprofunda outros temas da pol\u00edtica estadual e seus planos para a regi\u00e3o, j\u00e1 est\u00e1 dispon\u00edvel na \u00edntegra no canal da R\u00e1dio Grande Rio FM no YouTube.<\/span><\/p>\n","protected":false},"excerpt":{"rendered":"<p>Em uma agenda intensa pelo Sert&atilde;o do S&atilde;o Francisco, Marconi Santana participou, nesta sexta-feira, de uma entrevista marcante ao programa &ldquo;Nossa Voz&rdquo;, na R&aacute;dio Grande Rio FM, em Petrolina. Recebido pelas locutoras N&eacute;ia Gon&ccedil;alves e Karine Paix&atilde;o, o l&iacute;der pol&iacute;tico aproveitou o espa&ccedil;o para fazer um balan&ccedil;o de suas perspectivas para o futuro e fundamenta os pontos que motivaram sua movimenta&ccedil;&atilde;o no cen&aacute;rio eleitoral de Pernambuco. Um dos momentos de maior destaque da conversa foi quando Marconi explicou a transi&ccedil;&atilde;o de seu grupo pol&iacute;tico para o PSD, ap&oacute;s anos de alian&ccedil;a com o PSB. Questionado sobre como surgiu o interesse &#8230; <\/p>\n<p class=\"read-more-container\"><a title=\"Marconi Santana detalha novos rumos pol\u00edticos e consolida pr\u00e9-candidatura em entrevista no Vale do S\u00e3o Francisco\" class=\"read-more button\" href=\"https:\/\/blogdojuniorcavalcanti.com.br\/index.php\/2026\/03\/28\/marconi-santana-detalha-novos-rumos-politicos-e-consolida-pre-candidatura-em-entrevista-no-vale-do-sao-francisco\/#more-54896\" aria-label=\"More on Marconi Santana detalha novos rumos pol\u00edticos e consolida pr\u00e9-candidatura em entrevista no Vale do S\u00e3o Francisco\">Leia mais<\/a><\/p>\n","protected":false},"author":2,"featured_media":54897,"comment_status":"open","ping_status":"open","sticky":false,"template":"","format":"standard","meta":{"footnotes":""},"categories":[25],"tags":[],"class_list":["post-54896","post","type-post","status-publish","format-standard","has-post-thumbnail","hentry","category-destaque","resize-featured-image"],"_links":{"self":[{"href":"https:\/\/blogdojuniorcavalcanti.com.br\/index.php\/wp-json\/wp\/v2\/posts\/54896","targetHints":{"allow":["GET"]}}],"collection":[{"href":"https:\/\/blogdojuniorcavalcanti.com.br\/index.php\/wp-json\/wp\/v2\/posts"}],"about":[{"href":"https:\/\/blogdojuniorcavalcanti.com.br\/index.php\/wp-json\/wp\/v2\/types\/post"}],"author":[{"embeddable":true,"href":"https:\/\/blogdojuniorcavalcanti.com.br\/index.php\/wp-json\/wp\/v2\/users\/2"}],"replies":[{"embeddable":true,"href":"https:\/\/blogdojuniorcavalcanti.com.br\/index.php\/wp-json\/wp\/v2\/comments?post=54896"}],"version-history":[{"count":1,"href":"https:\/\/blogdojuniorcavalcanti.com.br\/index.php\/wp-json\/wp\/v2\/posts\/54896\/revisions"}],"predecessor-version":[{"id":54898,"href":"https:\/\/blogdojuniorcavalcanti.com.br\/index.php\/wp-json\/wp\/v2\/posts\/54896\/revisions\/54898"}],"wp:featuredmedia":[{"embeddable":true,"href":"https:\/\/blogdojuniorcavalcanti.com.br\/index.php\/wp-json\/wp\/v2\/media\/54897"}],"wp:attachment":[{"href":"https:\/\/blogdojuniorcavalcanti.com.br\/index.php\/wp-json\/wp\/v2\/media?parent=54896"}],"wp:term":[{"taxonomy":"category","embeddable":true,"href":"https:\/\/blogdojuniorcavalcanti.com.br\/index.php\/wp-json\/wp\/v2\/categories?post=54896"},{"taxonomy":"post_tag","embeddable":true,"href":"https:\/\/blogdojuniorcavalcanti.com.br\/index.php\/wp-json\/wp\/v2\/tags?post=54896"}],"curies":[{"name":"wp","href":"https:\/\/api.w.org\/{rel}","templated":true}]}}