{"id":54964,"date":"2026-03-30T04:58:51","date_gmt":"2026-03-30T07:58:51","guid":{"rendered":"https:\/\/blogdojuniorcavalcanti.com.br\/?p=54964"},"modified":"2026-03-30T04:58:51","modified_gmt":"2026-03-30T07:58:51","slug":"seguro-automotivo-cresce-107-em-pernambuco","status":"publish","type":"post","link":"https:\/\/blogdojuniorcavalcanti.com.br\/index.php\/2026\/03\/30\/seguro-automotivo-cresce-107-em-pernambuco\/","title":{"rendered":"Seguro automotivo cresce 10,7% em Pernambuco"},"content":{"rendered":"<p style=\"text-align: justify;\"><span style=\"font-size: 14pt; font-family: arial, helvetica, sans-serif;\">A arrecada\u00e7\u00e3o com seguros automotivos em Pernambuco registrou crescimento de 10,7% em 2025 na compara\u00e7\u00e3o com o ano anterior, alcan\u00e7ando mais de R$ 90,2 milh\u00f5es em dezembro, frente aos R$ 81,4 milh\u00f5es contabilizados em dezembro de 2024, de acordo com dados da Superintend\u00eancia de Seguros Privados (Susep), \u00f3rg\u00e3o respons\u00e1vel pela supervis\u00e3o do mercado de seguros no Brasil.<\/span><\/p>\n<p style=\"text-align: justify;\"><span style=\"font-size: 14pt; font-family: arial, helvetica, sans-serif;\">O movimento observado no estado acompanha uma tend\u00eancia nacional. Em todo o pa\u00eds, os pr\u00eamios do seguro automotivo registraram alta no per\u00edodo, refletindo mudan\u00e7as no mercado de ve\u00edculos e no comportamento dos consumidores. Entre os fatores apontados por especialistas est\u00e3o a valoriza\u00e7\u00e3o dos autom\u00f3veis, o aumento dos custos de repara\u00e7\u00e3o e a amplia\u00e7\u00e3o da frota circulante, al\u00e9m de novos riscos percebidos pelos motoristas.<\/span><\/p>\n<p style=\"text-align: justify;\"><span style=\"font-size: 14pt; font-family: arial, helvetica, sans-serif;\">\u201c\u00c0 medida que os ve\u00edculos permanecem valorizados e os custos de manuten\u00e7\u00e3o e reparo aumentam, a contrata\u00e7\u00e3o do seguro se torna uma escolha cada vez mais estrat\u00e9gica para as fam\u00edlias. O mercado tamb\u00e9m tem incorporado novas coberturas e servi\u00e7os que ampliam a percep\u00e7\u00e3o de valor das ap\u00f3lices, acompanhando as necessidades dos usu\u00e1rios e contribuindo para uma prote\u00e7\u00e3o patrimonial mais completa\u201d, afirma Gabriela N\u00f3brega, analista de desenvolvimento de neg\u00f3cios da Central Sicredi Nordeste.<\/span><\/p>\n","protected":false},"excerpt":{"rendered":"<p>A arrecada&ccedil;&atilde;o com seguros automotivos em Pernambuco registrou crescimento de 10,7% em 2025 na compara&ccedil;&atilde;o com o ano anterior, alcan&ccedil;ando mais de R$ 90,2 milh&otilde;es em dezembro, frente aos R$ 81,4 milh&otilde;es contabilizados em dezembro de 2024, de acordo com dados da Superintend&ecirc;ncia de Seguros Privados (Susep), &oacute;rg&atilde;o respons&aacute;vel pela supervis&atilde;o do mercado de seguros no Brasil. O movimento observado no estado acompanha uma tend&ecirc;ncia nacional. Em todo o pa&iacute;s, os pr&ecirc;mios do seguro automotivo registraram alta no per&iacute;odo, refletindo mudan&ccedil;as no mercado de ve&iacute;culos e no comportamento dos consumidores. Entre os fatores apontados por especialistas est&atilde;o a valoriza&ccedil;&atilde;o dos &#8230; <\/p>\n<p class=\"read-more-container\"><a title=\"Seguro automotivo cresce 10,7% em Pernambuco\" class=\"read-more button\" href=\"https:\/\/blogdojuniorcavalcanti.com.br\/index.php\/2026\/03\/30\/seguro-automotivo-cresce-107-em-pernambuco\/#more-54964\" aria-label=\"More on Seguro automotivo cresce 10,7% em Pernambuco\">Leia mais<\/a><\/p>\n","protected":false},"author":2,"featured_media":54965,"comment_status":"open","ping_status":"open","sticky":false,"template":"","format":"standard","meta":{"footnotes":""},"categories":[38],"tags":[],"class_list":["post-54964","post","type-post","status-publish","format-standard","has-post-thumbnail","hentry","category-pernambuco","resize-featured-image"],"_links":{"self":[{"href":"https:\/\/blogdojuniorcavalcanti.com.br\/index.php\/wp-json\/wp\/v2\/posts\/54964","targetHints":{"allow":["GET"]}}],"collection":[{"href":"https:\/\/blogdojuniorcavalcanti.com.br\/index.php\/wp-json\/wp\/v2\/posts"}],"about":[{"href":"https:\/\/blogdojuniorcavalcanti.com.br\/index.php\/wp-json\/wp\/v2\/types\/post"}],"author":[{"embeddable":true,"href":"https:\/\/blogdojuniorcavalcanti.com.br\/index.php\/wp-json\/wp\/v2\/users\/2"}],"replies":[{"embeddable":true,"href":"https:\/\/blogdojuniorcavalcanti.com.br\/index.php\/wp-json\/wp\/v2\/comments?post=54964"}],"version-history":[{"count":1,"href":"https:\/\/blogdojuniorcavalcanti.com.br\/index.php\/wp-json\/wp\/v2\/posts\/54964\/revisions"}],"predecessor-version":[{"id":54966,"href":"https:\/\/blogdojuniorcavalcanti.com.br\/index.php\/wp-json\/wp\/v2\/posts\/54964\/revisions\/54966"}],"wp:featuredmedia":[{"embeddable":true,"href":"https:\/\/blogdojuniorcavalcanti.com.br\/index.php\/wp-json\/wp\/v2\/media\/54965"}],"wp:attachment":[{"href":"https:\/\/blogdojuniorcavalcanti.com.br\/index.php\/wp-json\/wp\/v2\/media?parent=54964"}],"wp:term":[{"taxonomy":"category","embeddable":true,"href":"https:\/\/blogdojuniorcavalcanti.com.br\/index.php\/wp-json\/wp\/v2\/categories?post=54964"},{"taxonomy":"post_tag","embeddable":true,"href":"https:\/\/blogdojuniorcavalcanti.com.br\/index.php\/wp-json\/wp\/v2\/tags?post=54964"}],"curies":[{"name":"wp","href":"https:\/\/api.w.org\/{rel}","templated":true}]}}