{"id":55297,"date":"2026-04-08T01:00:37","date_gmt":"2026-04-08T04:00:37","guid":{"rendered":"https:\/\/blogdojuniorcavalcanti.com.br\/?p=55297"},"modified":"2026-04-07T19:14:21","modified_gmt":"2026-04-07T22:14:21","slug":"em-petrolina-governadora-raquel-lyra-autoriza-pagamento-do-pix-tenis-e-obras-de-duas-creches","status":"publish","type":"post","link":"https:\/\/blogdojuniorcavalcanti.com.br\/index.php\/2026\/04\/08\/em-petrolina-governadora-raquel-lyra-autoriza-pagamento-do-pix-tenis-e-obras-de-duas-creches\/","title":{"rendered":"Em Petrolina, governadora Raquel Lyra autoriza pagamento do PIX T\u00eanis e obras de duas creches"},"content":{"rendered":"<p style=\"text-align: justify;\"><span style=\"font-size: 14pt; font-family: arial, helvetica, sans-serif;\">A governadora Raquel Lyra comandou, nesta ter\u00e7a-feira (7), em Petrolina, no Sert\u00e3o do S\u00e3o Francisco, a abertura da segunda etapa do Circuito Liter\u00e1rio de Pernambuco (Clipe) 2026. Com 34 estandes e mais de 600 editoras, a etapa d\u00e1 continuidade \u00e0 proposta do Clipe, que \u00e9 descentralizar o acesso \u00e0 leitura para a comunidade escolar do Estado.<\/span><\/p>\n<p style=\"text-align: justify;\"><span style=\"font-size: 14pt; font-family: arial, helvetica, sans-serif;\">Na ocasi\u00e3o, a chefe do Executivo estadual autorizou o in\u00edcio das obras de duas creches na cidade, com investimento superior a R$ 10 milh\u00f5es, nos bairros Dom Avelar e Jo\u00e3o de Deus, al\u00e9m do an\u00fancio de R$ 150 para 213 mil alunos com o Pix T\u00eanis. A vice-governadora Priscila Krause tamb\u00e9m participou da agenda.<\/span><\/p>\n<p style=\"text-align: justify;\"><span style=\"font-size: 14pt; font-family: arial, helvetica, sans-serif;\">\u201cPelo terceiro ano consecutivo, descentralizamos o Circuito Liter\u00e1rio de Pernambuco, trazendo para perto editores, professores e alunos, para um bom debate, ciclos liter\u00e1rios, e forma\u00e7\u00e3o de novos leitores. Cerca de 40 mil profissionais da nossa rede p\u00fablica estadual de ensino, entre eles professores, analistas e assistentes, receberam um b\u00f4nus para aquisi\u00e7\u00e3o de livros. Nesse ambiente digital do imediatismo, o esfor\u00e7o \u00e9 para garantir uma gera\u00e7\u00e3o de leitores e de pessoas mais cr\u00edticas e cultas\u201d, contou a governadora Raquel Lyra.<\/span><\/p>\n<p style=\"text-align: justify;\"><span style=\"font-size: 14pt; font-family: arial, helvetica, sans-serif;\">O Clipe \u00e9 aberto ao p\u00fablico e ter\u00e1 aten\u00e7\u00e3o especial aos profissionais das Ger\u00eancias Regionais de Educa\u00e7\u00e3o (GREs) que comp\u00f5em o Sert\u00e3o pernambucano.<\/span><\/p>\n<p style=\"text-align: justify;\"><span style=\"font-size: 14pt; font-family: arial, helvetica, sans-serif;\">Durante o circuito, profissionais da rede estadual t\u00eam direito ao B\u00f4nus Livro. O benef\u00edcio, utiliz\u00e1vel em qualquer uma das etapas do evento, garante a aquisi\u00e7\u00e3o de obras liter\u00e1rias e pedag\u00f3gicas, com o objetivo de fortalecer a pr\u00e1tica profissional e ampliar o repert\u00f3rio cultural.<\/span><\/p>\n","protected":false},"excerpt":{"rendered":"<p>A governadora Raquel Lyra comandou, nesta ter&ccedil;a-feira (7), em Petrolina, no Sert&atilde;o do S&atilde;o Francisco, a abertura da segunda etapa do Circuito Liter&aacute;rio de Pernambuco (Clipe) 2026. Com 34 estandes e mais de 600 editoras, a etapa d&aacute; continuidade &agrave; proposta do Clipe, que &eacute; descentralizar o acesso &agrave; leitura para a comunidade escolar do Estado. Na ocasi&atilde;o, a chefe do Executivo estadual autorizou o in&iacute;cio das obras de duas creches na cidade, com investimento superior a R$ 10 milh&otilde;es, nos bairros Dom Avelar e Jo&atilde;o de Deus, al&eacute;m do an&uacute;ncio de R$ 150 para 213 mil alunos com o &#8230; <\/p>\n<p class=\"read-more-container\"><a title=\"Em Petrolina, governadora Raquel Lyra autoriza pagamento do PIX T\u00eanis e obras de duas creches\" class=\"read-more button\" href=\"https:\/\/blogdojuniorcavalcanti.com.br\/index.php\/2026\/04\/08\/em-petrolina-governadora-raquel-lyra-autoriza-pagamento-do-pix-tenis-e-obras-de-duas-creches\/#more-55297\" aria-label=\"More on Em Petrolina, governadora Raquel Lyra autoriza pagamento do PIX T\u00eanis e obras de duas creches\">Leia mais<\/a><\/p>\n","protected":false},"author":2,"featured_media":55298,"comment_status":"open","ping_status":"open","sticky":false,"template":"","format":"standard","meta":{"footnotes":""},"categories":[27],"tags":[],"class_list":["post-55297","post","type-post","status-publish","format-standard","has-post-thumbnail","hentry","category-politica","resize-featured-image"],"_links":{"self":[{"href":"https:\/\/blogdojuniorcavalcanti.com.br\/index.php\/wp-json\/wp\/v2\/posts\/55297","targetHints":{"allow":["GET"]}}],"collection":[{"href":"https:\/\/blogdojuniorcavalcanti.com.br\/index.php\/wp-json\/wp\/v2\/posts"}],"about":[{"href":"https:\/\/blogdojuniorcavalcanti.com.br\/index.php\/wp-json\/wp\/v2\/types\/post"}],"author":[{"embeddable":true,"href":"https:\/\/blogdojuniorcavalcanti.com.br\/index.php\/wp-json\/wp\/v2\/users\/2"}],"replies":[{"embeddable":true,"href":"https:\/\/blogdojuniorcavalcanti.com.br\/index.php\/wp-json\/wp\/v2\/comments?post=55297"}],"version-history":[{"count":1,"href":"https:\/\/blogdojuniorcavalcanti.com.br\/index.php\/wp-json\/wp\/v2\/posts\/55297\/revisions"}],"predecessor-version":[{"id":55299,"href":"https:\/\/blogdojuniorcavalcanti.com.br\/index.php\/wp-json\/wp\/v2\/posts\/55297\/revisions\/55299"}],"wp:featuredmedia":[{"embeddable":true,"href":"https:\/\/blogdojuniorcavalcanti.com.br\/index.php\/wp-json\/wp\/v2\/media\/55298"}],"wp:attachment":[{"href":"https:\/\/blogdojuniorcavalcanti.com.br\/index.php\/wp-json\/wp\/v2\/media?parent=55297"}],"wp:term":[{"taxonomy":"category","embeddable":true,"href":"https:\/\/blogdojuniorcavalcanti.com.br\/index.php\/wp-json\/wp\/v2\/categories?post=55297"},{"taxonomy":"post_tag","embeddable":true,"href":"https:\/\/blogdojuniorcavalcanti.com.br\/index.php\/wp-json\/wp\/v2\/tags?post=55297"}],"curies":[{"name":"wp","href":"https:\/\/api.w.org\/{rel}","templated":true}]}}