{"id":55463,"date":"2026-04-12T15:03:34","date_gmt":"2026-04-12T18:03:34","guid":{"rendered":"https:\/\/blogdojuniorcavalcanti.com.br\/?p=55463"},"modified":"2026-04-12T18:04:22","modified_gmt":"2026-04-12T21:04:22","slug":"prefeito-zeca-cavalcanti-amplia-servicos-e-projeta-nova-fase-da-saude-em-arcoverde","status":"publish","type":"post","link":"https:\/\/blogdojuniorcavalcanti.com.br\/index.php\/2026\/04\/12\/prefeito-zeca-cavalcanti-amplia-servicos-e-projeta-nova-fase-da-saude-em-arcoverde\/","title":{"rendered":"Prefeito Zeca Cavalcanti amplia servi\u00e7os e projeta nova fase da sa\u00fade em Arcoverde"},"content":{"rendered":"<p style=\"text-align: justify;\">A sa\u00fade p\u00fablica de Arcoverde vem registrando avan\u00e7os cont\u00ednuos desde o in\u00edcio da gest\u00e3o do prefeito Zeca Cavalcanti, h\u00e1 um ano e tr\u00eas meses, com a amplia\u00e7\u00e3o de servi\u00e7os, a reorganiza\u00e7\u00e3o da rede e novos investimentos. Durante agenda realizada na \u00faltima ter\u00e7a-feira (8), o prefeito anunciou novos refor\u00e7os para o sistema municipal, indicando a continuidade de um processo de estrutura\u00e7\u00e3o que j\u00e1 apresenta resultados pr\u00e1ticos no atendimento \u00e0 popula\u00e7\u00e3o.<\/p>\n<p style=\"text-align: justify;\">Os an\u00fancios ocorreram durante a assinatura da ordem de servi\u00e7o da primeira Unidade B\u00e1sica de Sa\u00fade (UBS) de Porte III do munic\u00edpio. Entre as medidas anunciadas, est\u00e3o a aquisi\u00e7\u00e3o de um ve\u00edculo 0 km para a Vigil\u00e2ncia Sanit\u00e1ria \u2014 setor que j\u00e1 registra aumento de 300% nas fiscaliza\u00e7\u00f5es \u2014, a implanta\u00e7\u00e3o de uma UTI m\u00f3vel para o transporte de pacientes graves e a abertura de licita\u00e7\u00e3o para um micro-\u00f4nibus adaptado ao Tratamento Fora do Domic\u00edlio (TFD), ampliando o suporte aos usu\u00e1rios que necessitam de atendimento especializado em cidades mais pr\u00f3ximas.<\/p>\n<p style=\"text-align: justify;\">As a\u00e7\u00f5es fazem parte de uma estrat\u00e9gia adotada desde o in\u00edcio da gest\u00e3o, com foco na reestrutura\u00e7\u00e3o da rede municipal de sa\u00fade e no fortalecimento da Aten\u00e7\u00e3o Prim\u00e1ria. Ao longo desse per\u00edodo, a implanta\u00e7\u00e3o de novos servi\u00e7os, aliada \u00e0 reorganiza\u00e7\u00e3o das unidades existentes, vem ampliando o acesso, reduzindo gargalos hist\u00f3ricos e reposicionando o sistema como mais resolutivo e preparado para atender \u00e0s demandas da popula\u00e7\u00e3o.<\/p>\n<p style=\"text-align: justify;\">Ao comentar os avan\u00e7os, o prefeito Zeca Cavalcanti afirmou que os investimentos seguem um planejamento cont\u00ednuo. Segundo ele, o objetivo \u00e9 consolidar uma rede cada vez mais eficiente, com maior capacidade de resposta, garantindo mais agilidade, qualidade no atendimento e melhores condi\u00e7\u00f5es de cuidado para a popula\u00e7\u00e3o.<\/p>\n","protected":false},"excerpt":{"rendered":"<p>A sa&uacute;de p&uacute;blica de Arcoverde vem registrando avan&ccedil;os cont&iacute;nuos desde o in&iacute;cio da gest&atilde;o do prefeito Zeca Cavalcanti, h&aacute; um ano e tr&ecirc;s meses, com a amplia&ccedil;&atilde;o de servi&ccedil;os, a reorganiza&ccedil;&atilde;o da rede e novos investimentos. Durante agenda realizada na &uacute;ltima ter&ccedil;a-feira (8), o prefeito anunciou novos refor&ccedil;os para o sistema municipal, indicando a continuidade de um processo de estrutura&ccedil;&atilde;o que j&aacute; apresenta resultados pr&aacute;ticos no atendimento &agrave; popula&ccedil;&atilde;o. Os an&uacute;ncios ocorreram durante a assinatura da ordem de servi&ccedil;o da primeira Unidade B&aacute;sica de Sa&uacute;de (UBS) de Porte III do munic&iacute;pio. Entre as medidas anunciadas, est&atilde;o a aquisi&ccedil;&atilde;o de um &#8230; <\/p>\n<p class=\"read-more-container\"><a title=\"Prefeito Zeca Cavalcanti amplia servi\u00e7os e projeta nova fase da sa\u00fade em Arcoverde\" class=\"read-more button\" href=\"https:\/\/blogdojuniorcavalcanti.com.br\/index.php\/2026\/04\/12\/prefeito-zeca-cavalcanti-amplia-servicos-e-projeta-nova-fase-da-saude-em-arcoverde\/#more-55463\" aria-label=\"More on Prefeito Zeca Cavalcanti amplia servi\u00e7os e projeta nova fase da sa\u00fade em Arcoverde\">Leia mais<\/a><\/p>\n","protected":false},"author":1,"featured_media":55464,"comment_status":"open","ping_status":"open","sticky":false,"template":"","format":"standard","meta":{"footnotes":""},"categories":[25],"tags":[],"class_list":["post-55463","post","type-post","status-publish","format-standard","has-post-thumbnail","hentry","category-destaque","resize-featured-image"],"_links":{"self":[{"href":"https:\/\/blogdojuniorcavalcanti.com.br\/index.php\/wp-json\/wp\/v2\/posts\/55463","targetHints":{"allow":["GET"]}}],"collection":[{"href":"https:\/\/blogdojuniorcavalcanti.com.br\/index.php\/wp-json\/wp\/v2\/posts"}],"about":[{"href":"https:\/\/blogdojuniorcavalcanti.com.br\/index.php\/wp-json\/wp\/v2\/types\/post"}],"author":[{"embeddable":true,"href":"https:\/\/blogdojuniorcavalcanti.com.br\/index.php\/wp-json\/wp\/v2\/users\/1"}],"replies":[{"embeddable":true,"href":"https:\/\/blogdojuniorcavalcanti.com.br\/index.php\/wp-json\/wp\/v2\/comments?post=55463"}],"version-history":[{"count":1,"href":"https:\/\/blogdojuniorcavalcanti.com.br\/index.php\/wp-json\/wp\/v2\/posts\/55463\/revisions"}],"predecessor-version":[{"id":55465,"href":"https:\/\/blogdojuniorcavalcanti.com.br\/index.php\/wp-json\/wp\/v2\/posts\/55463\/revisions\/55465"}],"wp:featuredmedia":[{"embeddable":true,"href":"https:\/\/blogdojuniorcavalcanti.com.br\/index.php\/wp-json\/wp\/v2\/media\/55464"}],"wp:attachment":[{"href":"https:\/\/blogdojuniorcavalcanti.com.br\/index.php\/wp-json\/wp\/v2\/media?parent=55463"}],"wp:term":[{"taxonomy":"category","embeddable":true,"href":"https:\/\/blogdojuniorcavalcanti.com.br\/index.php\/wp-json\/wp\/v2\/categories?post=55463"},{"taxonomy":"post_tag","embeddable":true,"href":"https:\/\/blogdojuniorcavalcanti.com.br\/index.php\/wp-json\/wp\/v2\/tags?post=55463"}],"curies":[{"name":"wp","href":"https:\/\/api.w.org\/{rel}","templated":true}]}}