{"id":55622,"date":"2026-04-15T09:09:28","date_gmt":"2026-04-15T12:09:28","guid":{"rendered":"https:\/\/blogdojuniorcavalcanti.com.br\/?p=55622"},"modified":"2026-04-15T09:09:28","modified_gmt":"2026-04-15T12:09:28","slug":"professores-do-recife-e-olinda-aderem-a-paralisacao-nacional-e-suspendem-aulas-na-quarta-15","status":"publish","type":"post","link":"https:\/\/blogdojuniorcavalcanti.com.br\/index.php\/2026\/04\/15\/professores-do-recife-e-olinda-aderem-a-paralisacao-nacional-e-suspendem-aulas-na-quarta-15\/","title":{"rendered":"Professores do Recife e Olinda aderem \u00e0 paralisa\u00e7\u00e3o nacional e suspendem aulas na quarta (15)"},"content":{"rendered":"<div class=\"fotoNot\">\n<p class=\"credFotoNot text-[12px] my-2.5 font-medium tracking-[-3%] text-center text-black\" style=\"text-align: justify;\"><span style=\"font-size: 14pt; font-family: arial, helvetica, sans-serif;\">Professores da rede municipal do Recife aderem \u00e0 paralisa\u00e7\u00e3o nacional (Foto: Filipe Gondim)<\/span><\/p>\n<\/div>\n<p style=\"text-align: justify;\"><span style=\"font-size: 14pt; font-family: arial, helvetica, sans-serif;\"><strong>Professores<\/strong>\u00a0das redes municipais do\u00a0<strong>Recife e de Olinda<\/strong>\u00a0v\u00e3o aderir \u00e0\u00a0<strong>paralisa\u00e7\u00e3o nacional<\/strong>\u00a0da educa\u00e7\u00e3o nesta quarta-feira (15), com suspens\u00e3o das atividades em todos os turnos. A mobiliza\u00e7\u00e3o faz parte da 27\u00aa Semana Nacional em Defesa e Promo\u00e7\u00e3o da Educa\u00e7\u00e3o P\u00fablica, organizada pela Confedera\u00e7\u00e3o Nacional dos Trabalhadores em Educa\u00e7\u00e3o (CNTE), e re\u00fane trabalhadores da \u00e1rea em diversas regi\u00f5es do pa\u00eds.<\/span><\/p>\n<p style=\"text-align: justify;\"><span style=\"font-size: 14pt; font-family: arial, helvetica, sans-serif;\">No Recife, a paralisa\u00e7\u00e3o foi definida pelo Sindicato Municipal dos Profissionais de Ensino da Rede Oficial do Recife (SIMPERE). A entidade informa que a ades\u00e3o local acompanha o calend\u00e1rio nacional de mobiliza\u00e7\u00f5es, que tem como destaque a participa\u00e7\u00e3o de representantes da categoria na Marcha da Classe Trabalhadora, em Bras\u00edlia.<\/span><\/p>\n<p style=\"text-align: justify;\"><span style=\"font-size: 14pt; font-family: arial, helvetica, sans-serif;\">Segundo o sindicato, a Semana da Educa\u00e7\u00e3o tem como objetivo estimular o debate sobre o papel da educa\u00e7\u00e3o p\u00fablica na constru\u00e7\u00e3o de uma sociedade democr\u00e1tica, com foco em temas como igualdade, sustentabilidade e enfrentamento \u00e0 viol\u00eancia, incluindo o feminic\u00eddio. A programa\u00e7\u00e3o tamb\u00e9m refor\u00e7a pautas hist\u00f3ricas da categoria, como a defesa da gest\u00e3o democr\u00e1tica, da liberdade de ensino e do pluralismo de ideias, princ\u00edpios previstos na Constitui\u00e7\u00e3o Federal.<\/span><\/p>\n<p style=\"text-align: justify;\"><span style=\"font-size: 14pt; font-family: arial, helvetica, sans-serif;\">Entre os pontos levantados pelos trabalhadores est\u00e3o ainda cr\u00edticas \u00e0 militariza\u00e7\u00e3o de escolas, \u00e0 privatiza\u00e7\u00e3o do ensino e \u00e0 terceiriza\u00e7\u00e3o de profissionais, al\u00e9m da defesa da regulamenta\u00e7\u00e3o do uso da intelig\u00eancia artificial na educa\u00e7\u00e3o e do combate \u00e0 chamada \u201cplataformiza\u00e7\u00e3o\u201d do ensino.<\/span><\/p>\n<p style=\"text-align: justify;\"><span style=\"font-size: 14pt; font-family: arial, helvetica, sans-serif;\">Representantes do SIMPERE afirmam que a paralisa\u00e7\u00e3o integra um movimento nacional em defesa da educa\u00e7\u00e3o p\u00fablica e dos direitos da categoria. Para a dire\u00e7\u00e3o do sindicato, a mobiliza\u00e7\u00e3o busca fortalecer o debate sobre valoriza\u00e7\u00e3o profissional e condi\u00e7\u00f5es de trabalho.<\/span><\/p>\n<p style=\"text-align: justify;\"><span style=\"font-size: 14pt; font-family: arial, helvetica, sans-serif;\">Como parte da programa\u00e7\u00e3o no Recife, est\u00e1 prevista a realiza\u00e7\u00e3o de uma transmiss\u00e3o ao vivo na noite desta quarta-feira, com participa\u00e7\u00e3o de professores da rede municipal, para discutir desafios e perspectivas da educa\u00e7\u00e3o p\u00fablica.<\/span><\/p>\n<p style=\"text-align: justify;\"><span style=\"font-size: 14pt; font-family: arial, helvetica, sans-serif;\">O\u00a0<strong>Diario de Pernambuco<\/strong>\u00a0entrou em contato com a Secretaria de Educa\u00e7\u00e3o, mas n\u00e3o teve retorno.<\/span><\/p>\n<h2 style=\"text-align: justify;\"><span style=\"font-size: 14pt; font-family: arial, helvetica, sans-serif;\"><strong>Olinda tamb\u00e9m adere \u00e0 paralisa\u00e7\u00e3o<\/strong><\/span><\/h2>\n<p style=\"text-align: justify;\"><span style=\"font-size: 14pt; font-family: arial, helvetica, sans-serif;\">Em Olinda, o Sindicato dos Professores Municipais (Sinpmol) tamb\u00e9m confirmou ades\u00e3o ao movimento nacional. De acordo com a entidade, cerca de\u00a0<strong>100 escolas da rede municipal ter\u00e3o as atividades suspensas<\/strong>\u00a0nos tr\u00eas turnos ao longo do dia.<\/span><\/p>\n<p style=\"text-align: justify;\"><span style=\"font-size: 14pt; font-family: arial, helvetica, sans-serif;\">Entre as principais reivindica\u00e7\u00f5es da categoria est\u00e3o o cumprimento do piso salarial nacional do magist\u00e9rio, melhorias nas condi\u00e7\u00f5es de trabalho e cr\u00edticas ao que classificam como sucateamento da educa\u00e7\u00e3o p\u00fablica. Os professores tamb\u00e9m se posicionam contra a escala de trabalho 6&#215;1.<\/span><\/p>\n<p style=\"text-align: justify;\"><span style=\"font-size: 14pt; font-family: arial, helvetica, sans-serif;\">A dire\u00e7\u00e3o do sindicato afirma que a paralisa\u00e7\u00e3o ocorre em meio a negocia\u00e7\u00f5es com a gest\u00e3o municipal. Segundo a entidade, ainda n\u00e3o houve avan\u00e7os considerados satisfat\u00f3rios nas discuss\u00f5es. A prefeitura de Olinda n\u00e3o teve posicionamento inclu\u00eddo no material divulgado pelo sindicato.<\/span><\/p>\n<p style=\"text-align: justify;\"><span style=\"font-size: 14pt; font-family: arial, helvetica, sans-serif;\">Al\u00e9m da paralisa\u00e7\u00e3o desta quarta, os professores de Olinda aprovaram um calend\u00e1rio de mobiliza\u00e7\u00f5es. Est\u00e1 prevista para a quinta-feira (16) uma vig\u00edlia em frente \u00e0 sede da prefeitura, com realiza\u00e7\u00e3o de assembleia e nova rodada de negocia\u00e7\u00f5es.<\/span><\/p>\n<p style=\"text-align: justify;\">\n<div class=\"saibamaisNot border-t-[1px] border-t-gray-200 border-b-[1px] border-b-gray-200 py-5 px-3 text-[14px] font-light leading-[22px] tracking-[-5%]\" style=\"text-align: justify;\"><span class=\"h4 font-extrabold tracking-[-5%] leading-normal text-[18px] text-[var(--var-primary--color)] pb-3\" style=\"font-size: 14pt; font-family: arial, helvetica, sans-serif;\">Veja tamb\u00e9m:<\/span><\/p>\n<ul class=\"w-[90%] ml-[5%]\">\n<li class=\"list-disc my-2\"><span style=\"font-size: 14pt; font-family: arial, helvetica, sans-serif;\"><a href=\"https:\/\/www.diariodepernambuco.com.br\/vida-urbana\/2026\/04\/11711296-escolas-no-cabo-tem-risco-de-desabamento-insalubridade-e-falta-de-seguranca-diz-mppe.html\">Escolas no Cabo t\u00eam risco de desabamento, insalubridade e falta de seguran\u00e7a, diz MPPE<\/a><\/span><\/li>\n<li class=\"list-disc my-2\"><span style=\"font-size: 14pt; font-family: arial, helvetica, sans-serif;\"><a href=\"https:\/\/www.diariodepernambuco.com.br\/vida-urbana\/2026\/03\/11711166-pneus-queimados-bloqueiam-a-rua-princesa-isabel-no-centro-do-recife-em-protesto-dos-servidores-municipais.html\">Servidores municipais fazem protesto em frente \u00e0 C\u00e2mara do Recife<\/a><\/span><\/li>\n<li class=\"list-disc my-2\"><span style=\"font-size: 14pt; font-family: arial, helvetica, sans-serif;\"><a href=\"https:\/\/www.diariodepernambuco.com.br\/vida-urbana\/2026\/03\/11710675-alunos-de-letras-da-ufpe-denunciam-calor-mofo-e-presenca-de-ratos-em-departamento.html\">Alunos de curso da UFPE denunciam calor, mofo e presen\u00e7a de ratos em departamento<\/a><\/span><\/li>\n<\/ul>\n<\/div>\n<p style=\"text-align: justify;\">\n<p style=\"text-align: justify;\"><span style=\"font-size: 14pt; font-family: arial, helvetica, sans-serif;\">A paralisa\u00e7\u00e3o integra uma agenda nacional que mobiliza trabalhadores da educa\u00e7\u00e3o em diferentes estados, com reivindica\u00e7\u00f5es que envolvem desde quest\u00f5es salariais at\u00e9 pol\u00edticas p\u00fablicas para o setor.<\/span><\/p>\n<p style=\"text-align: justify;\"><span style=\"font-size: 14pt; font-family: arial, helvetica, sans-serif;\">Por meio de nota, a Prefeitura de Olinda disse que foi comunicada nesta ter\u00e7a-feira (14) sobre a\u00a0paralisa\u00e7\u00e3o. &#8220;Informamos que at\u00e9 o momento teremos a ades\u00e3o parcial das unidades de ensino do munic\u00edpio.&#8221;<\/span><\/p>\n","protected":false},"excerpt":{"rendered":"<p>Professores da rede municipal do Recife aderem &agrave; paralisa&ccedil;&atilde;o nacional (Foto: Filipe Gondim) Professores&nbsp;das redes municipais do&nbsp;Recife e de Olinda&nbsp;v&atilde;o aderir &agrave;&nbsp;paralisa&ccedil;&atilde;o nacional&nbsp;da educa&ccedil;&atilde;o nesta quarta-feira (15), com suspens&atilde;o das atividades em todos os turnos. A mobiliza&ccedil;&atilde;o faz parte da 27&ordf; Semana Nacional em Defesa e Promo&ccedil;&atilde;o da Educa&ccedil;&atilde;o P&uacute;blica, organizada pela Confedera&ccedil;&atilde;o Nacional dos Trabalhadores em Educa&ccedil;&atilde;o (CNTE), e re&uacute;ne trabalhadores da &aacute;rea em diversas regi&otilde;es do pa&iacute;s. No Recife, a paralisa&ccedil;&atilde;o foi definida pelo Sindicato Municipal dos Profissionais de Ensino da Rede Oficial do Recife (SIMPERE). A entidade informa que a ades&atilde;o local acompanha o calend&aacute;rio nacional de &#8230; <\/p>\n<p class=\"read-more-container\"><a title=\"Professores do Recife e Olinda aderem \u00e0 paralisa\u00e7\u00e3o nacional e suspendem aulas na quarta (15)\" class=\"read-more button\" href=\"https:\/\/blogdojuniorcavalcanti.com.br\/index.php\/2026\/04\/15\/professores-do-recife-e-olinda-aderem-a-paralisacao-nacional-e-suspendem-aulas-na-quarta-15\/#more-55622\" aria-label=\"More on Professores do Recife e Olinda aderem \u00e0 paralisa\u00e7\u00e3o nacional e suspendem aulas na quarta (15)\">Leia mais<\/a><\/p>\n","protected":false},"author":2,"featured_media":55623,"comment_status":"open","ping_status":"open","sticky":false,"template":"","format":"standard","meta":{"footnotes":""},"categories":[38],"tags":[],"class_list":["post-55622","post","type-post","status-publish","format-standard","has-post-thumbnail","hentry","category-pernambuco","resize-featured-image"],"_links":{"self":[{"href":"https:\/\/blogdojuniorcavalcanti.com.br\/index.php\/wp-json\/wp\/v2\/posts\/55622","targetHints":{"allow":["GET"]}}],"collection":[{"href":"https:\/\/blogdojuniorcavalcanti.com.br\/index.php\/wp-json\/wp\/v2\/posts"}],"about":[{"href":"https:\/\/blogdojuniorcavalcanti.com.br\/index.php\/wp-json\/wp\/v2\/types\/post"}],"author":[{"embeddable":true,"href":"https:\/\/blogdojuniorcavalcanti.com.br\/index.php\/wp-json\/wp\/v2\/users\/2"}],"replies":[{"embeddable":true,"href":"https:\/\/blogdojuniorcavalcanti.com.br\/index.php\/wp-json\/wp\/v2\/comments?post=55622"}],"version-history":[{"count":1,"href":"https:\/\/blogdojuniorcavalcanti.com.br\/index.php\/wp-json\/wp\/v2\/posts\/55622\/revisions"}],"predecessor-version":[{"id":55624,"href":"https:\/\/blogdojuniorcavalcanti.com.br\/index.php\/wp-json\/wp\/v2\/posts\/55622\/revisions\/55624"}],"wp:featuredmedia":[{"embeddable":true,"href":"https:\/\/blogdojuniorcavalcanti.com.br\/index.php\/wp-json\/wp\/v2\/media\/55623"}],"wp:attachment":[{"href":"https:\/\/blogdojuniorcavalcanti.com.br\/index.php\/wp-json\/wp\/v2\/media?parent=55622"}],"wp:term":[{"taxonomy":"category","embeddable":true,"href":"https:\/\/blogdojuniorcavalcanti.com.br\/index.php\/wp-json\/wp\/v2\/categories?post=55622"},{"taxonomy":"post_tag","embeddable":true,"href":"https:\/\/blogdojuniorcavalcanti.com.br\/index.php\/wp-json\/wp\/v2\/tags?post=55622"}],"curies":[{"name":"wp","href":"https:\/\/api.w.org\/{rel}","templated":true}]}}