{"id":55740,"date":"2026-04-18T01:00:37","date_gmt":"2026-04-18T04:00:37","guid":{"rendered":"https:\/\/blogdojuniorcavalcanti.com.br\/?p=55740"},"modified":"2026-04-17T18:50:21","modified_gmt":"2026-04-17T21:50:21","slug":"marconi-amplia-base-em-carnaiba-com-a-chegada-de-seninha-de-serra-branca","status":"publish","type":"post","link":"https:\/\/blogdojuniorcavalcanti.com.br\/index.php\/2026\/04\/18\/marconi-amplia-base-em-carnaiba-com-a-chegada-de-seninha-de-serra-branca\/","title":{"rendered":"MARCONI AMPLIA BASE EM CARNA\u00cdBA COM A CHEGADA DE SENINHA, DE SERRA BRANCA"},"content":{"rendered":"<p style=\"text-align: justify;\"><span style=\"font-size: 14pt; font-family: arial, helvetica, sans-serif;\">O projeto de Marconi Santana rumo \u00e0 Assembleia Legislativa de Pernambuco ganhou mais um refor\u00e7o de peso nas \u00faltimas horas. Em uma movimenta\u00e7\u00e3o estrat\u00e9gica na cena pol\u00edtica de Carna\u00edba, o pr\u00e9-candidato a deputado estadual anunciou a ades\u00e3o de Seninha, lideran\u00e7a respeitada do povoado de Serra Branca e ex-conselheiro tutelar.<\/span><\/p>\n<p style=\"text-align: justify;\"><span style=\"font-size: 14pt; font-family: arial, helvetica, sans-serif;\">A chegada de Seninha \u00e9 um movimento importante. Por ter atuado como conselheiro, o novo aliado traz consigo um conhecimento profundo das demandas sociais e da realidade das fam\u00edlias da zona rural, fortalecendo o discurso de Marconi em uma \u00e1rea onde o corpo a corpo e o servi\u00e7o prestado definem o voto.<\/span><\/p>\n<p style=\"text-align: justify;\"><span style=\"font-size: 14pt; font-family: arial, helvetica, sans-serif;\">Nos bastidores, o coment\u00e1rio \u00e9 que o grupo de Marconi vive um &#8220;efeito crescente&#8221; nos \u00faltimos meses. A cada semana, novas lideran\u00e7as \u2014 de ex-gestores a representantes comunit\u00e1rios \u2014 t\u00eam batido \u00e0 porta para declarar apoio. Para os observadores pol\u00edticos do Sert\u00e3o, esse crescimento org\u00e2nico \u00e9 o reflexo de um trabalho que tem conseguido atrair &#8220;gente de bem&#8221; e nomes com densidade eleitoral.<\/span><\/p>\n<p style=\"text-align: justify;\"><span style=\"font-size: 14pt; font-family: arial, helvetica, sans-serif;\">Ao comemorar a chegada do novo parceiro, Marconi foi enf\u00e1tico: &#8220;O apoio de Seninha chega para somar for\u00e7as e nos dar ainda mais energia. Estamos cada vez mais preparados e o nosso time n\u00e3o para de crescer porque as pessoas acreditam na seriedade desse projeto&#8221;. Com mais essa pe\u00e7a no tabuleiro, Marconi consolida sua pr\u00e9-candidatura como uma das mais competitivas da regi\u00e3o, mantendo o ritmo acelerado e o radar ligado em cada lugar do Paje\u00fa.<\/span><\/p>\n","protected":false},"excerpt":{"rendered":"<p>O projeto de Marconi Santana rumo &agrave; Assembleia Legislativa de Pernambuco ganhou mais um refor&ccedil;o de peso nas &uacute;ltimas horas. Em uma movimenta&ccedil;&atilde;o estrat&eacute;gica na cena pol&iacute;tica de Carna&iacute;ba, o pr&eacute;-candidato a deputado estadual anunciou a ades&atilde;o de Seninha, lideran&ccedil;a respeitada do povoado de Serra Branca e ex-conselheiro tutelar. A chegada de Seninha &eacute; um movimento importante. Por ter atuado como conselheiro, o novo aliado traz consigo um conhecimento profundo das demandas sociais e da realidade das fam&iacute;lias da zona rural, fortalecendo o discurso de Marconi em uma &aacute;rea onde o corpo a corpo e o servi&ccedil;o prestado definem o &#8230; <\/p>\n<p class=\"read-more-container\"><a title=\"MARCONI AMPLIA BASE EM CARNA\u00cdBA COM A CHEGADA DE SENINHA, DE SERRA BRANCA\" class=\"read-more button\" href=\"https:\/\/blogdojuniorcavalcanti.com.br\/index.php\/2026\/04\/18\/marconi-amplia-base-em-carnaiba-com-a-chegada-de-seninha-de-serra-branca\/#more-55740\" aria-label=\"More on MARCONI AMPLIA BASE EM CARNA\u00cdBA COM A CHEGADA DE SENINHA, DE SERRA BRANCA\">Leia mais<\/a><\/p>\n","protected":false},"author":2,"featured_media":55741,"comment_status":"open","ping_status":"open","sticky":false,"template":"","format":"standard","meta":{"footnotes":""},"categories":[25],"tags":[],"class_list":["post-55740","post","type-post","status-publish","format-standard","has-post-thumbnail","hentry","category-destaque","resize-featured-image"],"_links":{"self":[{"href":"https:\/\/blogdojuniorcavalcanti.com.br\/index.php\/wp-json\/wp\/v2\/posts\/55740","targetHints":{"allow":["GET"]}}],"collection":[{"href":"https:\/\/blogdojuniorcavalcanti.com.br\/index.php\/wp-json\/wp\/v2\/posts"}],"about":[{"href":"https:\/\/blogdojuniorcavalcanti.com.br\/index.php\/wp-json\/wp\/v2\/types\/post"}],"author":[{"embeddable":true,"href":"https:\/\/blogdojuniorcavalcanti.com.br\/index.php\/wp-json\/wp\/v2\/users\/2"}],"replies":[{"embeddable":true,"href":"https:\/\/blogdojuniorcavalcanti.com.br\/index.php\/wp-json\/wp\/v2\/comments?post=55740"}],"version-history":[{"count":1,"href":"https:\/\/blogdojuniorcavalcanti.com.br\/index.php\/wp-json\/wp\/v2\/posts\/55740\/revisions"}],"predecessor-version":[{"id":55742,"href":"https:\/\/blogdojuniorcavalcanti.com.br\/index.php\/wp-json\/wp\/v2\/posts\/55740\/revisions\/55742"}],"wp:featuredmedia":[{"embeddable":true,"href":"https:\/\/blogdojuniorcavalcanti.com.br\/index.php\/wp-json\/wp\/v2\/media\/55741"}],"wp:attachment":[{"href":"https:\/\/blogdojuniorcavalcanti.com.br\/index.php\/wp-json\/wp\/v2\/media?parent=55740"}],"wp:term":[{"taxonomy":"category","embeddable":true,"href":"https:\/\/blogdojuniorcavalcanti.com.br\/index.php\/wp-json\/wp\/v2\/categories?post=55740"},{"taxonomy":"post_tag","embeddable":true,"href":"https:\/\/blogdojuniorcavalcanti.com.br\/index.php\/wp-json\/wp\/v2\/tags?post=55740"}],"curies":[{"name":"wp","href":"https:\/\/api.w.org\/{rel}","templated":true}]}}