{"id":5615,"date":"2019-11-19T19:35:33","date_gmt":"2019-11-19T22:35:33","guid":{"rendered":"http:\/\/blogdojuniorcavalcanti.com.br\/?p=5615"},"modified":"2019-11-19T19:35:33","modified_gmt":"2019-11-19T22:35:33","slug":"novas-regras-eleitorais-sao-apresentadas-a-prefeitos-pernambucanos","status":"publish","type":"post","link":"https:\/\/blogdojuniorcavalcanti.com.br\/index.php\/2019\/11\/19\/novas-regras-eleitorais-sao-apresentadas-a-prefeitos-pernambucanos\/","title":{"rendered":"Novas regras eleitorais s\u00e3o apresentadas a prefeitos pernambucanos"},"content":{"rendered":"<div id=\"attachment_163084\" class=\"wp-caption alignleft\" style=\"text-align: justify;\"><span style=\"font-size: 14pt;\"><a href=\"https:\/\/i2.wp.com\/nilljunior.com.br\/wp-content\/uploads\/2019\/11\/Ministro-Tarc%C3%ADsio-Vieira-297314.jpeg\"><img fetchpriority=\"high\" decoding=\"async\" class=\"size-medium wp-image-163084\" src=\"https:\/\/i2.wp.com\/nilljunior.com.br\/wp-content\/uploads\/2019\/11\/Ministro-Tarc%C3%ADsio-Vieira-297314.jpeg?resize=300%2C200\" sizes=\"(max-width: 300px) 100vw, 300px\" srcset=\"https:\/\/i2.wp.com\/nilljunior.com.br\/wp-content\/uploads\/2019\/11\/Ministro-Tarc\u00edsio-Vieira-297314.jpeg?resize=300%2C200 300w, https:\/\/i2.wp.com\/nilljunior.com.br\/wp-content\/uploads\/2019\/11\/Ministro-Tarc\u00edsio-Vieira-297314.jpeg?resize=150%2C100 150w, https:\/\/i2.wp.com\/nilljunior.com.br\/wp-content\/uploads\/2019\/11\/Ministro-Tarc\u00edsio-Vieira-297314.jpeg?resize=768%2C512 768w, https:\/\/i2.wp.com\/nilljunior.com.br\/wp-content\/uploads\/2019\/11\/Ministro-Tarc\u00edsio-Vieira-297314.jpeg?resize=600%2C400 600w, https:\/\/i2.wp.com\/nilljunior.com.br\/wp-content\/uploads\/2019\/11\/Ministro-Tarc\u00edsio-Vieira-297314.jpeg?w=1280 1280w\" alt=\"\" width=\"300\" height=\"200\" data-attachment-id=\"163084\" data-permalink=\"http:\/\/nilljunior.com.br\/novas-regras-eleitorais-sao-apresentadas-a-prefeitos-pernambucanos\/ministro-tarcisio-vieira-297314\/\" data-orig-file=\"https:\/\/i2.wp.com\/nilljunior.com.br\/wp-content\/uploads\/2019\/11\/Ministro-Tarc\u00edsio-Vieira-297314.jpeg?fit=1280%2C853\" data-orig-size=\"1280,853\" data-comments-opened=\"1\" data-image-meta=\"{&quot;aperture&quot;:&quot;0&quot;,&quot;credit&quot;:&quot;&quot;,&quot;camera&quot;:&quot;&quot;,&quot;caption&quot;:&quot;&quot;,&quot;created_timestamp&quot;:&quot;0&quot;,&quot;copyright&quot;:&quot;&quot;,&quot;focal_length&quot;:&quot;0&quot;,&quot;iso&quot;:&quot;0&quot;,&quot;shutter_speed&quot;:&quot;0&quot;,&quot;title&quot;:&quot;&quot;,&quot;orientation&quot;:&quot;0&quot;}\" data-image-title=\"Ministro Tarc\u00edsio Vieira (2)[97314]\" data-image-description=\"\" data-medium-file=\"https:\/\/i2.wp.com\/nilljunior.com.br\/wp-content\/uploads\/2019\/11\/Ministro-Tarc\u00edsio-Vieira-297314.jpeg?fit=300%2C200\" data-large-file=\"https:\/\/i2.wp.com\/nilljunior.com.br\/wp-content\/uploads\/2019\/11\/Ministro-Tarc\u00edsio-Vieira-297314.jpeg?fit=600%2C400\" \/><\/a><\/span><\/p>\n<p class=\"wp-caption-text\"><span style=\"font-size: 14pt; font-family: arial, helvetica, sans-serif;\">Foto: Leandro Maciel<\/span><\/p>\n<\/div>\n<p style=\"text-align: justify;\"><span style=\"font-size: 14pt; font-family: arial, helvetica, sans-serif;\">Reunindo profissionais de diversas \u00e1reas da comunica\u00e7\u00e3o e do Direito Eleitoral do pa\u00eds, o 1\u00ba Curso de Capacita\u00e7\u00e3o \u2013 Elei\u00e7\u00f5es 2020 contou com a presen\u00e7a de mais de 50 prefeitos pernambucanos, nesta segunda-feira, no Centro de Conven\u00e7\u00f5es, no Recife. Cerca de 200 pessoas, entre pr\u00e9-candidatos majorit\u00e1rios e proporcionais, participaram da atividade, que foi pioneira no Estado. Uma das principais palestras foi a promovida pelo ministro do Tribunal Superior Eleitoral, Tarc\u00edsio Vieira de Carvalho Neto.<\/span><\/p>\n<p style=\"text-align: justify;\"><span style=\"font-size: 14pt; font-family: arial, helvetica, sans-serif;\">O representante do TSE veio ao Estado para falar aos prefeitos pernambucanos e candidatos na pr\u00f3xima elei\u00e7\u00e3o sobre as condutas vedadas a agentes pol\u00edticos. Ele destacou a import\u00e2ncia da atividade realizada pelo Instituto de Direito Eleitoral e P\u00fablico de Pernambuco em parceria com a Amupe. \u201cEssa \u00e9 uma iniciativa pioneira dos organizadores em trabalharem esses temas no primeiro curso de capacita\u00e7\u00e3o para candidatos para que os destinat\u00e1rios tenham conhecimento das regras\u201d, afirmou o ministro.<\/span><\/p>\n<p style=\"text-align: justify;\"><span style=\"font-size: 14pt; font-family: arial, helvetica, sans-serif;\">Em entrevista, Tarc\u00edsio Vieira explicou o objetivo da sua palestra. \u201cTodos os agentes p\u00fablicos est\u00e3o obrigados a observar o regramento legal que impede o uso da m\u00e1quina em favor de candidaturas e candidatos. H\u00e1 uma s\u00e9rie de preocupa\u00e7\u00f5es nesse \u00e2mbito. \u00c9 um assunto muito caro a prefeitos e vereadores e que podem ter risco resultando em cassa\u00e7\u00f5es e multas\u201d, comentou.<\/span><\/p>\n<p style=\"text-align: justify;\"><span style=\"font-size: 14pt; font-family: arial, helvetica, sans-serif;\">A atividade contou com as palestras do jornalista Magno Martins, sobre a rela\u00e7\u00e3o dos pol\u00edticos com a imprensa, de Marcela Montenegro, que abordou a influ\u00eancia das pesquisas nas elei\u00e7\u00f5es.<\/span><\/p>\n<p style=\"text-align: justify;\"><span style=\"font-size: 14pt; font-family: arial, helvetica, sans-serif;\">Por outro lado, as quest\u00f5es de \u00e2mbito do Direito Eleitoral foram abordadas pela advogada Diana C\u00e2mara, que falou sobre os aspectos da \u00faltima minirreforma eleitoral. Presta\u00e7\u00e3o de contas ficou a cargo do servidor do TRE Marcos Jos\u00e9, al\u00e9m da participa\u00e7\u00e3o de Orson Lemos, que destacou as inova\u00e7\u00f5es da Justi\u00e7a Eleitoral, Fake News e propaganda, e da advogada Gabriela Rollemberg, que palestrou sobre Publicidade Institucional e seus riscos durante a elei\u00e7\u00e3o. O advogado Diogo Rais falou sobre m\u00eddias sociais e elei\u00e7\u00f5es pelo prisma do Direito Eleitoral Digital.<\/span><\/p>\n<p style=\"text-align: justify;\"><span style=\"font-size: 14pt; font-family: arial, helvetica, sans-serif;\">\u201cO evento cumpriu seu objetivo: capacitar os prefeitos pernambucanos que v\u00eam para a reelei\u00e7\u00e3o e os pr\u00e9-candidatos que almejam disputar a elei\u00e7\u00e3o e precisam estar atentos sobre as novas diretrizes da Justi\u00e7a Eleitoral. Costumo dizer que informa\u00e7\u00e3o \u00e9 poder esse, sem d\u00favida, foi um momento para ouvir importantes especialistas com atua\u00e7\u00e3o na esfera nacional\u201d, destacou a advogada Diana C\u00e2mara, organizadora do evento.<\/span><\/p>\n","protected":false},"excerpt":{"rendered":"<p>Foto: Leandro Maciel Reunindo profissionais de diversas &aacute;reas da comunica&ccedil;&atilde;o e do Direito Eleitoral do pa&iacute;s, o 1&ordm; Curso de Capacita&ccedil;&atilde;o &ndash; Elei&ccedil;&otilde;es 2020 contou com a presen&ccedil;a de mais de 50 prefeitos pernambucanos, nesta segunda-feira, no Centro de Conven&ccedil;&otilde;es, no Recife. Cerca de 200 pessoas, entre pr&eacute;-candidatos majorit&aacute;rios e proporcionais, participaram da atividade, que foi pioneira no Estado. Uma das principais palestras foi a promovida pelo ministro do Tribunal Superior Eleitoral, Tarc&iacute;sio Vieira de Carvalho Neto. O representante do TSE veio ao Estado para falar aos prefeitos pernambucanos e candidatos na pr&oacute;xima elei&ccedil;&atilde;o sobre as condutas vedadas a agentes &#8230; <\/p>\n<p class=\"read-more-container\"><a title=\"Novas regras eleitorais s\u00e3o apresentadas a prefeitos pernambucanos\" class=\"read-more button\" href=\"https:\/\/blogdojuniorcavalcanti.com.br\/index.php\/2019\/11\/19\/novas-regras-eleitorais-sao-apresentadas-a-prefeitos-pernambucanos\/#more-5615\" aria-label=\"More on Novas regras eleitorais s\u00e3o apresentadas a prefeitos pernambucanos\">Leia mais<\/a><\/p>\n","protected":false},"author":2,"featured_media":0,"comment_status":"open","ping_status":"open","sticky":false,"template":"","format":"standard","meta":{"footnotes":""},"categories":[1],"tags":[],"class_list":["post-5615","post","type-post","status-publish","format-standard","hentry","category-sem-categoria"],"_links":{"self":[{"href":"https:\/\/blogdojuniorcavalcanti.com.br\/index.php\/wp-json\/wp\/v2\/posts\/5615","targetHints":{"allow":["GET"]}}],"collection":[{"href":"https:\/\/blogdojuniorcavalcanti.com.br\/index.php\/wp-json\/wp\/v2\/posts"}],"about":[{"href":"https:\/\/blogdojuniorcavalcanti.com.br\/index.php\/wp-json\/wp\/v2\/types\/post"}],"author":[{"embeddable":true,"href":"https:\/\/blogdojuniorcavalcanti.com.br\/index.php\/wp-json\/wp\/v2\/users\/2"}],"replies":[{"embeddable":true,"href":"https:\/\/blogdojuniorcavalcanti.com.br\/index.php\/wp-json\/wp\/v2\/comments?post=5615"}],"version-history":[{"count":1,"href":"https:\/\/blogdojuniorcavalcanti.com.br\/index.php\/wp-json\/wp\/v2\/posts\/5615\/revisions"}],"predecessor-version":[{"id":5616,"href":"https:\/\/blogdojuniorcavalcanti.com.br\/index.php\/wp-json\/wp\/v2\/posts\/5615\/revisions\/5616"}],"wp:attachment":[{"href":"https:\/\/blogdojuniorcavalcanti.com.br\/index.php\/wp-json\/wp\/v2\/media?parent=5615"}],"wp:term":[{"taxonomy":"category","embeddable":true,"href":"https:\/\/blogdojuniorcavalcanti.com.br\/index.php\/wp-json\/wp\/v2\/categories?post=5615"},{"taxonomy":"post_tag","embeddable":true,"href":"https:\/\/blogdojuniorcavalcanti.com.br\/index.php\/wp-json\/wp\/v2\/tags?post=5615"}],"curies":[{"name":"wp","href":"https:\/\/api.w.org\/{rel}","templated":true}]}}