{"id":56721,"date":"2026-05-12T07:49:51","date_gmt":"2026-05-12T10:49:51","guid":{"rendered":"https:\/\/blogdojuniorcavalcanti.com.br\/?p=56721"},"modified":"2026-05-12T07:49:51","modified_gmt":"2026-05-12T10:49:51","slug":"homem-e-acusado-de-estuprar-crianca-de-8-anos-na-zona-rural-de-st","status":"publish","type":"post","link":"https:\/\/blogdojuniorcavalcanti.com.br\/index.php\/2026\/05\/12\/homem-e-acusado-de-estuprar-crianca-de-8-anos-na-zona-rural-de-st\/","title":{"rendered":"Homem \u00e9 acusado de estuprar crian\u00e7a de 8 anos na zona rural de ST"},"content":{"rendered":"<figure id=\"attachment_684908\" class=\"wp-caption aligncenter amp-wp-9d7c7fd\" style=\"text-align: justify;\" aria-describedby=\"caption-attachment-684908\" data-amp-original-style=\"width: 1280px\"><figcaption id=\"caption-attachment-684908\" class=\"wp-caption-text\"><span style=\"font-size: 14pt; font-family: arial, helvetica, sans-serif;\">Foto: Licca Lima\/Farol de Not\u00edcias<\/span><\/p>\n<\/figcaption><\/figure>\n<p style=\"text-align: justify;\"><span style=\"font-size: 14pt; font-family: arial, helvetica, sans-serif;\">Um homem est\u00e1 sendo acusado de estuprar uma crian\u00e7a de apenas oito anos, na regi\u00e3o do S\u00edtio Batalha, zona rural de Serra Talhada. Nessa segunda-feira (11), a m\u00e3e da v\u00edtima procurou a Delegacia de Policia, que acionou a Pol\u00edcia Militar.<\/span><\/p>\n<p style=\"text-align: justify;\"><span style=\"font-size: 14pt; font-family: arial, helvetica, sans-serif;\">De acordo com o 14\u00ba BPM, a pol\u00edcia foi informada pela m\u00e3e que o suspeito ainda encontrava-se nas proximidades da resid\u00eancia da menor.<\/span><\/p>\n<p style=\"text-align: justify;\"><span style=\"font-size: 14pt; font-family: arial, helvetica, sans-serif;\">Diante as informa\u00e7\u00f5es, a guarni\u00e7\u00e3o se deslocou at\u00e9 a entrada do S\u00edtio S\u00e3o Jo\u00e3o dos Gaia, onde localizou o suspeito, numa varanda de uma resid\u00eancia. Durante a abordagem, o homem negou as acusa\u00e7\u00f5es. Por\u00e9m, segundo a pol\u00edcia, a menor relatou que teria recebido doces do suspeito e o abuso teria sido praticado.<\/span><\/p>\n<p style=\"text-align: justify;\"><span style=\"font-size: 14pt; font-family: arial, helvetica, sans-serif;\">Diante os fatos, as partes foram conduzidas \u00e0 delegacia de pol\u00edcia local.<\/span><\/p>\n","protected":false},"excerpt":{"rendered":"<p>Foto: Licca Lima\/Farol de Not&iacute;cias Um homem est&aacute; sendo acusado de estuprar uma crian&ccedil;a de apenas oito anos, na regi&atilde;o do S&iacute;tio Batalha, zona rural de Serra Talhada. Nessa segunda-feira (11), a m&atilde;e da v&iacute;tima procurou a Delegacia de Policia, que acionou a Pol&iacute;cia Militar. De acordo com o 14&ordm; BPM, a pol&iacute;cia foi informada pela m&atilde;e que o suspeito ainda encontrava-se nas proximidades da resid&ecirc;ncia da menor. Diante as informa&ccedil;&otilde;es, a guarni&ccedil;&atilde;o se deslocou at&eacute; a entrada do S&iacute;tio S&atilde;o Jo&atilde;o dos Gaia, onde localizou o suspeito, numa varanda de uma resid&ecirc;ncia. Durante a abordagem, o homem negou as &#8230; <\/p>\n<p class=\"read-more-container\"><a title=\"Homem \u00e9 acusado de estuprar crian\u00e7a de 8 anos na zona rural de ST\" class=\"read-more button\" href=\"https:\/\/blogdojuniorcavalcanti.com.br\/index.php\/2026\/05\/12\/homem-e-acusado-de-estuprar-crianca-de-8-anos-na-zona-rural-de-st\/#more-56721\" aria-label=\"More on Homem \u00e9 acusado de estuprar crian\u00e7a de 8 anos na zona rural de ST\">Leia mais<\/a><\/p>\n","protected":false},"author":2,"featured_media":56722,"comment_status":"open","ping_status":"open","sticky":false,"template":"","format":"standard","meta":{"footnotes":""},"categories":[29],"tags":[],"class_list":["post-56721","post","type-post","status-publish","format-standard","has-post-thumbnail","hentry","category-policial","resize-featured-image"],"_links":{"self":[{"href":"https:\/\/blogdojuniorcavalcanti.com.br\/index.php\/wp-json\/wp\/v2\/posts\/56721","targetHints":{"allow":["GET"]}}],"collection":[{"href":"https:\/\/blogdojuniorcavalcanti.com.br\/index.php\/wp-json\/wp\/v2\/posts"}],"about":[{"href":"https:\/\/blogdojuniorcavalcanti.com.br\/index.php\/wp-json\/wp\/v2\/types\/post"}],"author":[{"embeddable":true,"href":"https:\/\/blogdojuniorcavalcanti.com.br\/index.php\/wp-json\/wp\/v2\/users\/2"}],"replies":[{"embeddable":true,"href":"https:\/\/blogdojuniorcavalcanti.com.br\/index.php\/wp-json\/wp\/v2\/comments?post=56721"}],"version-history":[{"count":1,"href":"https:\/\/blogdojuniorcavalcanti.com.br\/index.php\/wp-json\/wp\/v2\/posts\/56721\/revisions"}],"predecessor-version":[{"id":56723,"href":"https:\/\/blogdojuniorcavalcanti.com.br\/index.php\/wp-json\/wp\/v2\/posts\/56721\/revisions\/56723"}],"wp:featuredmedia":[{"embeddable":true,"href":"https:\/\/blogdojuniorcavalcanti.com.br\/index.php\/wp-json\/wp\/v2\/media\/56722"}],"wp:attachment":[{"href":"https:\/\/blogdojuniorcavalcanti.com.br\/index.php\/wp-json\/wp\/v2\/media?parent=56721"}],"wp:term":[{"taxonomy":"category","embeddable":true,"href":"https:\/\/blogdojuniorcavalcanti.com.br\/index.php\/wp-json\/wp\/v2\/categories?post=56721"},{"taxonomy":"post_tag","embeddable":true,"href":"https:\/\/blogdojuniorcavalcanti.com.br\/index.php\/wp-json\/wp\/v2\/tags?post=56721"}],"curies":[{"name":"wp","href":"https:\/\/api.w.org\/{rel}","templated":true}]}}