{"id":56733,"date":"2026-05-13T07:32:28","date_gmt":"2026-05-13T10:32:28","guid":{"rendered":"https:\/\/blogdojuniorcavalcanti.com.br\/?p=56733"},"modified":"2026-05-13T07:32:28","modified_gmt":"2026-05-13T10:32:28","slug":"governo-municipal-de-solidao-emite-nota-de-pesar-por-falecimento-de-jovem-em-acidente-com-onibus-do-municipio","status":"publish","type":"post","link":"https:\/\/blogdojuniorcavalcanti.com.br\/index.php\/2026\/05\/13\/governo-municipal-de-solidao-emite-nota-de-pesar-por-falecimento-de-jovem-em-acidente-com-onibus-do-municipio\/","title":{"rendered":"Governo Municipal de Solid\u00e3o emite nota de pesar por falecimento de jovem em acidente com \u00f4nibus do munic\u00edpio"},"content":{"rendered":"<p style=\"text-align: justify;\"><span style=\"font-size: 14pt; font-family: arial, helvetica, sans-serif;\">O Governo Municipal de Solid\u00e3o, por meio da Secretaria Municipal de Educa\u00e7\u00e3o, manifestou profundo pesar pelo falecimento da jovem Emanoela Diolinda Gomes do \u00d3, de 17 anos, natural de Ingazeira.<\/span><\/p>\n<p style=\"text-align: justify;\"><span style=\"font-size: 14pt; font-family: arial, helvetica, sans-serif;\">A jovem foi v\u00edtima de um acidente de tr\u00e2nsito ocorrido na noite desta segunda-feira, 11 de maio de 2026, na cidade de Afogados da Ingazeira. O acidente envolveu uma motocicleta e um \u00f4nibus do transporte escolar do munic\u00edpio de Solid\u00e3o. Segundo a Pol\u00edcia,\u00a0 a jovem saiu de sua faixa guiando uma moto e chocou-se frontalmente com o ve\u00edculo.<\/span><\/p>\n<p style=\"text-align: justify;\"><span style=\"font-size: 14pt; font-family: arial, helvetica, sans-serif;\">Desde a confirma\u00e7\u00e3o do ocorrido, o munic\u00edpio acompanhou a situa\u00e7\u00e3o com seriedade e responsabilidade, prestando apoio e mantendo contato com as autoridades competentes para o acompanhamento das informa\u00e7\u00f5es relacionadas ao caso.<\/span><\/p>\n<p style=\"text-align: justify;\"><span style=\"font-size: 14pt; font-family: arial, helvetica, sans-serif;\">Em nota oficial, o Governo Municipal se solidarizou com familiares, amigos e toda a comunidade enlutada neste momento de profunda dor e consterna\u00e7\u00e3o.<\/span><\/p>\n<p style=\"text-align: justify;\"><span style=\"font-size: 14pt; font-family: arial, helvetica, sans-serif;\">\u201cRogamos a Deus que conceda conforto, for\u00e7a e serenidade aos familiares e amigos neste momento t\u00e3o dif\u00edcil. Reafirmamos tamb\u00e9m nosso compromisso com a transpar\u00eancia, a responsabilidade e, acima de tudo, com o respeito \u00e0 vida\u201d, destacou a gest\u00e3o municipal.<\/span><\/p>\n<p style=\"text-align: justify;\"><span style=\"font-size: 14pt; font-family: arial, helvetica, sans-serif;\">A trag\u00e9dia causou forte como\u00e7\u00e3o na regi\u00e3o do Paje\u00fa, mobilizando manifesta\u00e7\u00f5es de solidariedade nas redes sociais e entre moradores de diversos munic\u00edpios.<\/span><\/p>\n<p style=\"text-align: justify;\"><span style=\"font-size: 14pt; font-family: arial, helvetica, sans-serif;\">O Governo Municipal de Solid\u00e3o tamb\u00e9m expressou seus sinceros sentimentos pela perda precoce da jovem e refor\u00e7ou que seguir\u00e1 acompanhando os desdobramentos do caso com respeito \u00e0s pessoas envolvidas e \u00e0s fam\u00edlias atingidas pela trag\u00e9dia. O motorista e os alunos ficaram abalados com a trag\u00e9dia.<\/span><\/p>\n","protected":false},"excerpt":{"rendered":"<p>O Governo Municipal de Solid&atilde;o, por meio da Secretaria Municipal de Educa&ccedil;&atilde;o, manifestou profundo pesar pelo falecimento da jovem Emanoela Diolinda Gomes do &Oacute;, de 17 anos, natural de Ingazeira. A jovem foi v&iacute;tima de um acidente de tr&acirc;nsito ocorrido na noite desta segunda-feira, 11 de maio de 2026, na cidade de Afogados da Ingazeira. O acidente envolveu uma motocicleta e um &ocirc;nibus do transporte escolar do munic&iacute;pio de Solid&atilde;o. Segundo a Pol&iacute;cia,&nbsp; a jovem saiu de sua faixa guiando uma moto e chocou-se frontalmente com o ve&iacute;culo. Desde a confirma&ccedil;&atilde;o do ocorrido, o munic&iacute;pio acompanhou a situa&ccedil;&atilde;o com seriedade &#8230; <\/p>\n<p class=\"read-more-container\"><a title=\"Governo Municipal de Solid\u00e3o emite nota de pesar por falecimento de jovem em acidente com \u00f4nibus do munic\u00edpio\" class=\"read-more button\" href=\"https:\/\/blogdojuniorcavalcanti.com.br\/index.php\/2026\/05\/13\/governo-municipal-de-solidao-emite-nota-de-pesar-por-falecimento-de-jovem-em-acidente-com-onibus-do-municipio\/#more-56733\" aria-label=\"More on Governo Municipal de Solid\u00e3o emite nota de pesar por falecimento de jovem em acidente com \u00f4nibus do munic\u00edpio\">Leia mais<\/a><\/p>\n","protected":false},"author":2,"featured_media":56734,"comment_status":"open","ping_status":"open","sticky":false,"template":"","format":"standard","meta":{"footnotes":""},"categories":[25],"tags":[],"class_list":["post-56733","post","type-post","status-publish","format-standard","has-post-thumbnail","hentry","category-destaque","resize-featured-image"],"_links":{"self":[{"href":"https:\/\/blogdojuniorcavalcanti.com.br\/index.php\/wp-json\/wp\/v2\/posts\/56733","targetHints":{"allow":["GET"]}}],"collection":[{"href":"https:\/\/blogdojuniorcavalcanti.com.br\/index.php\/wp-json\/wp\/v2\/posts"}],"about":[{"href":"https:\/\/blogdojuniorcavalcanti.com.br\/index.php\/wp-json\/wp\/v2\/types\/post"}],"author":[{"embeddable":true,"href":"https:\/\/blogdojuniorcavalcanti.com.br\/index.php\/wp-json\/wp\/v2\/users\/2"}],"replies":[{"embeddable":true,"href":"https:\/\/blogdojuniorcavalcanti.com.br\/index.php\/wp-json\/wp\/v2\/comments?post=56733"}],"version-history":[{"count":1,"href":"https:\/\/blogdojuniorcavalcanti.com.br\/index.php\/wp-json\/wp\/v2\/posts\/56733\/revisions"}],"predecessor-version":[{"id":56735,"href":"https:\/\/blogdojuniorcavalcanti.com.br\/index.php\/wp-json\/wp\/v2\/posts\/56733\/revisions\/56735"}],"wp:featuredmedia":[{"embeddable":true,"href":"https:\/\/blogdojuniorcavalcanti.com.br\/index.php\/wp-json\/wp\/v2\/media\/56734"}],"wp:attachment":[{"href":"https:\/\/blogdojuniorcavalcanti.com.br\/index.php\/wp-json\/wp\/v2\/media?parent=56733"}],"wp:term":[{"taxonomy":"category","embeddable":true,"href":"https:\/\/blogdojuniorcavalcanti.com.br\/index.php\/wp-json\/wp\/v2\/categories?post=56733"},{"taxonomy":"post_tag","embeddable":true,"href":"https:\/\/blogdojuniorcavalcanti.com.br\/index.php\/wp-json\/wp\/v2\/tags?post=56733"}],"curies":[{"name":"wp","href":"https:\/\/api.w.org\/{rel}","templated":true}]}}