{"id":56907,"date":"2026-05-16T13:17:14","date_gmt":"2026-05-16T16:17:14","guid":{"rendered":"https:\/\/blogdojuniorcavalcanti.com.br\/?p=56907"},"modified":"2026-05-16T13:17:14","modified_gmt":"2026-05-16T16:17:14","slug":"prefeito-sandrinho-tem-alta-e-seguira-recuperacao-em-casa","status":"publish","type":"post","link":"https:\/\/blogdojuniorcavalcanti.com.br\/index.php\/2026\/05\/16\/prefeito-sandrinho-tem-alta-e-seguira-recuperacao-em-casa\/","title":{"rendered":"Prefeito Sandrinho tem alta e seguir\u00e1 recupera\u00e7\u00e3o em casa"},"content":{"rendered":"<p style=\"text-align: justify;\">O prefeito de Afogados da Ingazeira,\u00a0 Sandrinho Palmeira,\u00a0 do PSB, teve alta no fim da tarde desta sexta-feira do Hospital Regional Em\u00edlia C\u00e2mara.<\/p>\n<p style=\"text-align: justify;\">A informa\u00e7\u00e3o foi confirmada ao blog pelo Secret\u00e1rio de Sa\u00fade,\u00a0 Arthur Amorim. At\u00e9 essa manh\u00e3,\u00a0 a Prefeitura n\u00e3o havia se manifestado oficialmente sobre a alta, o que \u00e9 protocolo em casos dessa natureza.<\/p>\n<p style=\"text-align: justify;\">Sandrinho foi internado dia 5 de maio ap\u00f3s alguns dias de desconforto respirat\u00f3rio agudo, febre e cansa\u00e7o. Os m\u00e9dicos diagnosticaram um quadro de pneumonia.<\/p>\n<p style=\"text-align: justify;\">O tratamento durou quase duas semanas.<\/p>\n<p style=\"text-align: justify;\">A recupera\u00e7\u00e3o segue em casa. Por isso, Sandrinho deve retomar as atividades normais lenta e gradativamente.<\/p>\n<p style=\"text-align: justify;\">Isso porque a recupera\u00e7\u00e3oda capacidade pulmonar leva um tempo. O processo exige repouso, hidrata\u00e7\u00e3o e retorno gradual \u00e0s atividades, pois o cansa\u00e7o \u00e9 comum. O per\u00edodo m\u00e9dio \u00e9 de tr\u00eas meses,\u00a0 podendo ser maior ou menor.<\/p>\n","protected":false},"excerpt":{"rendered":"<p>O prefeito de Afogados da Ingazeira,&nbsp; Sandrinho Palmeira,&nbsp; do PSB, teve alta no fim da tarde desta sexta-feira do Hospital Regional Em&iacute;lia C&acirc;mara. A informa&ccedil;&atilde;o foi confirmada ao blog pelo Secret&aacute;rio de Sa&uacute;de,&nbsp; Arthur Amorim. At&eacute; essa manh&atilde;,&nbsp; a Prefeitura n&atilde;o havia se manifestado oficialmente sobre a alta, o que &eacute; protocolo em casos dessa natureza. Sandrinho foi internado dia 5 de maio ap&oacute;s alguns dias de desconforto respirat&oacute;rio agudo, febre e cansa&ccedil;o. Os m&eacute;dicos diagnosticaram um quadro de pneumonia. O tratamento durou quase duas semanas. A recupera&ccedil;&atilde;o segue em casa. Por isso, Sandrinho deve retomar as atividades normais lenta &#8230; <\/p>\n<p class=\"read-more-container\"><a title=\"Prefeito Sandrinho tem alta e seguir\u00e1 recupera\u00e7\u00e3o em casa\" class=\"read-more button\" href=\"https:\/\/blogdojuniorcavalcanti.com.br\/index.php\/2026\/05\/16\/prefeito-sandrinho-tem-alta-e-seguira-recuperacao-em-casa\/#more-56907\" aria-label=\"More on Prefeito Sandrinho tem alta e seguir\u00e1 recupera\u00e7\u00e3o em casa\">Leia mais<\/a><\/p>\n","protected":false},"author":1,"featured_media":56908,"comment_status":"open","ping_status":"open","sticky":false,"template":"","format":"standard","meta":{"footnotes":""},"categories":[25],"tags":[],"class_list":["post-56907","post","type-post","status-publish","format-standard","has-post-thumbnail","hentry","category-destaque","resize-featured-image"],"_links":{"self":[{"href":"https:\/\/blogdojuniorcavalcanti.com.br\/index.php\/wp-json\/wp\/v2\/posts\/56907","targetHints":{"allow":["GET"]}}],"collection":[{"href":"https:\/\/blogdojuniorcavalcanti.com.br\/index.php\/wp-json\/wp\/v2\/posts"}],"about":[{"href":"https:\/\/blogdojuniorcavalcanti.com.br\/index.php\/wp-json\/wp\/v2\/types\/post"}],"author":[{"embeddable":true,"href":"https:\/\/blogdojuniorcavalcanti.com.br\/index.php\/wp-json\/wp\/v2\/users\/1"}],"replies":[{"embeddable":true,"href":"https:\/\/blogdojuniorcavalcanti.com.br\/index.php\/wp-json\/wp\/v2\/comments?post=56907"}],"version-history":[{"count":1,"href":"https:\/\/blogdojuniorcavalcanti.com.br\/index.php\/wp-json\/wp\/v2\/posts\/56907\/revisions"}],"predecessor-version":[{"id":56909,"href":"https:\/\/blogdojuniorcavalcanti.com.br\/index.php\/wp-json\/wp\/v2\/posts\/56907\/revisions\/56909"}],"wp:featuredmedia":[{"embeddable":true,"href":"https:\/\/blogdojuniorcavalcanti.com.br\/index.php\/wp-json\/wp\/v2\/media\/56908"}],"wp:attachment":[{"href":"https:\/\/blogdojuniorcavalcanti.com.br\/index.php\/wp-json\/wp\/v2\/media?parent=56907"}],"wp:term":[{"taxonomy":"category","embeddable":true,"href":"https:\/\/blogdojuniorcavalcanti.com.br\/index.php\/wp-json\/wp\/v2\/categories?post=56907"},{"taxonomy":"post_tag","embeddable":true,"href":"https:\/\/blogdojuniorcavalcanti.com.br\/index.php\/wp-json\/wp\/v2\/tags?post=56907"}],"curies":[{"name":"wp","href":"https:\/\/api.w.org\/{rel}","templated":true}]}}