{"id":5709,"date":"2019-12-04T10:15:57","date_gmt":"2019-12-04T13:15:57","guid":{"rendered":"http:\/\/blogdojuniorcavalcanti.com.br\/?p=5709"},"modified":"2019-12-04T10:15:57","modified_gmt":"2019-12-04T13:15:57","slug":"vereador-diz-que-tapa-buraco-na-pe-265-e-paliativo","status":"publish","type":"post","link":"https:\/\/blogdojuniorcavalcanti.com.br\/index.php\/2019\/12\/04\/vereador-diz-que-tapa-buraco-na-pe-265-e-paliativo\/","title":{"rendered":"Vereador diz que tapa buraco na PE 265 \u00e9 paliativo"},"content":{"rendered":"<p style=\"text-align: justify;\"><span style=\"font-size: 14pt;\"><img fetchpriority=\"high\" decoding=\"async\" class=\"alignleft wp-image-164092\" src=\"https:\/\/i2.wp.com\/nilljunior.com.br\/wp-content\/uploads\/2019\/12\/52585196_2253075865012156_8969021530965016576_n-1.jpg?resize=400%2C327\" sizes=\"(max-width: 400px) 100vw, 400px\" srcset=\"https:\/\/i2.wp.com\/nilljunior.com.br\/wp-content\/uploads\/2019\/12\/52585196_2253075865012156_8969021530965016576_n-1.jpg?w=706 706w, https:\/\/i2.wp.com\/nilljunior.com.br\/wp-content\/uploads\/2019\/12\/52585196_2253075865012156_8969021530965016576_n-1.jpg?resize=300%2C246 300w, https:\/\/i2.wp.com\/nilljunior.com.br\/wp-content\/uploads\/2019\/12\/52585196_2253075865012156_8969021530965016576_n-1.jpg?resize=489%2C400 489w\" alt=\"\" width=\"400\" height=\"327\" data-attachment-id=\"164092\" data-permalink=\"http:\/\/nilljunior.com.br\/vereador-diz-que-tapa-buraco-na-pe-265-e-paliativo\/52585196_2253075865012156_8969021530965016576_n-2\/\" data-orig-file=\"https:\/\/i2.wp.com\/nilljunior.com.br\/wp-content\/uploads\/2019\/12\/52585196_2253075865012156_8969021530965016576_n-1.jpg?fit=706%2C578\" data-orig-size=\"706,578\" data-comments-opened=\"1\" data-image-meta=\"{&quot;aperture&quot;:&quot;0&quot;,&quot;credit&quot;:&quot;&quot;,&quot;camera&quot;:&quot;&quot;,&quot;caption&quot;:&quot;&quot;,&quot;created_timestamp&quot;:&quot;0&quot;,&quot;copyright&quot;:&quot;&quot;,&quot;focal_length&quot;:&quot;0&quot;,&quot;iso&quot;:&quot;0&quot;,&quot;shutter_speed&quot;:&quot;0&quot;,&quot;title&quot;:&quot;&quot;,&quot;orientation&quot;:&quot;1&quot;}\" data-image-title=\"52585196_2253075865012156_8969021530965016576_n\" data-image-description=\"\" data-medium-file=\"https:\/\/i2.wp.com\/nilljunior.com.br\/wp-content\/uploads\/2019\/12\/52585196_2253075865012156_8969021530965016576_n-1.jpg?fit=300%2C246\" data-large-file=\"https:\/\/i2.wp.com\/nilljunior.com.br\/wp-content\/uploads\/2019\/12\/52585196_2253075865012156_8969021530965016576_n-1.jpg?fit=489%2C400\" \/><span style=\"font-family: arial, helvetica, sans-serif;\">O vereador sertaniense Orestes Neves, pr\u00e9-candidato a prefeitura,\u00a0 criticou o estado da PE 265, entre Sert\u00e2nia e Cruzeiro do Nordeste.<\/span><\/span><\/p>\n<p style=\"text-align: justify;\"><span style=\"font-size: 14pt; font-family: arial, helvetica, sans-serif;\">As cr\u00edticas s\u00e3o de descaso da Secretaria de Infraestrutura da gest\u00e3o Paulo C\u00e2mara.<\/span><\/p>\n<p style=\"text-align: justify;\"><span style=\"font-size: 14pt; font-family: arial, helvetica, sans-serif;\">Segundo ele, foram feitos apenas paliativos, al\u00e9m da promessa de recapear parte da via.<\/span><\/p>\n<p style=\"text-align: justify;\"><span style=\"font-size: 14pt; font-family: arial, helvetica, sans-serif;\">\u201c\u00c9 vergonhoso tudo isso. Tentam enganar o povo com esses paliativos. Est\u00e3o novamente fazendo apenas um tapa-buraco. Com certeza para o ano estar\u00e3o fazendo essa estrada para tentar novamente enganar nosso povo\u201d, disse o vereador.<\/span><\/p>\n","protected":false},"excerpt":{"rendered":"<p>O vereador sertaniense Orestes Neves, pr&eacute;-candidato a prefeitura,&nbsp; criticou o estado da PE 265, entre Sert&acirc;nia e Cruzeiro do Nordeste. As cr&iacute;ticas s&atilde;o de descaso da Secretaria de Infraestrutura da gest&atilde;o Paulo C&acirc;mara. Segundo ele, foram feitos apenas paliativos, al&eacute;m da promessa de recapear parte da via. &ldquo;&Eacute; vergonhoso tudo isso. Tentam enganar o povo com esses paliativos. Est&atilde;o novamente fazendo apenas um tapa-buraco. Com certeza para o ano estar&atilde;o fazendo essa estrada para tentar novamente enganar nosso povo&rdquo;, disse o vereador.<\/p>\n","protected":false},"author":2,"featured_media":0,"comment_status":"open","ping_status":"open","sticky":false,"template":"","format":"standard","meta":{"footnotes":""},"categories":[1],"tags":[],"class_list":["post-5709","post","type-post","status-publish","format-standard","hentry","category-sem-categoria"],"_links":{"self":[{"href":"https:\/\/blogdojuniorcavalcanti.com.br\/index.php\/wp-json\/wp\/v2\/posts\/5709","targetHints":{"allow":["GET"]}}],"collection":[{"href":"https:\/\/blogdojuniorcavalcanti.com.br\/index.php\/wp-json\/wp\/v2\/posts"}],"about":[{"href":"https:\/\/blogdojuniorcavalcanti.com.br\/index.php\/wp-json\/wp\/v2\/types\/post"}],"author":[{"embeddable":true,"href":"https:\/\/blogdojuniorcavalcanti.com.br\/index.php\/wp-json\/wp\/v2\/users\/2"}],"replies":[{"embeddable":true,"href":"https:\/\/blogdojuniorcavalcanti.com.br\/index.php\/wp-json\/wp\/v2\/comments?post=5709"}],"version-history":[{"count":1,"href":"https:\/\/blogdojuniorcavalcanti.com.br\/index.php\/wp-json\/wp\/v2\/posts\/5709\/revisions"}],"predecessor-version":[{"id":5710,"href":"https:\/\/blogdojuniorcavalcanti.com.br\/index.php\/wp-json\/wp\/v2\/posts\/5709\/revisions\/5710"}],"wp:attachment":[{"href":"https:\/\/blogdojuniorcavalcanti.com.br\/index.php\/wp-json\/wp\/v2\/media?parent=5709"}],"wp:term":[{"taxonomy":"category","embeddable":true,"href":"https:\/\/blogdojuniorcavalcanti.com.br\/index.php\/wp-json\/wp\/v2\/categories?post=5709"},{"taxonomy":"post_tag","embeddable":true,"href":"https:\/\/blogdojuniorcavalcanti.com.br\/index.php\/wp-json\/wp\/v2\/tags?post=5709"}],"curies":[{"name":"wp","href":"https:\/\/api.w.org\/{rel}","templated":true}]}}