{"id":57357,"date":"2026-05-29T01:00:43","date_gmt":"2026-05-29T04:00:43","guid":{"rendered":"https:\/\/blogdojuniorcavalcanti.com.br\/?p=57357"},"modified":"2026-05-28T17:35:22","modified_gmt":"2026-05-28T20:35:22","slug":"prefeito-berg-gomes-anuncia-teloes-com-internet-gratuita-para-transmissao-dos-jogos-do-brasil-na-copa-2026-em-carnaiba","status":"publish","type":"post","link":"https:\/\/blogdojuniorcavalcanti.com.br\/index.php\/2026\/05\/29\/prefeito-berg-gomes-anuncia-teloes-com-internet-gratuita-para-transmissao-dos-jogos-do-brasil-na-copa-2026-em-carnaiba\/","title":{"rendered":"Prefeito Berg Gomes anuncia tel\u00f5es com internet gratuita para transmiss\u00e3o dos jogos do Brasil na Copa 2026 em Carna\u00edba"},"content":{"rendered":"<div style=\"text-align: justify;\"><span style=\"font-size: 14pt; font-family: arial, helvetica, sans-serif;\">O prefeito de Carna\u00edba, Berg Gomes, anunciou que o munic\u00edpio ir\u00e1 disponibilizar tel\u00f5es, sistema de som e internet gratuita para que a popula\u00e7\u00e3o acompanhe os jogos da Sele\u00e7\u00e3o Brasileira durante a Copa do Mundo de 2026.<\/span><\/div>\n<p style=\"text-align: justify;\">\n<p style=\"text-align: justify;\"><span style=\"font-size: 14pt; font-family: arial, helvetica, sans-serif;\">Segundo o gestor, a iniciativa tem como objetivo proporcionar momentos de lazer, integra\u00e7\u00e3o e anima\u00e7\u00e3o para os carnaibanos, reunindo fam\u00edlias e amigos para torcer juntos pelo Brasil em clima de festa e uni\u00e3o.<\/span><\/p>\n<p style=\"text-align: justify;\"><span style=\"font-size: 14pt; font-family: arial, helvetica, sans-serif;\">Ao lado do diretor de Esportes, Lazer e Juventude, Jo\u00e3o Victor, o prefeito destacou o compromisso da gest\u00e3o municipal em incentivar a\u00e7\u00f5es voltadas ao esporte, entretenimento e conviv\u00eancia social.<\/span><\/p>\n<p style=\"text-align: justify;\"><span style=\"font-size: 14pt; font-family: arial, helvetica, sans-serif;\">De acordo com o an\u00fancio, os tel\u00f5es ser\u00e3o instalados na sede do munic\u00edpio, nos povoados e tamb\u00e9m no distrito de Ibitiranga, garantindo que a popula\u00e7\u00e3o de diversas localidades possa acompanhar cada emo\u00e7\u00e3o da participa\u00e7\u00e3o brasileira na competi\u00e7\u00e3o mundial.<\/span><\/p>\n<p style=\"text-align: justify;\"><span style=\"font-size: 14pt; font-family: arial, helvetica, sans-serif;\">A expectativa \u00e9 de que os espa\u00e7os montados para as transmiss\u00f5es se transformem em pontos de encontro da torcida, fortalecendo o esp\u00edrito esportivo e a confraterniza\u00e7\u00e3o entre os moradores durante os jogos da Sele\u00e7\u00e3o Brasileira.<\/span><\/p>\n","protected":false},"excerpt":{"rendered":"<p>O prefeito de Carna&iacute;ba, Berg Gomes, anunciou que o munic&iacute;pio ir&aacute; disponibilizar tel&otilde;es, sistema de som e internet gratuita para que a popula&ccedil;&atilde;o acompanhe os jogos da Sele&ccedil;&atilde;o Brasileira durante a Copa do Mundo de 2026. Segundo o gestor, a iniciativa tem como objetivo proporcionar momentos de lazer, integra&ccedil;&atilde;o e anima&ccedil;&atilde;o para os carnaibanos, reunindo fam&iacute;lias e amigos para torcer juntos pelo Brasil em clima de festa e uni&atilde;o. Ao lado do diretor de Esportes, Lazer e Juventude, Jo&atilde;o Victor, o prefeito destacou o compromisso da gest&atilde;o municipal em incentivar a&ccedil;&otilde;es voltadas ao esporte, entretenimento e conviv&ecirc;ncia social. De acordo &#8230; <\/p>\n<p class=\"read-more-container\"><a title=\"Prefeito Berg Gomes anuncia tel\u00f5es com internet gratuita para transmiss\u00e3o dos jogos do Brasil na Copa 2026 em Carna\u00edba\" class=\"read-more button\" href=\"https:\/\/blogdojuniorcavalcanti.com.br\/index.php\/2026\/05\/29\/prefeito-berg-gomes-anuncia-teloes-com-internet-gratuita-para-transmissao-dos-jogos-do-brasil-na-copa-2026-em-carnaiba\/#more-57357\" aria-label=\"More on Prefeito Berg Gomes anuncia tel\u00f5es com internet gratuita para transmiss\u00e3o dos jogos do Brasil na Copa 2026 em Carna\u00edba\">Leia mais<\/a><\/p>\n","protected":false},"author":2,"featured_media":57358,"comment_status":"open","ping_status":"open","sticky":false,"template":"","format":"standard","meta":{"footnotes":""},"categories":[37],"tags":[],"class_list":["post-57357","post","type-post","status-publish","format-standard","has-post-thumbnail","hentry","category-cidades","resize-featured-image"],"_links":{"self":[{"href":"https:\/\/blogdojuniorcavalcanti.com.br\/index.php\/wp-json\/wp\/v2\/posts\/57357","targetHints":{"allow":["GET"]}}],"collection":[{"href":"https:\/\/blogdojuniorcavalcanti.com.br\/index.php\/wp-json\/wp\/v2\/posts"}],"about":[{"href":"https:\/\/blogdojuniorcavalcanti.com.br\/index.php\/wp-json\/wp\/v2\/types\/post"}],"author":[{"embeddable":true,"href":"https:\/\/blogdojuniorcavalcanti.com.br\/index.php\/wp-json\/wp\/v2\/users\/2"}],"replies":[{"embeddable":true,"href":"https:\/\/blogdojuniorcavalcanti.com.br\/index.php\/wp-json\/wp\/v2\/comments?post=57357"}],"version-history":[{"count":1,"href":"https:\/\/blogdojuniorcavalcanti.com.br\/index.php\/wp-json\/wp\/v2\/posts\/57357\/revisions"}],"predecessor-version":[{"id":57359,"href":"https:\/\/blogdojuniorcavalcanti.com.br\/index.php\/wp-json\/wp\/v2\/posts\/57357\/revisions\/57359"}],"wp:featuredmedia":[{"embeddable":true,"href":"https:\/\/blogdojuniorcavalcanti.com.br\/index.php\/wp-json\/wp\/v2\/media\/57358"}],"wp:attachment":[{"href":"https:\/\/blogdojuniorcavalcanti.com.br\/index.php\/wp-json\/wp\/v2\/media?parent=57357"}],"wp:term":[{"taxonomy":"category","embeddable":true,"href":"https:\/\/blogdojuniorcavalcanti.com.br\/index.php\/wp-json\/wp\/v2\/categories?post=57357"},{"taxonomy":"post_tag","embeddable":true,"href":"https:\/\/blogdojuniorcavalcanti.com.br\/index.php\/wp-json\/wp\/v2\/tags?post=57357"}],"curies":[{"name":"wp","href":"https:\/\/api.w.org\/{rel}","templated":true}]}}