{"id":57445,"date":"2026-06-02T08:55:18","date_gmt":"2026-06-02T11:55:18","guid":{"rendered":"https:\/\/blogdojuniorcavalcanti.com.br\/?p=57445"},"modified":"2026-06-02T08:55:18","modified_gmt":"2026-06-02T11:55:18","slug":"jones-manoel-participa-de-debates-em-sertania-e-serra-talhada-nesta-terca","status":"publish","type":"post","link":"https:\/\/blogdojuniorcavalcanti.com.br\/index.php\/2026\/06\/02\/jones-manoel-participa-de-debates-em-sertania-e-serra-talhada-nesta-terca\/","title":{"rendered":"Jones Manoel participa de debates em Sert\u00e2nia e Serra Talhada nesta ter\u00e7a"},"content":{"rendered":"<p style=\"text-align: justify;\"><span style=\"font-size: 14pt; font-family: arial, helvetica, sans-serif;\">O historiador, comunicador e pr\u00e9-candidato a deputado federal por Pernambuco, Jones Manoel, do PSOL, cumpre agenda no Sert\u00e3o pernambucano nesta ter\u00e7a-feira (2), participando de dois debates voltados \u00e0 discuss\u00e3o da realidade pol\u00edtica e social da regi\u00e3o.<\/span><\/p>\n<p style=\"text-align: justify;\"><span style=\"font-size: 14pt; font-family: arial, helvetica, sans-serif;\">A primeira atividade acontece \u00e0s 14h, no Centro Acad\u00eamico do Sert\u00e3o da Universidade Federal de Pernambuco (UFPE), em Sert\u00e2nia. O tema do encontro ser\u00e1 \u201cCoronelismo e municipalismo na Nova Rep\u00fablica\u201d, abordando a influ\u00eancia das estruturas pol\u00edticas locais e seus impactos sobre a democracia brasileira.<\/span><\/p>\n<p style=\"text-align: justify;\"><span style=\"font-size: 14pt; font-family: arial, helvetica, sans-serif;\">\u00c0 noite, \u00e0s 19h, Jones Manoel participa de um segundo debate no Museu do Canga\u00e7o, em Serra Talhada. A discuss\u00e3o ter\u00e1 como tema \u201cO papel do Sert\u00e3o na Revolu\u00e7\u00e3o Brasileira\u201d, propondo uma reflex\u00e3o sobre a contribui\u00e7\u00e3o hist\u00f3rica e contempor\u00e2nea da regi\u00e3o para as transforma\u00e7\u00f5es sociais e pol\u00edticas do pa\u00eds.<\/span><\/p>\n<p style=\"text-align: justify;\"><span style=\"font-size: 14pt; font-family: arial, helvetica, sans-serif;\">Os debates t\u00eam como objetivo estimular a reflex\u00e3o sobre os desafios enfrentados pelo Sert\u00e3o, fortalecer a organiza\u00e7\u00e3o popular e discutir alternativas para o desenvolvimento regional e nacional.<\/span><\/p>\n<p style=\"text-align: justify;\"><span style=\"font-size: 14pt; font-family: arial, helvetica, sans-serif;\">A participa\u00e7\u00e3o \u00e9 aberta ao p\u00fablico, com foco em estudantes, trabalhadores e demais interessados a acompanharem as discuss\u00f5es, consideradas importantes para ampliar o debate pol\u00edtico sobre o futuro do Sert\u00e3o e do Brasil.<\/span><\/p>\n<p style=\"text-align: justify;\"><span style=\"font-size: 14pt; font-family: arial, helvetica, sans-serif;\">Jones Manoel se define como \u201chistoriador,\u00a0 escritor,\u00a0 comunicador popular e comunista\u201d. \u00c9 tido como uma das vozes mais ativas no combate aos movimentos de extrema direita, conhecido por sua intera\u00e7\u00e3o nas redes sociais e em podcasts na defesa de seus posicionamentos.<\/span><\/p>\n<p style=\"text-align: justify;\"><span style=\"font-size: 14pt; font-family: arial, helvetica, sans-serif;\">Tamb\u00e9m t\u00eam apontado incoer\u00eancias dos principais blocos pol\u00edticos do estado. Diz por exemplo que Raquel Lyra e Jo\u00e3o Campos tem a mesma filosofia \u201cprivatista e entreguista\u201d.<\/span><\/p>\n","protected":false},"excerpt":{"rendered":"<p>O historiador, comunicador e pr&eacute;-candidato a deputado federal por Pernambuco, Jones Manoel, do PSOL, cumpre agenda no Sert&atilde;o pernambucano nesta ter&ccedil;a-feira (2), participando de dois debates voltados &agrave; discuss&atilde;o da realidade pol&iacute;tica e social da regi&atilde;o. A primeira atividade acontece &agrave;s 14h, no Centro Acad&ecirc;mico do Sert&atilde;o da Universidade Federal de Pernambuco (UFPE), em Sert&acirc;nia. O tema do encontro ser&aacute; &ldquo;Coronelismo e municipalismo na Nova Rep&uacute;blica&rdquo;, abordando a influ&ecirc;ncia das estruturas pol&iacute;ticas locais e seus impactos sobre a democracia brasileira. &Agrave; noite, &agrave;s 19h, Jones Manoel participa de um segundo debate no Museu do Canga&ccedil;o, em Serra Talhada. A discuss&atilde;o &#8230; <\/p>\n<p class=\"read-more-container\"><a title=\"Jones Manoel participa de debates em Sert\u00e2nia e Serra Talhada nesta ter\u00e7a\" class=\"read-more button\" href=\"https:\/\/blogdojuniorcavalcanti.com.br\/index.php\/2026\/06\/02\/jones-manoel-participa-de-debates-em-sertania-e-serra-talhada-nesta-terca\/#more-57445\" aria-label=\"More on Jones Manoel participa de debates em Sert\u00e2nia e Serra Talhada nesta ter\u00e7a\">Leia mais<\/a><\/p>\n","protected":false},"author":2,"featured_media":57446,"comment_status":"open","ping_status":"open","sticky":false,"template":"","format":"standard","meta":{"footnotes":""},"categories":[27],"tags":[],"class_list":["post-57445","post","type-post","status-publish","format-standard","has-post-thumbnail","hentry","category-politica","resize-featured-image"],"_links":{"self":[{"href":"https:\/\/blogdojuniorcavalcanti.com.br\/index.php\/wp-json\/wp\/v2\/posts\/57445","targetHints":{"allow":["GET"]}}],"collection":[{"href":"https:\/\/blogdojuniorcavalcanti.com.br\/index.php\/wp-json\/wp\/v2\/posts"}],"about":[{"href":"https:\/\/blogdojuniorcavalcanti.com.br\/index.php\/wp-json\/wp\/v2\/types\/post"}],"author":[{"embeddable":true,"href":"https:\/\/blogdojuniorcavalcanti.com.br\/index.php\/wp-json\/wp\/v2\/users\/2"}],"replies":[{"embeddable":true,"href":"https:\/\/blogdojuniorcavalcanti.com.br\/index.php\/wp-json\/wp\/v2\/comments?post=57445"}],"version-history":[{"count":1,"href":"https:\/\/blogdojuniorcavalcanti.com.br\/index.php\/wp-json\/wp\/v2\/posts\/57445\/revisions"}],"predecessor-version":[{"id":57447,"href":"https:\/\/blogdojuniorcavalcanti.com.br\/index.php\/wp-json\/wp\/v2\/posts\/57445\/revisions\/57447"}],"wp:featuredmedia":[{"embeddable":true,"href":"https:\/\/blogdojuniorcavalcanti.com.br\/index.php\/wp-json\/wp\/v2\/media\/57446"}],"wp:attachment":[{"href":"https:\/\/blogdojuniorcavalcanti.com.br\/index.php\/wp-json\/wp\/v2\/media?parent=57445"}],"wp:term":[{"taxonomy":"category","embeddable":true,"href":"https:\/\/blogdojuniorcavalcanti.com.br\/index.php\/wp-json\/wp\/v2\/categories?post=57445"},{"taxonomy":"post_tag","embeddable":true,"href":"https:\/\/blogdojuniorcavalcanti.com.br\/index.php\/wp-json\/wp\/v2\/tags?post=57445"}],"curies":[{"name":"wp","href":"https:\/\/api.w.org\/{rel}","templated":true}]}}