{"id":58121,"date":"2026-06-18T07:40:21","date_gmt":"2026-06-18T10:40:21","guid":{"rendered":"https:\/\/blogdojuniorcavalcanti.com.br\/?p=58121"},"modified":"2026-06-18T07:40:21","modified_gmt":"2026-06-18T10:40:21","slug":"raquel-diz-que-apoio-de-lula-a-joao-campos-nao-altera-relacao-entre-pernambuco-e-governo-federal","status":"publish","type":"post","link":"https:\/\/blogdojuniorcavalcanti.com.br\/index.php\/2026\/06\/18\/raquel-diz-que-apoio-de-lula-a-joao-campos-nao-altera-relacao-entre-pernambuco-e-governo-federal\/","title":{"rendered":"Raquel diz que apoio de Lula a Jo\u00e3o Campos n\u00e3o altera rela\u00e7\u00e3o entre Pernambuco e governo federal"},"content":{"rendered":"<p style=\"text-align: justify;\"><span style=\"font-size: 14pt; font-family: arial, helvetica, sans-serif;\">Por Pedro Beija \u2013 JC<\/span><\/p>\n<p style=\"text-align: justify;\"><span style=\"font-size: 14pt; font-family: arial, helvetica, sans-serif;\">A governadora Raquel Lyra (PSD) afirmou nesta quarta-feira (17) que a declara\u00e7\u00e3o p\u00fablica de apoio do presidente Luiz In\u00e1cio Lula da Silva (PT) ao pr\u00e9-candidato ao Governo de Pernambuco, o prefeito do Recife, Jo\u00e3o Campos (PSB), n\u00e3o altera a rela\u00e7\u00e3o institucional entre o Estado e o governo federal. A declara\u00e7\u00e3o foi dada durante entrevista \u00e0 R\u00e1dio Asa Branca, em Salgueiro.<\/span><\/p>\n<p style=\"text-align: justify;\"><span style=\"font-size: 14pt; font-family: arial, helvetica, sans-serif;\">A manifesta\u00e7\u00e3o ocorre ap\u00f3s Lula divulgar um v\u00eddeo declarando apoio ao socialista para a disputa estadual de 2026. Na grava\u00e7\u00e3o, o presidente destacou a alian\u00e7a nacional entre PT e PSB e classificou os socialistas como o principal aliado pol\u00edtico do partido no pa\u00eds.<\/span><\/p>\n<p style=\"text-align: justify;\"><span style=\"font-size: 14pt; font-family: arial, helvetica, sans-serif;\">Questionada sobre o gesto pol\u00edtico do presidente, Raquel minimizou os efeitos eleitorais da declara\u00e7\u00e3o e ressaltou a manuten\u00e7\u00e3o das parcerias administrativas entre os governos estadual e federal.<\/span><\/p>\n<p style=\"text-align: justify;\"><span style=\"font-size: 14pt; font-family: arial, helvetica, sans-serif;\">\u201cN\u00e3o muda nada. A gente continua com as parcerias firmes com o governo federal e o presidente Lula. Desde o primeiro momento que eu estive l\u00e1 com ele, no dia 9 de janeiro de 2023, o presidente Lula disse que n\u00e3o faltaria Pernambuco, que eu procurasse os ministros para poder trabalharmos pelo nosso Estado\u201d, afirmou.<\/span><\/p>\n<p style=\"text-align: justify;\"><span style=\"font-size: 14pt; font-family: arial, helvetica, sans-serif;\">Durante a entrevista, a governadora citou obras e programas executados em parceria com o governo federal, como a retomada da Ferrovia Transnordestina, investimentos ligados \u00e0 transposi\u00e7\u00e3o do Rio S\u00e3o Francisco, constru\u00e7\u00e3o de maternidades e a\u00e7\u00f5es habitacionais desenvolvidas em conjunto com o programa Minha Casa Minha Vida.<\/span><\/p>\n<p style=\"text-align: justify;\"><span style=\"font-size: 14pt; font-family: arial, helvetica, sans-serif;\">Raquel tamb\u00e9m rebateu cr\u00edticas de advers\u00e1rios que atribuem exclusivamente ao governo federal parte dos investimentos realizados em Pernambuco.<\/span><\/p>\n<p style=\"text-align: justify;\"><span style=\"font-size: 14pt; font-family: arial, helvetica, sans-serif;\">\u201cTem gente que quer diminuir isso dizendo: \u2018Ah, ent\u00e3o n\u00e3o \u00e9 uma obra sua, \u00e9 do governo federal\u2019. N\u00e3o. Fui eu que disse que era prioridade para c\u00e1, porque eu podia ter colocado o dinheiro em outra coisa\u201d, declarou.<\/span><\/p>\n<p style=\"text-align: justify;\"><span style=\"font-size: 14pt; font-family: arial, helvetica, sans-serif;\">Ao comentar o cen\u00e1rio pol\u00edtico, a governadora voltou a adotar o discurso de que sua prioridade permanece voltada \u00e0 gest\u00e3o estadual, contrapondo a agenda administrativa \u00e0 movimenta\u00e7\u00e3o eleitoral dos advers\u00e1rios.<\/span><\/p>\n<p style=\"text-align: justify;\"><span style=\"font-size: 14pt; font-family: arial, helvetica, sans-serif;\">\u201cEnquanto uns falam de elei\u00e7\u00e3o, a gente trabalha e entrega, porque eu sou governadora. A gente precisa perder menos tempo cuidando de elei\u00e7\u00e3o e pedindo voto para poder fazer entrega de resultado\u201d, disse.<\/span><\/p>\n","protected":false},"excerpt":{"rendered":"<p>Por Pedro Beija &ndash; JC A governadora Raquel Lyra (PSD) afirmou nesta quarta-feira (17) que a declara&ccedil;&atilde;o p&uacute;blica de apoio do presidente Luiz In&aacute;cio Lula da Silva (PT) ao pr&eacute;-candidato ao Governo de Pernambuco, o prefeito do Recife, Jo&atilde;o Campos (PSB), n&atilde;o altera a rela&ccedil;&atilde;o institucional entre o Estado e o governo federal. A declara&ccedil;&atilde;o foi dada durante entrevista &agrave; R&aacute;dio Asa Branca, em Salgueiro. A manifesta&ccedil;&atilde;o ocorre ap&oacute;s Lula divulgar um v&iacute;deo declarando apoio ao socialista para a disputa estadual de 2026. Na grava&ccedil;&atilde;o, o presidente destacou a alian&ccedil;a nacional entre PT e PSB e classificou os socialistas como &#8230; <\/p>\n<p class=\"read-more-container\"><a title=\"Raquel diz que apoio de Lula a Jo\u00e3o Campos n\u00e3o altera rela\u00e7\u00e3o entre Pernambuco e governo federal\" class=\"read-more button\" href=\"https:\/\/blogdojuniorcavalcanti.com.br\/index.php\/2026\/06\/18\/raquel-diz-que-apoio-de-lula-a-joao-campos-nao-altera-relacao-entre-pernambuco-e-governo-federal\/#more-58121\" aria-label=\"More on Raquel diz que apoio de Lula a Jo\u00e3o Campos n\u00e3o altera rela\u00e7\u00e3o entre Pernambuco e governo federal\">Leia mais<\/a><\/p>\n","protected":false},"author":2,"featured_media":58122,"comment_status":"open","ping_status":"open","sticky":false,"template":"","format":"standard","meta":{"footnotes":""},"categories":[27],"tags":[],"class_list":["post-58121","post","type-post","status-publish","format-standard","has-post-thumbnail","hentry","category-politica","resize-featured-image"],"_links":{"self":[{"href":"https:\/\/blogdojuniorcavalcanti.com.br\/index.php\/wp-json\/wp\/v2\/posts\/58121","targetHints":{"allow":["GET"]}}],"collection":[{"href":"https:\/\/blogdojuniorcavalcanti.com.br\/index.php\/wp-json\/wp\/v2\/posts"}],"about":[{"href":"https:\/\/blogdojuniorcavalcanti.com.br\/index.php\/wp-json\/wp\/v2\/types\/post"}],"author":[{"embeddable":true,"href":"https:\/\/blogdojuniorcavalcanti.com.br\/index.php\/wp-json\/wp\/v2\/users\/2"}],"replies":[{"embeddable":true,"href":"https:\/\/blogdojuniorcavalcanti.com.br\/index.php\/wp-json\/wp\/v2\/comments?post=58121"}],"version-history":[{"count":1,"href":"https:\/\/blogdojuniorcavalcanti.com.br\/index.php\/wp-json\/wp\/v2\/posts\/58121\/revisions"}],"predecessor-version":[{"id":58123,"href":"https:\/\/blogdojuniorcavalcanti.com.br\/index.php\/wp-json\/wp\/v2\/posts\/58121\/revisions\/58123"}],"wp:featuredmedia":[{"embeddable":true,"href":"https:\/\/blogdojuniorcavalcanti.com.br\/index.php\/wp-json\/wp\/v2\/media\/58122"}],"wp:attachment":[{"href":"https:\/\/blogdojuniorcavalcanti.com.br\/index.php\/wp-json\/wp\/v2\/media?parent=58121"}],"wp:term":[{"taxonomy":"category","embeddable":true,"href":"https:\/\/blogdojuniorcavalcanti.com.br\/index.php\/wp-json\/wp\/v2\/categories?post=58121"},{"taxonomy":"post_tag","embeddable":true,"href":"https:\/\/blogdojuniorcavalcanti.com.br\/index.php\/wp-json\/wp\/v2\/tags?post=58121"}],"curies":[{"name":"wp","href":"https:\/\/api.w.org\/{rel}","templated":true}]}}