{"id":58261,"date":"2026-06-22T07:41:20","date_gmt":"2026-06-22T10:41:20","guid":{"rendered":"https:\/\/blogdojuniorcavalcanti.com.br\/?p=58261"},"modified":"2026-06-22T07:41:20","modified_gmt":"2026-06-22T10:41:20","slug":"prefeitura-de-tuparetama-promove-sao-joao-na-feira-com-musica-cultura-e-tradicao-nordestina","status":"publish","type":"post","link":"https:\/\/blogdojuniorcavalcanti.com.br\/index.php\/2026\/06\/22\/prefeitura-de-tuparetama-promove-sao-joao-na-feira-com-musica-cultura-e-tradicao-nordestina\/","title":{"rendered":"Prefeitura de Tuparetama Promove \u201cS\u00e3o Jo\u00e3o na Feira\u201d com M\u00fasica, Cultura e Tradi\u00e7\u00e3o Nordestina"},"content":{"rendered":"<p style=\"text-align: justify;\"><span style=\"font-size: 14pt; font-family: arial, helvetica, sans-serif;\">A Prefeitura de Tuparetama realizar\u00e1, na pr\u00f3xima segunda-feira, dia 22 de junho, o evento \u201cS\u00e3o Jo\u00e3o na Feira\u201d, que promete levar muita anima\u00e7\u00e3o, cultura e tradi\u00e7\u00e3o nordestina ao P\u00e1tio de Eventos do munic\u00edpio. A programa\u00e7\u00e3o ter\u00e1 in\u00edcio \u00e0s 8h da manh\u00e3 e reunir\u00e1 moradores e visitantes em um ambiente marcado pelo aut\u00eantico clima junino.<\/span><\/p>\n<p style=\"text-align: justify;\">\n<p style=\"text-align: justify;\"><span style=\"font-size: 14pt; font-family: arial, helvetica, sans-serif;\">Al\u00e9m da tradicional feira livre, o p\u00fablico poder\u00e1 aproveitar apresenta\u00e7\u00f5es musicais, muito forr\u00f3 e momentos de confraterniza\u00e7\u00e3o, fortalecendo os la\u00e7os entre amigos, fam\u00edlias e a comunidade local. A iniciativa busca valorizar as tradi\u00e7\u00f5es culturais do Nordeste e proporcionar um espa\u00e7o de lazer e integra\u00e7\u00e3o para todas as idades.<\/span><\/p>\n<p style=\"text-align: justify;\"><span style=\"font-size: 14pt; font-family: arial, helvetica, sans-serif;\">De acordo com a Prefeitura, o evento ser\u00e1 uma oportunidade para celebrar a cultura popular, movimentar a economia local e manter viva uma das manifesta\u00e7\u00f5es mais importantes do calend\u00e1rio cultural da regi\u00e3o.<\/span><\/p>\n<p style=\"text-align: justify;\"><span style=\"font-size: 14pt; font-family: arial, helvetica, sans-serif;\">A gest\u00e3o municipal convida toda a popula\u00e7\u00e3o a participar da festa, reencontrar amigos e vivenciar mais um momento de alegria e celebra\u00e7\u00e3o das tradi\u00e7\u00f5es juninas.<\/span><\/p>\n<p style=\"text-align: justify;\"><span style=\"font-size: 14pt; font-family: arial, helvetica, sans-serif;\">\u201cS\u00e3o Jo\u00e3o na Feira\u201d promete reunir tradi\u00e7\u00e3o, cultura e divers\u00e3o para toda a fam\u00edlia em uma manh\u00e3 especial de festejos em Tuparetama.<\/span><\/p>\n","protected":false},"excerpt":{"rendered":"<p>A Prefeitura de Tuparetama realizar&aacute;, na pr&oacute;xima segunda-feira, dia 22 de junho, o evento &ldquo;S&atilde;o Jo&atilde;o na Feira&rdquo;, que promete levar muita anima&ccedil;&atilde;o, cultura e tradi&ccedil;&atilde;o nordestina ao P&aacute;tio de Eventos do munic&iacute;pio. A programa&ccedil;&atilde;o ter&aacute; in&iacute;cio &agrave;s 8h da manh&atilde; e reunir&aacute; moradores e visitantes em um ambiente marcado pelo aut&ecirc;ntico clima junino. Al&eacute;m da tradicional feira livre, o p&uacute;blico poder&aacute; aproveitar apresenta&ccedil;&otilde;es musicais, muito forr&oacute; e momentos de confraterniza&ccedil;&atilde;o, fortalecendo os la&ccedil;os entre amigos, fam&iacute;lias e a comunidade local. A iniciativa busca valorizar as tradi&ccedil;&otilde;es culturais do Nordeste e proporcionar um espa&ccedil;o de lazer e integra&ccedil;&atilde;o para todas &#8230; <\/p>\n<p class=\"read-more-container\"><a title=\"Prefeitura de Tuparetama Promove \u201cS\u00e3o Jo\u00e3o na Feira\u201d com M\u00fasica, Cultura e Tradi\u00e7\u00e3o Nordestina\" class=\"read-more button\" href=\"https:\/\/blogdojuniorcavalcanti.com.br\/index.php\/2026\/06\/22\/prefeitura-de-tuparetama-promove-sao-joao-na-feira-com-musica-cultura-e-tradicao-nordestina\/#more-58261\" aria-label=\"More on Prefeitura de Tuparetama Promove \u201cS\u00e3o Jo\u00e3o na Feira\u201d com M\u00fasica, Cultura e Tradi\u00e7\u00e3o Nordestina\">Leia mais<\/a><\/p>\n","protected":false},"author":2,"featured_media":58262,"comment_status":"open","ping_status":"open","sticky":false,"template":"","format":"standard","meta":{"footnotes":""},"categories":[37],"tags":[],"class_list":["post-58261","post","type-post","status-publish","format-standard","has-post-thumbnail","hentry","category-cidades","resize-featured-image"],"_links":{"self":[{"href":"https:\/\/blogdojuniorcavalcanti.com.br\/index.php\/wp-json\/wp\/v2\/posts\/58261","targetHints":{"allow":["GET"]}}],"collection":[{"href":"https:\/\/blogdojuniorcavalcanti.com.br\/index.php\/wp-json\/wp\/v2\/posts"}],"about":[{"href":"https:\/\/blogdojuniorcavalcanti.com.br\/index.php\/wp-json\/wp\/v2\/types\/post"}],"author":[{"embeddable":true,"href":"https:\/\/blogdojuniorcavalcanti.com.br\/index.php\/wp-json\/wp\/v2\/users\/2"}],"replies":[{"embeddable":true,"href":"https:\/\/blogdojuniorcavalcanti.com.br\/index.php\/wp-json\/wp\/v2\/comments?post=58261"}],"version-history":[{"count":1,"href":"https:\/\/blogdojuniorcavalcanti.com.br\/index.php\/wp-json\/wp\/v2\/posts\/58261\/revisions"}],"predecessor-version":[{"id":58263,"href":"https:\/\/blogdojuniorcavalcanti.com.br\/index.php\/wp-json\/wp\/v2\/posts\/58261\/revisions\/58263"}],"wp:featuredmedia":[{"embeddable":true,"href":"https:\/\/blogdojuniorcavalcanti.com.br\/index.php\/wp-json\/wp\/v2\/media\/58262"}],"wp:attachment":[{"href":"https:\/\/blogdojuniorcavalcanti.com.br\/index.php\/wp-json\/wp\/v2\/media?parent=58261"}],"wp:term":[{"taxonomy":"category","embeddable":true,"href":"https:\/\/blogdojuniorcavalcanti.com.br\/index.php\/wp-json\/wp\/v2\/categories?post=58261"},{"taxonomy":"post_tag","embeddable":true,"href":"https:\/\/blogdojuniorcavalcanti.com.br\/index.php\/wp-json\/wp\/v2\/tags?post=58261"}],"curies":[{"name":"wp","href":"https:\/\/api.w.org\/{rel}","templated":true}]}}