{"id":58344,"date":"2026-06-23T08:47:56","date_gmt":"2026-06-23T11:47:56","guid":{"rendered":"https:\/\/blogdojuniorcavalcanti.com.br\/?p=58344"},"modified":"2026-06-23T08:47:56","modified_gmt":"2026-06-23T11:47:56","slug":"numero-de-denuncias-de-violencia-digital-contra-mulheres-cresce-188","status":"publish","type":"post","link":"https:\/\/blogdojuniorcavalcanti.com.br\/index.php\/2026\/06\/23\/numero-de-denuncias-de-violencia-digital-contra-mulheres-cresce-188\/","title":{"rendered":"N\u00famero de den\u00fancias de viol\u00eancia digital contra mulheres cresce 188%"},"content":{"rendered":"<p style=\"text-align: justify;\"><span style=\"font-size: 14pt; font-family: arial, helvetica, sans-serif;\"><strong>Da CNN<\/strong><\/span><\/p>\n<p class=\"my-5 break-words group-[.isActiveSource]:text-xl\" style=\"text-align: justify;\"><span style=\"font-size: 14pt; font-family: arial, helvetica, sans-serif;\">O n\u00famero de den\u00fancias de<strong class=\"group-[.isActiveSource]:text-xl group-[.isActiveSource]:font-bold\">\u00a0viol\u00eancia digital contra mulheres<\/strong>\u00a0registradas pelo\u00a0<strong class=\"group-[.isActiveSource]:text-xl group-[.isActiveSource]:font-bold\">Ligue 180<\/strong>\u00a0cresceu\u00a0<strong class=\"group-[.isActiveSource]:text-xl group-[.isActiveSource]:font-bold\">188,6%<\/strong>\u00a0entre os cinco primeiros meses de 2025 e o mesmo per\u00edodo de 2026. De janeiro a maio do ano passado, o canal recebeu<strong class=\"group-[.isActiveSource]:text-xl group-[.isActiveSource]:font-bold\">\u00a05.795<\/strong>\u00a0den\u00fancias relacionadas a agress\u00f5es praticadas em ambientes digitais. Neste ano, o volume saltou para\u00a0<strong class=\"group-[.isActiveSource]:text-xl group-[.isActiveSource]:font-bold\">16.725<\/strong>\u00a0registros.<\/span><\/p>\n<p class=\"my-5 break-words group-[.isActiveSource]:text-xl\" style=\"text-align: justify;\"><span style=\"font-size: 14pt; font-family: arial, helvetica, sans-serif;\">Para a ministra das Mulheres, M\u00e1rcia Lopes, o aumento reflete a retomada e o fortalecimento do canal de den\u00fancias durante o terceiro mandato do presidente Luiz In\u00e1cio Lula da Silva (PT).<\/span><\/p>\n<p class=\"my-5 break-words group-[.isActiveSource]:text-xl\" style=\"text-align: justify;\"><span style=\"font-size: 14pt; font-family: arial, helvetica, sans-serif;\">\u201cQuando uma pol\u00edtica p\u00fablica \u00e9 levada a s\u00e9rio, reduzir a subnotifica\u00e7\u00e3o \u00e9 fundamental. A qualidade do servi\u00e7o melhorou muito\u201d, afirmou a ministra a jornalistas nesta segunda-feira (22).<\/span><\/p>\n<p style=\"text-align: justify;\"><span style=\"font-size: 14pt; font-family: arial, helvetica, sans-serif;\">Diante da\u00a0<a class=\"text-red-600 underline hover:text-red-500 font-medium break-words group-[.isActiveSource]:text-xl\" href=\"https:\/\/www.cnnbrasil.com.br\/nacional\/sudeste\/sp\/com-107-casos-sp-bate-recorde-de-registros-de-feminicidio-em-2026\/\" target=\"_self\" rel=\"\">escalada dos casos<\/a>, o governo promoveu uma reformula\u00e7\u00e3o do Ligue 180 para adequar o atendimento \u00e0s novas formas de viol\u00eancia praticadas no ambiente digital. As mudan\u00e7as incluem a capacita\u00e7\u00e3o das atendentes para identificar e acolher esse tipo de ocorr\u00eancia.<\/span><\/p>\n<p class=\"my-5 break-words group-[.isActiveSource]:text-xl\" style=\"text-align: justify;\"><span style=\"font-size: 14pt; font-family: arial, helvetica, sans-serif;\">O treinamento teve in\u00edcio em 9 de junho e foi conclu\u00eddo nesta segunda-feira (22). A iniciativa integra as a\u00e7\u00f5es do Pacto Brasil entre os Tr\u00eas Poderes pelo Enfrentamento ao Feminic\u00eddio.<\/span><\/p>\n<p class=\"my-5 break-words group-[.isActiveSource]:text-xl\" style=\"text-align: justify;\"><span style=\"font-size: 14pt; font-family: arial, helvetica, sans-serif;\">Apesar dos esfor\u00e7os do governo federal, oito estados ainda n\u00e3o aderiram ao acordo de coopera\u00e7\u00e3o t\u00e9cnica do Pacto Nacional de Combate ao Feminic\u00eddio, que agiliza a troca de informa\u00e7\u00f5es entre a Uni\u00e3o e as unidades da federa\u00e7\u00e3o.<\/span><\/p>\n<p class=\"my-5 break-words group-[.isActiveSource]:text-xl\" style=\"text-align: justify;\"><span style=\"font-size: 14pt; font-family: arial, helvetica, sans-serif;\">De acordo com a pasta, at\u00e9 o momento, n\u00e3o formalizaram ades\u00e3o ao pacto os estados do\u00a0<strong class=\"group-[.isActiveSource]:text-xl group-[.isActiveSource]:font-bold\">Rio Grande do Sul, S\u00e3o Paulo, Minas Gerais, Paran\u00e1, Rond\u00f4nia, Amazonas, Esp\u00edrito Santo e Goi\u00e1s.<\/strong><\/span><\/p>\n","protected":false},"excerpt":{"rendered":"<p>Da CNN O n&uacute;mero de den&uacute;ncias de&nbsp;viol&ecirc;ncia digital contra mulheres&nbsp;registradas pelo&nbsp;Ligue 180&nbsp;cresceu&nbsp;188,6%&nbsp;entre os cinco primeiros meses de 2025 e o mesmo per&iacute;odo de 2026. De janeiro a maio do ano passado, o canal recebeu&nbsp;5.795&nbsp;den&uacute;ncias relacionadas a agress&otilde;es praticadas em ambientes digitais. Neste ano, o volume saltou para&nbsp;16.725&nbsp;registros. Para a ministra das Mulheres, M&aacute;rcia Lopes, o aumento reflete a retomada e o fortalecimento do canal de den&uacute;ncias durante o terceiro mandato do presidente Luiz In&aacute;cio Lula da Silva (PT). &ldquo;Quando uma pol&iacute;tica p&uacute;blica &eacute; levada a s&eacute;rio, reduzir a subnotifica&ccedil;&atilde;o &eacute; fundamental. A qualidade do servi&ccedil;o melhorou muito&rdquo;, afirmou a ministra &#8230; <\/p>\n<p class=\"read-more-container\"><a title=\"N\u00famero de den\u00fancias de viol\u00eancia digital contra mulheres cresce 188%\" class=\"read-more button\" href=\"https:\/\/blogdojuniorcavalcanti.com.br\/index.php\/2026\/06\/23\/numero-de-denuncias-de-violencia-digital-contra-mulheres-cresce-188\/#more-58344\" aria-label=\"More on N\u00famero de den\u00fancias de viol\u00eancia digital contra mulheres cresce 188%\">Leia mais<\/a><\/p>\n","protected":false},"author":2,"featured_media":58345,"comment_status":"open","ping_status":"open","sticky":false,"template":"","format":"standard","meta":{"footnotes":""},"categories":[33],"tags":[],"class_list":["post-58344","post","type-post","status-publish","format-standard","has-post-thumbnail","hentry","category-brasil","resize-featured-image"],"_links":{"self":[{"href":"https:\/\/blogdojuniorcavalcanti.com.br\/index.php\/wp-json\/wp\/v2\/posts\/58344","targetHints":{"allow":["GET"]}}],"collection":[{"href":"https:\/\/blogdojuniorcavalcanti.com.br\/index.php\/wp-json\/wp\/v2\/posts"}],"about":[{"href":"https:\/\/blogdojuniorcavalcanti.com.br\/index.php\/wp-json\/wp\/v2\/types\/post"}],"author":[{"embeddable":true,"href":"https:\/\/blogdojuniorcavalcanti.com.br\/index.php\/wp-json\/wp\/v2\/users\/2"}],"replies":[{"embeddable":true,"href":"https:\/\/blogdojuniorcavalcanti.com.br\/index.php\/wp-json\/wp\/v2\/comments?post=58344"}],"version-history":[{"count":1,"href":"https:\/\/blogdojuniorcavalcanti.com.br\/index.php\/wp-json\/wp\/v2\/posts\/58344\/revisions"}],"predecessor-version":[{"id":58346,"href":"https:\/\/blogdojuniorcavalcanti.com.br\/index.php\/wp-json\/wp\/v2\/posts\/58344\/revisions\/58346"}],"wp:featuredmedia":[{"embeddable":true,"href":"https:\/\/blogdojuniorcavalcanti.com.br\/index.php\/wp-json\/wp\/v2\/media\/58345"}],"wp:attachment":[{"href":"https:\/\/blogdojuniorcavalcanti.com.br\/index.php\/wp-json\/wp\/v2\/media?parent=58344"}],"wp:term":[{"taxonomy":"category","embeddable":true,"href":"https:\/\/blogdojuniorcavalcanti.com.br\/index.php\/wp-json\/wp\/v2\/categories?post=58344"},{"taxonomy":"post_tag","embeddable":true,"href":"https:\/\/blogdojuniorcavalcanti.com.br\/index.php\/wp-json\/wp\/v2\/tags?post=58344"}],"curies":[{"name":"wp","href":"https:\/\/api.w.org\/{rel}","templated":true}]}}