{"id":58563,"date":"2026-06-30T08:45:48","date_gmt":"2026-06-30T11:45:48","guid":{"rendered":"https:\/\/blogdojuniorcavalcanti.com.br\/?p=58563"},"modified":"2026-06-30T08:45:48","modified_gmt":"2026-06-30T11:45:48","slug":"enquanto-assistimos-a-copa-alcolumbre-boicota-fim-da-escala-6x1-no-senado","status":"publish","type":"post","link":"https:\/\/blogdojuniorcavalcanti.com.br\/index.php\/2026\/06\/30\/enquanto-assistimos-a-copa-alcolumbre-boicota-fim-da-escala-6x1-no-senado\/","title":{"rendered":"Enquanto assistimos a Copa, Alcolumbre boicota fim da escala 6\u00d71 no Senado"},"content":{"rendered":"<p style=\"text-align: justify;\"><span style=\"font-size: 14pt; font-family: arial, helvetica, sans-serif;\">A C\u00e2mara dos Deputados\u00a0aprovou a PEC (Proposta de Emenda \u00e0 Constitui\u00e7\u00e3o) sobre a redu\u00e7\u00e3o da jornada\u00a0no pa\u00eds foi em 27 de maio. No dia seguinte, o texto chegou ao Senado, onde est\u00e1 parado desde ent\u00e3o.<\/span><\/p>\n<p style=\"text-align: justify;\"><span style=\"font-size: 14pt; font-family: arial, helvetica, sans-serif;\">Nesta quarta-feira (1\u00b0), a proposta ser\u00e1 o foco de uma sess\u00e3o de debate tem\u00e1tico no plen\u00e1rio do Senado. Ser\u00e1 a primeira discuss\u00e3o formal da PEC desde o envio ao Senado. O texto, no entanto, ainda aguarda encaminhamento de Alcolumbre para a an\u00e1lise da CCJ (Comiss\u00e3o de Constitui\u00e7\u00e3o e Justi\u00e7a).<\/span><\/p>\n<p style=\"text-align: justify;\"><span style=\"font-size: 14pt; font-family: arial, helvetica, sans-serif;\">No mesmo dia,\u00a0o presidente do Senado deve se reunir com parlamentares autores das propostas que tratam do fim da escala 6\u00d71.\u00a0Participam do encontro a deputada\u00a0Erika Hilton\u00a0(PSOL) e o deputado\u00a0Reginaldo Lopes\u00a0(PT). Representantes das centrais sindicais e a nova l\u00edder do governo no Senado,\u00a0Teresa Leit\u00e3o\u00a0(PT), tamb\u00e9m confirmaram presen\u00e7a.<\/span><\/p>\n<p style=\"text-align: justify;\"><span style=\"font-size: 14pt; font-family: arial, helvetica, sans-serif;\">Apesar da pressa do Executivo pelo avan\u00e7o do texto,\u00a0Alcolumbre j\u00e1 descartou votar a PEC diretamente no plen\u00e1rio\u00a0e indicou que o Senado deve sugerir mudan\u00e7as. Segundo ele, a Casa n\u00e3o ser\u00e1 apenas \u201ccarimbadora\u201d da vers\u00e3o aprovada pelos deputados.<\/span><\/p>\n<p style=\"text-align: justify;\"><span style=\"font-size: 14pt; font-family: arial, helvetica, sans-serif;\">Uma aprova\u00e7\u00e3o com mudan\u00e7as no m\u00e9rito do texto implicam no retorno da PEC para avalia\u00e7\u00e3o da C\u00e2mara, o que atrasaria ainda mais a aprova\u00e7\u00e3o final do texto.<\/span><\/p>\n<p style=\"text-align: justify;\"><span style=\"font-size: 14pt; font-family: arial, helvetica, sans-serif;\">Outro impasse sobre o tr\u00e2mite da proposta envolve a escolha do relator. Um dos principais nomes defendidos por aliados de Alcolumbre, o senador\u00a0Rodrigo Pacheco\u00a0(PSB-MG)\u00a0negou inten\u00e7\u00e3o de assumir a fun\u00e7\u00e3o.<\/span><\/p>\n<p style=\"text-align: justify;\"><span style=\"font-size: 14pt; font-family: arial, helvetica, sans-serif;\">Alcolumbre j\u00e1 havia avisado que retardaria a proposta, sem nenhuma preocupa\u00e7\u00e3o com o que diz o opini\u00e3o p\u00fablica sobre a quest\u00e3o.<\/span><\/p>\n","protected":false},"excerpt":{"rendered":"<p>A C&acirc;mara dos Deputados&nbsp;aprovou a PEC (Proposta de Emenda &agrave; Constitui&ccedil;&atilde;o) sobre a redu&ccedil;&atilde;o da jornada&nbsp;no pa&iacute;s foi em 27 de maio. No dia seguinte, o texto chegou ao Senado, onde est&aacute; parado desde ent&atilde;o. Nesta quarta-feira (1&deg;), a proposta ser&aacute; o foco de uma sess&atilde;o de debate tem&aacute;tico no plen&aacute;rio do Senado. Ser&aacute; a primeira discuss&atilde;o formal da PEC desde o envio ao Senado. O texto, no entanto, ainda aguarda encaminhamento de Alcolumbre para a an&aacute;lise da CCJ (Comiss&atilde;o de Constitui&ccedil;&atilde;o e Justi&ccedil;a). No mesmo dia,&nbsp;o presidente do Senado deve se reunir com parlamentares autores das propostas que tratam &#8230; <\/p>\n<p class=\"read-more-container\"><a title=\"Enquanto assistimos a Copa, Alcolumbre boicota fim da escala 6\u00d71 no Senado\" class=\"read-more button\" href=\"https:\/\/blogdojuniorcavalcanti.com.br\/index.php\/2026\/06\/30\/enquanto-assistimos-a-copa-alcolumbre-boicota-fim-da-escala-6x1-no-senado\/#more-58563\" aria-label=\"More on Enquanto assistimos a Copa, Alcolumbre boicota fim da escala 6\u00d71 no Senado\">Leia mais<\/a><\/p>\n","protected":false},"author":2,"featured_media":58564,"comment_status":"open","ping_status":"open","sticky":false,"template":"","format":"standard","meta":{"footnotes":""},"categories":[27],"tags":[],"class_list":["post-58563","post","type-post","status-publish","format-standard","has-post-thumbnail","hentry","category-politica","resize-featured-image"],"_links":{"self":[{"href":"https:\/\/blogdojuniorcavalcanti.com.br\/index.php\/wp-json\/wp\/v2\/posts\/58563","targetHints":{"allow":["GET"]}}],"collection":[{"href":"https:\/\/blogdojuniorcavalcanti.com.br\/index.php\/wp-json\/wp\/v2\/posts"}],"about":[{"href":"https:\/\/blogdojuniorcavalcanti.com.br\/index.php\/wp-json\/wp\/v2\/types\/post"}],"author":[{"embeddable":true,"href":"https:\/\/blogdojuniorcavalcanti.com.br\/index.php\/wp-json\/wp\/v2\/users\/2"}],"replies":[{"embeddable":true,"href":"https:\/\/blogdojuniorcavalcanti.com.br\/index.php\/wp-json\/wp\/v2\/comments?post=58563"}],"version-history":[{"count":1,"href":"https:\/\/blogdojuniorcavalcanti.com.br\/index.php\/wp-json\/wp\/v2\/posts\/58563\/revisions"}],"predecessor-version":[{"id":58565,"href":"https:\/\/blogdojuniorcavalcanti.com.br\/index.php\/wp-json\/wp\/v2\/posts\/58563\/revisions\/58565"}],"wp:featuredmedia":[{"embeddable":true,"href":"https:\/\/blogdojuniorcavalcanti.com.br\/index.php\/wp-json\/wp\/v2\/media\/58564"}],"wp:attachment":[{"href":"https:\/\/blogdojuniorcavalcanti.com.br\/index.php\/wp-json\/wp\/v2\/media?parent=58563"}],"wp:term":[{"taxonomy":"category","embeddable":true,"href":"https:\/\/blogdojuniorcavalcanti.com.br\/index.php\/wp-json\/wp\/v2\/categories?post=58563"},{"taxonomy":"post_tag","embeddable":true,"href":"https:\/\/blogdojuniorcavalcanti.com.br\/index.php\/wp-json\/wp\/v2\/tags?post=58563"}],"curies":[{"name":"wp","href":"https:\/\/api.w.org\/{rel}","templated":true}]}}