{"id":5863,"date":"2020-01-07T08:31:48","date_gmt":"2020-01-07T11:31:48","guid":{"rendered":"http:\/\/blogdojuniorcavalcanti.com.br\/?p=5863"},"modified":"2020-01-07T08:31:48","modified_gmt":"2020-01-07T11:31:48","slug":"pms-acusados-de-mortes-em-milagres-investigados-por-matar-jovem","status":"publish","type":"post","link":"https:\/\/blogdojuniorcavalcanti.com.br\/index.php\/2020\/01\/07\/pms-acusados-de-mortes-em-milagres-investigados-por-matar-jovem\/","title":{"rendered":"PMs acusados de mortes em Milagres investigados por matar jovem"},"content":{"rendered":"<div id=\"attachment_139535\" class=\"wp-caption alignleft\"><span style=\"font-size: 14pt;\"><a href=\"https:\/\/i2.wp.com\/nilljunior.com.br\/wp-content\/uploads\/2018\/12\/mortos-g1.jpg\"><img fetchpriority=\"high\" decoding=\"async\" class=\"wp-image-139535\" src=\"https:\/\/i2.wp.com\/nilljunior.com.br\/wp-content\/uploads\/2018\/12\/mortos-g1.jpg?resize=400%2C300\" sizes=\"(max-width: 400px) 100vw, 400px\" srcset=\"https:\/\/i2.wp.com\/nilljunior.com.br\/wp-content\/uploads\/2018\/12\/mortos-g1.jpg?resize=533%2C400 533w, https:\/\/i2.wp.com\/nilljunior.com.br\/wp-content\/uploads\/2018\/12\/mortos-g1.jpg?resize=300%2C225 300w, https:\/\/i2.wp.com\/nilljunior.com.br\/wp-content\/uploads\/2018\/12\/mortos-g1.jpg?resize=768%2C576 768w, https:\/\/i2.wp.com\/nilljunior.com.br\/wp-content\/uploads\/2018\/12\/mortos-g1.jpg?w=1000 1000w\" alt=\"\" width=\"400\" height=\"300\" data-attachment-id=\"139535\" data-permalink=\"http:\/\/nilljunior.com.br\/serra-talhadenses-entre-os-mortos-em-tentativa-de-assalto-no-ceara\/mortos-g1\/\" data-orig-file=\"https:\/\/i2.wp.com\/nilljunior.com.br\/wp-content\/uploads\/2018\/12\/mortos-g1.jpg?fit=1000%2C750\" data-orig-size=\"1000,750\" data-comments-opened=\"1\" data-image-meta=\"{&quot;aperture&quot;:&quot;0&quot;,&quot;credit&quot;:&quot;&quot;,&quot;camera&quot;:&quot;&quot;,&quot;caption&quot;:&quot;&quot;,&quot;created_timestamp&quot;:&quot;0&quot;,&quot;copyright&quot;:&quot;&quot;,&quot;focal_length&quot;:&quot;0&quot;,&quot;iso&quot;:&quot;0&quot;,&quot;shutter_speed&quot;:&quot;0&quot;,&quot;title&quot;:&quot;&quot;,&quot;orientation&quot;:&quot;1&quot;}\" data-image-title=\"mortos-g1\" data-image-description=\"\" data-medium-file=\"https:\/\/i2.wp.com\/nilljunior.com.br\/wp-content\/uploads\/2018\/12\/mortos-g1.jpg?fit=300%2C225\" data-large-file=\"https:\/\/i2.wp.com\/nilljunior.com.br\/wp-content\/uploads\/2018\/12\/mortos-g1.jpg?fit=533%2C400\" \/><\/a><\/span><\/p>\n<p class=\"wp-caption-text\" style=\"text-align: justify;\"><span style=\"font-size: 14pt; font-family: arial, helvetica, sans-serif;\">Foto: Edson Freitas<\/span><\/p>\n<\/div>\n<p style=\"text-align: justify;\"><span style=\"font-size: 14pt; font-family: arial, helvetica, sans-serif;\"><em>Di\u00e1rio do Nordeste<\/em><\/span><\/p>\n<p style=\"text-align: justify;\"><span style=\"font-size: 14pt; font-family: arial, helvetica, sans-serif;\">Cerca de dez meses antes do epis\u00f3dio que ficou conhecido como Trag\u00e9dia de Milagres \u2013 no qual 14 pessoas foram mortas,\u00a0<a href=\"http:\/\/nilljunior.com.br\/serra-talhadenses-entre-os-mortos-em-tentativa-de-assalto-no-ceara\/\" target=\"_blank\" rel=\"noopener\">dentre eles cinco pessoas de uma fam\u00edlia de serra-talhadenses<\/a>, que foram feitas ref\u00e9ns momentos antes durante a tentativa de assalto a um banco naquele Munic\u00edpio, em dezembro de 2018 \u2013 dois policiais militares que atuaram nessa ocorr\u00eancia j\u00e1 estavam sendo processados por outro suposto homic\u00eddio ocorrido em fevereiro do mesmo ano na Comunidade Babil\u00f4nia, no bairro Barroso, na capital cearense.<\/span><\/p>\n<p style=\"text-align: justify;\"><span style=\"font-size: 14pt; font-family: arial, helvetica, sans-serif;\">Nessa ocasi\u00e3o, a composi\u00e7\u00e3o de policiais, liderada pelo capit\u00e3o Jos\u00e9 Azevedo Costa Neto, com a participa\u00e7\u00e3o do sargento Edson Nascimento do Carmo \u2013 que atuaram em Milagres \u2013, teria executado o adolescente Emerson Alves Feitosa, 16, e causado ferimentos em outro jovem. O caso teria sido tratado inicialmente como interven\u00e7\u00e3o policial.<\/span><\/p>\n<p style=\"text-align: justify;\"><span style=\"font-size: 14pt; font-family: arial, helvetica, sans-serif;\"><strong>Exames \u2013<\/strong>\u00a0No entanto, o Minist\u00e9rio P\u00fablico concluiu ap\u00f3s analisar os exames cadav\u00e9ricos (do jovem morto) e de corpo de delito (do jovem que sobreviveu) que \u201cos ferimentos causados pelos disparos possuem caracter\u00edsticas de tiros feitos \u00e0 curta dist\u00e2ncia (execu\u00e7\u00e3o), visto que, ao redor das les\u00f5es h\u00e1 zonas de esfuma\u00e7amento (queimada ou encrostada), indicando a proximidade dos disparos realizados pelos militares\u201d.<\/span><\/p>\n<p style=\"text-align: justify;\"><span style=\"font-size: 14pt; font-family: arial, helvetica, sans-serif;\">Conforme o \u00f3rg\u00e3o, \u00e9 poss\u00edvel inferir que o exame \u201crefor\u00e7a declara\u00e7\u00e3o realizada pelo menor\u201d. O laudo cadav\u00e9rico do corpo de Emerson Alves apontou que o tiro deflagrado foi \u201c\u00e0 queima roupa\u201d. Al\u00e9m do capit\u00e3o e do sargento, outros nove PMs s\u00e3o investigados pelo ocorrido na Babil\u00f4nia.<\/span><\/p>\n<p style=\"text-align: justify;\"><span style=\"font-size: 14pt; font-family: arial, helvetica, sans-serif;\">Por causa das provas periciais apontadas atrav\u00e9s dos exames de les\u00e3o corporal e cadav\u00e9rico, no \u00faltimo m\u00eas de dezembro, o MPCE requereu \u00e0 Justi\u00e7a Militar (onde tramitava o caso em quest\u00e3o) que a compet\u00eancia de julgamento fosse repassada \u00e0 Vara do J\u00fari, uma vez que a documenta\u00e7\u00e3o comprovaria homic\u00eddio doloso \u2013 quando h\u00e1 inten\u00e7\u00e3o de matar. O Minist\u00e9rio P\u00fablico argumenta que os policiais n\u00e3o agiram em leg\u00edtima defesa.<\/span><\/p>\n<p style=\"text-align: justify;\"><span style=\"font-size: 14pt; font-family: arial, helvetica, sans-serif;\"><em>*Edi\u00e7\u00e3o: Andr\u00e9 Luis<\/em><\/span><\/p>\n","protected":false},"excerpt":{"rendered":"<p>Foto: Edson Freitas Di&aacute;rio do Nordeste Cerca de dez meses antes do epis&oacute;dio que ficou conhecido como Trag&eacute;dia de Milagres &ndash; no qual 14 pessoas foram mortas,&nbsp;dentre eles cinco pessoas de uma fam&iacute;lia de serra-talhadenses, que foram feitas ref&eacute;ns momentos antes durante a tentativa de assalto a um banco naquele Munic&iacute;pio, em dezembro de 2018 &ndash; dois policiais militares que atuaram nessa ocorr&ecirc;ncia j&aacute; estavam sendo processados por outro suposto homic&iacute;dio ocorrido em fevereiro do mesmo ano na Comunidade Babil&ocirc;nia, no bairro Barroso, na capital cearense. Nessa ocasi&atilde;o, a composi&ccedil;&atilde;o de policiais, liderada pelo capit&atilde;o Jos&eacute; Azevedo Costa Neto, com &#8230; <\/p>\n<p class=\"read-more-container\"><a title=\"PMs acusados de mortes em Milagres investigados por matar jovem\" class=\"read-more button\" href=\"https:\/\/blogdojuniorcavalcanti.com.br\/index.php\/2020\/01\/07\/pms-acusados-de-mortes-em-milagres-investigados-por-matar-jovem\/#more-5863\" aria-label=\"More on PMs acusados de mortes em Milagres investigados por matar jovem\">Leia mais<\/a><\/p>\n","protected":false},"author":2,"featured_media":0,"comment_status":"open","ping_status":"open","sticky":false,"template":"","format":"standard","meta":{"footnotes":""},"categories":[1],"tags":[],"class_list":["post-5863","post","type-post","status-publish","format-standard","hentry","category-sem-categoria"],"_links":{"self":[{"href":"https:\/\/blogdojuniorcavalcanti.com.br\/index.php\/wp-json\/wp\/v2\/posts\/5863","targetHints":{"allow":["GET"]}}],"collection":[{"href":"https:\/\/blogdojuniorcavalcanti.com.br\/index.php\/wp-json\/wp\/v2\/posts"}],"about":[{"href":"https:\/\/blogdojuniorcavalcanti.com.br\/index.php\/wp-json\/wp\/v2\/types\/post"}],"author":[{"embeddable":true,"href":"https:\/\/blogdojuniorcavalcanti.com.br\/index.php\/wp-json\/wp\/v2\/users\/2"}],"replies":[{"embeddable":true,"href":"https:\/\/blogdojuniorcavalcanti.com.br\/index.php\/wp-json\/wp\/v2\/comments?post=5863"}],"version-history":[{"count":1,"href":"https:\/\/blogdojuniorcavalcanti.com.br\/index.php\/wp-json\/wp\/v2\/posts\/5863\/revisions"}],"predecessor-version":[{"id":5864,"href":"https:\/\/blogdojuniorcavalcanti.com.br\/index.php\/wp-json\/wp\/v2\/posts\/5863\/revisions\/5864"}],"wp:attachment":[{"href":"https:\/\/blogdojuniorcavalcanti.com.br\/index.php\/wp-json\/wp\/v2\/media?parent=5863"}],"wp:term":[{"taxonomy":"category","embeddable":true,"href":"https:\/\/blogdojuniorcavalcanti.com.br\/index.php\/wp-json\/wp\/v2\/categories?post=5863"},{"taxonomy":"post_tag","embeddable":true,"href":"https:\/\/blogdojuniorcavalcanti.com.br\/index.php\/wp-json\/wp\/v2\/tags?post=5863"}],"curies":[{"name":"wp","href":"https:\/\/api.w.org\/{rel}","templated":true}]}}