{"id":58656,"date":"2026-07-02T08:38:07","date_gmt":"2026-07-02T11:38:07","guid":{"rendered":"https:\/\/blogdojuniorcavalcanti.com.br\/?p=58656"},"modified":"2026-07-02T08:38:07","modified_gmt":"2026-07-02T11:38:07","slug":"identificacao-do-corpo-de-pedro-henrique-sera-feito-por-dna-diz-familia","status":"publish","type":"post","link":"https:\/\/blogdojuniorcavalcanti.com.br\/index.php\/2026\/07\/02\/identificacao-do-corpo-de-pedro-henrique-sera-feito-por-dna-diz-familia\/","title":{"rendered":"Identifica\u00e7\u00e3o do corpo de Pedro Henrique ser\u00e1 feito por DNA, diz fam\u00edlia"},"content":{"rendered":"<p style=\"text-align: justify;\"><span style=\"font-size: 14pt; font-family: arial, helvetica, sans-serif;\">A fam\u00edlia de Pedro Henrique de Siqueira S\u00e1 Maranh\u00e3o divulgou uma nota oficial esclarecendo informa\u00e7\u00f5es sobre o caso que vem gerando grande repercuss\u00e3o em Afogados da Ingazeira e regi\u00e3o.<\/span><\/p>\n<p style=\"text-align: justify;\"><span style=\"font-size: 14pt; font-family: arial, helvetica, sans-serif;\">No comunicado, a fam\u00edlia informou que, devido ao estado de carboniza\u00e7\u00e3o do corpo localizado, n\u00e3o foi poss\u00edvel realizar o reconhecimento por meio da arcada dent\u00e1ria. Com isso, tornou-se necess\u00e1ria a realiza\u00e7\u00e3o de exame de DNA para a identifica\u00e7\u00e3o oficial e definitiva.<\/span><\/p>\n<p style=\"text-align: justify;\"><span style=\"font-size: 14pt; font-family: arial, helvetica, sans-serif;\">Segundo a nota, o procedimento j\u00e1 foi iniciado, mas o resultado pode levar alguns dias at\u00e9 ser conclu\u00eddo.<\/span><\/p>\n<p style=\"text-align: justify;\"><span style=\"font-size: 14pt; font-family: arial, helvetica, sans-serif;\">A fam\u00edlia pediu compreens\u00e3o e respeito neste momento de dor, incerteza e ang\u00fastia, destacando a import\u00e2ncia de evitar a propaga\u00e7\u00e3o de especula\u00e7\u00f5es enquanto o processo t\u00e9cnico e legal segue em andamento.<\/span><\/p>\n<p style=\"text-align: justify;\"><span style=\"font-size: 14pt; font-family: arial, helvetica, sans-serif;\">\u201cAgradecemos do fundo do cora\u00e7\u00e3o por cada mensagem de apoio, carinho e pelas ora\u00e7\u00f5es que temos recebido desde o ocorrido. Elas t\u00eam sido o nosso amparo\u201d, diz trecho da nota. Por fim, os familiares refor\u00e7aram o apelo para que a popula\u00e7\u00e3o aguarde a conclus\u00e3o dos exames periciais antes de qualquer confirma\u00e7\u00e3o oficial sobre o caso.<\/span><\/p>\n","protected":false},"excerpt":{"rendered":"<p>A fam&iacute;lia de Pedro Henrique de Siqueira S&aacute; Maranh&atilde;o divulgou uma nota oficial esclarecendo informa&ccedil;&otilde;es sobre o caso que vem gerando grande repercuss&atilde;o em Afogados da Ingazeira e regi&atilde;o. No comunicado, a fam&iacute;lia informou que, devido ao estado de carboniza&ccedil;&atilde;o do corpo localizado, n&atilde;o foi poss&iacute;vel realizar o reconhecimento por meio da arcada dent&aacute;ria. Com isso, tornou-se necess&aacute;ria a realiza&ccedil;&atilde;o de exame de DNA para a identifica&ccedil;&atilde;o oficial e definitiva. Segundo a nota, o procedimento j&aacute; foi iniciado, mas o resultado pode levar alguns dias at&eacute; ser conclu&iacute;do. A fam&iacute;lia pediu compreens&atilde;o e respeito neste momento de dor, incerteza e &#8230; <\/p>\n<p class=\"read-more-container\"><a title=\"Identifica\u00e7\u00e3o do corpo de Pedro Henrique ser\u00e1 feito por DNA, diz fam\u00edlia\" class=\"read-more button\" href=\"https:\/\/blogdojuniorcavalcanti.com.br\/index.php\/2026\/07\/02\/identificacao-do-corpo-de-pedro-henrique-sera-feito-por-dna-diz-familia\/#more-58656\" aria-label=\"More on Identifica\u00e7\u00e3o do corpo de Pedro Henrique ser\u00e1 feito por DNA, diz fam\u00edlia\">Leia mais<\/a><\/p>\n","protected":false},"author":2,"featured_media":58657,"comment_status":"open","ping_status":"open","sticky":false,"template":"","format":"standard","meta":{"footnotes":""},"categories":[25],"tags":[],"class_list":["post-58656","post","type-post","status-publish","format-standard","has-post-thumbnail","hentry","category-destaque","resize-featured-image"],"_links":{"self":[{"href":"https:\/\/blogdojuniorcavalcanti.com.br\/index.php\/wp-json\/wp\/v2\/posts\/58656","targetHints":{"allow":["GET"]}}],"collection":[{"href":"https:\/\/blogdojuniorcavalcanti.com.br\/index.php\/wp-json\/wp\/v2\/posts"}],"about":[{"href":"https:\/\/blogdojuniorcavalcanti.com.br\/index.php\/wp-json\/wp\/v2\/types\/post"}],"author":[{"embeddable":true,"href":"https:\/\/blogdojuniorcavalcanti.com.br\/index.php\/wp-json\/wp\/v2\/users\/2"}],"replies":[{"embeddable":true,"href":"https:\/\/blogdojuniorcavalcanti.com.br\/index.php\/wp-json\/wp\/v2\/comments?post=58656"}],"version-history":[{"count":1,"href":"https:\/\/blogdojuniorcavalcanti.com.br\/index.php\/wp-json\/wp\/v2\/posts\/58656\/revisions"}],"predecessor-version":[{"id":58658,"href":"https:\/\/blogdojuniorcavalcanti.com.br\/index.php\/wp-json\/wp\/v2\/posts\/58656\/revisions\/58658"}],"wp:featuredmedia":[{"embeddable":true,"href":"https:\/\/blogdojuniorcavalcanti.com.br\/index.php\/wp-json\/wp\/v2\/media\/58657"}],"wp:attachment":[{"href":"https:\/\/blogdojuniorcavalcanti.com.br\/index.php\/wp-json\/wp\/v2\/media?parent=58656"}],"wp:term":[{"taxonomy":"category","embeddable":true,"href":"https:\/\/blogdojuniorcavalcanti.com.br\/index.php\/wp-json\/wp\/v2\/categories?post=58656"},{"taxonomy":"post_tag","embeddable":true,"href":"https:\/\/blogdojuniorcavalcanti.com.br\/index.php\/wp-json\/wp\/v2\/tags?post=58656"}],"curies":[{"name":"wp","href":"https:\/\/api.w.org\/{rel}","templated":true}]}}