{"id":58748,"date":"2026-07-03T10:48:03","date_gmt":"2026-07-03T13:48:03","guid":{"rendered":"https:\/\/blogdojuniorcavalcanti.com.br\/?p=58748"},"modified":"2026-07-03T10:48:03","modified_gmt":"2026-07-03T13:48:03","slug":"colisao-entre-veiculos-em-avenida-de-serra-talhada-deixa-idosos-feridos-na-manha-desta-6a","status":"publish","type":"post","link":"https:\/\/blogdojuniorcavalcanti.com.br\/index.php\/2026\/07\/03\/colisao-entre-veiculos-em-avenida-de-serra-talhada-deixa-idosos-feridos-na-manha-desta-6a\/","title":{"rendered":"Colis\u00e3o entre ve\u00edculos em avenida de Serra Talhada deixa idosos feridos na manh\u00e3 desta 6\u00aa"},"content":{"rendered":"<figure id=\"attachment_691096\" class=\"wp-caption aligncenter amp-wp-c158dad\" style=\"text-align: justify;\" aria-describedby=\"caption-attachment-691096\" data-amp-original-style=\"width: 1100px\"><figcaption id=\"caption-attachment-691096\" class=\"wp-caption-text\"><span style=\"font-size: 14pt; font-family: arial, helvetica, sans-serif;\">Foto: PRF\/Divulga\u00e7\u00e3o- apenas ilustra\u00e7\u00e3o<\/span><\/figcaption><\/figure>\n<p style=\"text-align: justify;\"><span style=\"font-size: 14pt; font-family: arial, helvetica, sans-serif;\">A Avenida Afonso Magalh\u00e3es, em Serra Talhada, foi cen\u00e1rio de mais um acidente no munic\u00edpio. Nesta sexta-feira (3), duas motos colidiram no local, deixando duas idosas feridas: uma de 60 anos e outra de 62, que vinham na mesma moto. A colis\u00e3o ocorreu na rotat\u00f3ria, por volta das 08h06. O outro condutor n\u00e3o teve ferimentos.<\/span><\/p>\n<h4 style=\"text-align: justify;\"><span class=\"amp-wp-cc68ddc amp-wp-cc68ddc amp-wp-cc68ddc\" style=\"font-size: 14pt; font-family: arial, helvetica, sans-serif;\" data-amp-original-style=\"color: #ff0000;\">Receba as manchetes do Farol primeiro no canal do WhatsApp (<a class=\"amp-wp-cc68ddc amp-wp-cc68ddc amp-wp-cc68ddc\" href=\"https:\/\/whatsapp.com\/channel\/0029VbC0uiy1yT21uTbPI32r\" target=\"_blank\" rel=\"noopener\" data-amp-original-style=\"color: #ff0000;\" data-amp-original-=\"\">fa\u00e7a parte<\/a>)<\/span><\/h4>\n<p style=\"text-align: justify;\"><span style=\"font-size: 14pt; font-family: arial, helvetica, sans-serif;\">O Servi\u00e7o de Atendimento M\u00e9dico de Urg\u00eancia (SAMU) foi acionado e agiu r\u00e1pido, prestando o socorro necess\u00e1rio. De acordo com o boletim de ocorr\u00eancia, uma das v\u00edtimas estava com escoria\u00e7\u00f5es, mas sem outras queixas, e a outra consciente, mas desorientada. Nenhuma em estado grave.<\/span><\/p>\n<p style=\"text-align: justify;\"><span style=\"font-size: 14pt; font-family: arial, helvetica, sans-serif;\">Em maio passado, um outro acidente, tamb\u00e9m colis\u00e3o entre duas motocicletas, quase no mesmo local, deixou uma pessoa ferida (<span class=\"amp-wp-cc68ddc\" data-amp-original-style=\"color: #ff0000;\"><a class=\"amp-wp-cc68ddc\" href=\"https:\/\/faroldenoticias.com.br\/acidente-deixa-um-ferido-nesta-5a-em-avenida-de-serra-talhada\" data-amp-original-style=\"color: #ff0000;\">relembre aqui<\/a><\/span>), o que aumenta o debate com rela\u00e7\u00e3o ao uso ccorreto das rotat\u00f3ria por parte dos condutores.<\/span><\/p>\n","protected":false},"excerpt":{"rendered":"<p>Foto: PRF\/Divulga&ccedil;&atilde;o- apenas ilustra&ccedil;&atilde;o A Avenida Afonso Magalh&atilde;es, em Serra Talhada, foi cen&aacute;rio de mais um acidente no munic&iacute;pio. Nesta sexta-feira (3), duas motos colidiram no local, deixando duas idosas feridas: uma de 60 anos e outra de 62, que vinham na mesma moto. A colis&atilde;o ocorreu na rotat&oacute;ria, por volta das 08h06. O outro condutor n&atilde;o teve ferimentos. Receba as manchetes do Farol primeiro no canal do WhatsApp (fa&ccedil;a parte) O Servi&ccedil;o de Atendimento M&eacute;dico de Urg&ecirc;ncia (SAMU) foi acionado e agiu r&aacute;pido, prestando o socorro necess&aacute;rio. De acordo com o boletim de ocorr&ecirc;ncia, uma das v&iacute;timas estava com &#8230; <\/p>\n<p class=\"read-more-container\"><a title=\"Colis\u00e3o entre ve\u00edculos em avenida de Serra Talhada deixa idosos feridos na manh\u00e3 desta 6\u00aa\" class=\"read-more button\" href=\"https:\/\/blogdojuniorcavalcanti.com.br\/index.php\/2026\/07\/03\/colisao-entre-veiculos-em-avenida-de-serra-talhada-deixa-idosos-feridos-na-manha-desta-6a\/#more-58748\" aria-label=\"More on Colis\u00e3o entre ve\u00edculos em avenida de Serra Talhada deixa idosos feridos na manh\u00e3 desta 6\u00aa\">Leia mais<\/a><\/p>\n","protected":false},"author":2,"featured_media":58749,"comment_status":"open","ping_status":"open","sticky":false,"template":"","format":"standard","meta":{"footnotes":""},"categories":[29],"tags":[],"class_list":["post-58748","post","type-post","status-publish","format-standard","has-post-thumbnail","hentry","category-policial","resize-featured-image"],"_links":{"self":[{"href":"https:\/\/blogdojuniorcavalcanti.com.br\/index.php\/wp-json\/wp\/v2\/posts\/58748","targetHints":{"allow":["GET"]}}],"collection":[{"href":"https:\/\/blogdojuniorcavalcanti.com.br\/index.php\/wp-json\/wp\/v2\/posts"}],"about":[{"href":"https:\/\/blogdojuniorcavalcanti.com.br\/index.php\/wp-json\/wp\/v2\/types\/post"}],"author":[{"embeddable":true,"href":"https:\/\/blogdojuniorcavalcanti.com.br\/index.php\/wp-json\/wp\/v2\/users\/2"}],"replies":[{"embeddable":true,"href":"https:\/\/blogdojuniorcavalcanti.com.br\/index.php\/wp-json\/wp\/v2\/comments?post=58748"}],"version-history":[{"count":1,"href":"https:\/\/blogdojuniorcavalcanti.com.br\/index.php\/wp-json\/wp\/v2\/posts\/58748\/revisions"}],"predecessor-version":[{"id":58750,"href":"https:\/\/blogdojuniorcavalcanti.com.br\/index.php\/wp-json\/wp\/v2\/posts\/58748\/revisions\/58750"}],"wp:featuredmedia":[{"embeddable":true,"href":"https:\/\/blogdojuniorcavalcanti.com.br\/index.php\/wp-json\/wp\/v2\/media\/58749"}],"wp:attachment":[{"href":"https:\/\/blogdojuniorcavalcanti.com.br\/index.php\/wp-json\/wp\/v2\/media?parent=58748"}],"wp:term":[{"taxonomy":"category","embeddable":true,"href":"https:\/\/blogdojuniorcavalcanti.com.br\/index.php\/wp-json\/wp\/v2\/categories?post=58748"},{"taxonomy":"post_tag","embeddable":true,"href":"https:\/\/blogdojuniorcavalcanti.com.br\/index.php\/wp-json\/wp\/v2\/tags?post=58748"}],"curies":[{"name":"wp","href":"https:\/\/api.w.org\/{rel}","templated":true}]}}