{"id":58965,"date":"2026-07-09T07:34:33","date_gmt":"2026-07-09T10:34:33","guid":{"rendered":"https:\/\/blogdojuniorcavalcanti.com.br\/?p=58965"},"modified":"2026-07-09T07:34:33","modified_gmt":"2026-07-09T10:34:33","slug":"parlamentar-expoe-regalias-que-senadores-recebem-apos-eleicao-voces-que-pagam","status":"publish","type":"post","link":"https:\/\/blogdojuniorcavalcanti.com.br\/index.php\/2026\/07\/09\/parlamentar-expoe-regalias-que-senadores-recebem-apos-eleicao-voces-que-pagam\/","title":{"rendered":"Parlamentar exp\u00f5e regalias que senadores recebem ap\u00f3s elei\u00e7\u00e3o: \u2018Voc\u00eas que pagam\u2019"},"content":{"rendered":"<p style=\"text-align: justify;\"><span style=\"font-size: 14pt; font-family: arial, helvetica, sans-serif;\">Do PE Not\u00edcias<\/span><\/p>\n<p style=\"text-align: justify;\"><span style=\"font-size: 14pt; font-family: arial, helvetica, sans-serif;\">O senador Cleitinho Azevedo (Republicanos-MG) publicou um v\u00eddeo na tarde desta quarta-feira (08), para expor regalias a que todos os 81 senadores t\u00eam direito ap\u00f3s serem eleitos em seus estados. Em tom de cr\u00edtica, o parlamentar costuma se posicionar pelo fim dos privil\u00e9gios e mordomias da classe pol\u00edtica, contrapondo todos os benef\u00edcios \u00e0s dificuldades enfrentadas pela maior parte da popula\u00e7\u00e3o brasileira. Assista ao v\u00eddeo abaixo.<\/span><\/p>\n<p style=\"text-align: justify;\"><span style=\"font-size: 14pt; font-family: arial, helvetica, sans-serif;\">J\u00e1 de in\u00edcio, Cleitinho mostra o apartamento funcional a que tem direito, com seus quatro quartos e quatro banheiros, sendo uma su\u00edte com closet, sala ampla para dois ambientes, cozinha e \u00e1rea de servi\u00e7o tamb\u00e9m espa\u00e7osas. \u201cEsse aqui \u00e9 um apartamento funcional que um senador tem. Se eu n\u00e3o quisesse esse apartamento funcional, eu poderia ter aux\u00edlio-moradia, enquanto voc\u00ea paga aluguel e IPTU. Olha que tamanho [grande] de apartamento (\u2026). Se eu quiser fazer uma reforma muito boa aqui, quem paga isso \u00e9 voc\u00ea\u201d, narra o senador.<\/span><\/p>\n<p style=\"text-align: justify;\"><span style=\"font-size: 14pt; font-family: arial, helvetica, sans-serif;\">Em seguida, ele vai ao estacionamento do Senado Federal e mostra os carros de luxo que est\u00e3o parados no local. \u201cOlha os carr\u00f5es, que coisa maravilhosa. Tudo que os senadores t\u00eam direito, enquanto voc\u00ea tem que comprar um carro, at\u00e9 financiar, tem que pagar IPVA, colocar gasolina, pagar seguro. Quem paga isso aqui de verdade [para os senadores] s\u00e3o voc\u00eas, e com o tanque cheio\u201d, continua Cleitinho enquanto mostra cerca de uma dezena de ve\u00edculos de luxo pretos e de grande porte.<\/span><\/p>\n<p style=\"text-align: justify;\"><span style=\"font-size: 14pt; font-family: arial, helvetica, sans-serif;\">\u201cVem comigo que eu vou mostrar mais para voc\u00eas do que \u00e9 uma vida de senador. Enquanto voc\u00eas n\u00e3o t\u00eam seguran\u00e7a nenhuma, olha o tanto de seguran\u00e7as que tem aqui para n\u00f3s\u201d, insiste na diferencia\u00e7\u00e3o, enquanto aponta para profissionais especializados que trabalham para proteger a integridade f\u00edsica dos senadores. \u201cEnquanto voc\u00eas n\u00e3o t\u00eam seguran\u00e7a nenhuma, at\u00e9 elevador privativo os senadores t\u00eam\u201d, segue.<\/span><\/p>\n<p style=\"text-align: justify;\"><span style=\"font-size: 14pt; font-family: arial, helvetica, sans-serif;\">O senador ainda fala sobre o plano de sa\u00fade vital\u00edcio a que passou a ter direito, junto de seus dependentes, ap\u00f3s ter sido eleito. \u201cEu abri m\u00e3o\u201d, alega.<\/span><\/p>\n<p style=\"text-align: justify;\"><span style=\"font-size: 14pt; font-family: arial, helvetica, sans-serif;\">\u201cVoc\u00ea, que \u00e9 de esquerda e de direita, que fica se matando por causa de pol\u00edtica, que tem pol\u00edtico de estima\u00e7\u00e3o, deixa eu mostrar um detalhe para voc\u00eas\u2026 Quero ver que outro pol\u00edtico tem coragem de mostrar o que eu vou mostrar (\u2026). Parem de ficar se matando por causa de pol\u00edtica, idolatrando pol\u00edtico. O pol\u00edtico tem \u00e9 que ser cobrado. Esse ano tem elei\u00e7\u00e3o, e voc\u00eas v\u00e3o gastar mais de 5 bilh\u00f5es [de reais] com pol\u00edticos. Daqui a uma semana, isso aqui vai entrar de recesso, enquanto voc\u00eas t\u00eam que se matar de trabalhar. E, depois da elei\u00e7\u00e3o, eu acredito que isso aqui n\u00e3o volta [a funcionar] mais esse ano, n\u00e3o\u201d, finaliza Cleitinho.<\/span><\/p>\n<p style=\"text-align: justify;\"><span style=\"font-size: 14pt; font-family: arial, helvetica, sans-serif;\">Quero ver qual outro pol\u00edtico do Brasil vai ter coragem de mostrar a realidade que os pol\u00edticos vivem \u00e0s custas do povo brasileiro.\u00a0<strong><a href=\"https:\/\/t.co\/0gUGgZmIxD\">pic.twitter.com\/0gUGgZmIxD<\/a><\/strong><\/span><\/p>\n<p style=\"text-align: justify;\"><span style=\"font-size: 14pt; font-family: arial, helvetica, sans-serif;\">\u2014 Cleitinho (@cleitinhotmj) July 8, 2026<\/span><\/p>\n","protected":false},"excerpt":{"rendered":"<p>Do PE Not&iacute;cias O senador Cleitinho Azevedo (Republicanos-MG) publicou um v&iacute;deo na tarde desta quarta-feira (08), para expor regalias a que todos os 81 senadores t&ecirc;m direito ap&oacute;s serem eleitos em seus estados. Em tom de cr&iacute;tica, o parlamentar costuma se posicionar pelo fim dos privil&eacute;gios e mordomias da classe pol&iacute;tica, contrapondo todos os benef&iacute;cios &agrave;s dificuldades enfrentadas pela maior parte da popula&ccedil;&atilde;o brasileira. Assista ao v&iacute;deo abaixo. J&aacute; de in&iacute;cio, Cleitinho mostra o apartamento funcional a que tem direito, com seus quatro quartos e quatro banheiros, sendo uma su&iacute;te com closet, sala ampla para dois ambientes, cozinha e &aacute;rea &#8230; <\/p>\n<p class=\"read-more-container\"><a title=\"Parlamentar exp\u00f5e regalias que senadores recebem ap\u00f3s elei\u00e7\u00e3o: \u2018Voc\u00eas que pagam\u2019\" class=\"read-more button\" href=\"https:\/\/blogdojuniorcavalcanti.com.br\/index.php\/2026\/07\/09\/parlamentar-expoe-regalias-que-senadores-recebem-apos-eleicao-voces-que-pagam\/#more-58965\" aria-label=\"More on Parlamentar exp\u00f5e regalias que senadores recebem ap\u00f3s elei\u00e7\u00e3o: \u2018Voc\u00eas que pagam\u2019\">Leia mais<\/a><\/p>\n","protected":false},"author":2,"featured_media":58966,"comment_status":"open","ping_status":"open","sticky":false,"template":"","format":"standard","meta":{"footnotes":""},"categories":[33],"tags":[],"class_list":["post-58965","post","type-post","status-publish","format-standard","has-post-thumbnail","hentry","category-brasil","resize-featured-image"],"_links":{"self":[{"href":"https:\/\/blogdojuniorcavalcanti.com.br\/index.php\/wp-json\/wp\/v2\/posts\/58965","targetHints":{"allow":["GET"]}}],"collection":[{"href":"https:\/\/blogdojuniorcavalcanti.com.br\/index.php\/wp-json\/wp\/v2\/posts"}],"about":[{"href":"https:\/\/blogdojuniorcavalcanti.com.br\/index.php\/wp-json\/wp\/v2\/types\/post"}],"author":[{"embeddable":true,"href":"https:\/\/blogdojuniorcavalcanti.com.br\/index.php\/wp-json\/wp\/v2\/users\/2"}],"replies":[{"embeddable":true,"href":"https:\/\/blogdojuniorcavalcanti.com.br\/index.php\/wp-json\/wp\/v2\/comments?post=58965"}],"version-history":[{"count":1,"href":"https:\/\/blogdojuniorcavalcanti.com.br\/index.php\/wp-json\/wp\/v2\/posts\/58965\/revisions"}],"predecessor-version":[{"id":58967,"href":"https:\/\/blogdojuniorcavalcanti.com.br\/index.php\/wp-json\/wp\/v2\/posts\/58965\/revisions\/58967"}],"wp:featuredmedia":[{"embeddable":true,"href":"https:\/\/blogdojuniorcavalcanti.com.br\/index.php\/wp-json\/wp\/v2\/media\/58966"}],"wp:attachment":[{"href":"https:\/\/blogdojuniorcavalcanti.com.br\/index.php\/wp-json\/wp\/v2\/media?parent=58965"}],"wp:term":[{"taxonomy":"category","embeddable":true,"href":"https:\/\/blogdojuniorcavalcanti.com.br\/index.php\/wp-json\/wp\/v2\/categories?post=58965"},{"taxonomy":"post_tag","embeddable":true,"href":"https:\/\/blogdojuniorcavalcanti.com.br\/index.php\/wp-json\/wp\/v2\/tags?post=58965"}],"curies":[{"name":"wp","href":"https:\/\/api.w.org\/{rel}","templated":true}]}}