{"id":58968,"date":"2026-07-09T07:36:36","date_gmt":"2026-07-09T10:36:36","guid":{"rendered":"https:\/\/blogdojuniorcavalcanti.com.br\/?p=58968"},"modified":"2026-07-09T07:36:36","modified_gmt":"2026-07-09T10:36:36","slug":"fpm-municipios-recebem-r-39-bilhoes-no-1-decendio-de-julho-valor-sera-repassado-nesta-sexta-feira","status":"publish","type":"post","link":"https:\/\/blogdojuniorcavalcanti.com.br\/index.php\/2026\/07\/09\/fpm-municipios-recebem-r-39-bilhoes-no-1-decendio-de-julho-valor-sera-repassado-nesta-sexta-feira\/","title":{"rendered":"FPM: munic\u00edpios recebem R$ 3,9 bilh\u00f5es no 1\u00b0 dec\u00eandio de julho; valor ser\u00e1 repassado nesta sexta-feira"},"content":{"rendered":"<p style=\"text-align: justify;\"><span style=\"font-size: 14pt; font-family: arial, helvetica, sans-serif;\"><em>Brasil61<\/em><\/span><\/p>\n<p style=\"text-align: justify;\"><span style=\"font-size: 14pt; font-family: arial, helvetica, sans-serif;\">Os munic\u00edpios brasileiros recebem, nesta sexta-feira (10), R$ 3,9 bilh\u00f5es referentes ao primeiro dec\u00eandio de julho do Fundo de Participa\u00e7\u00e3o dos Munic\u00edpios (FPM). O montante \u00e9 cerca de 18% superior ao repassado no mesmo per\u00edodo de 2025, quando a transfer\u00eancia foi de R$ 3,22 bilh\u00f5es.<\/span><\/p>\n<p style=\"text-align: justify;\"><span style=\"font-size: 14pt; font-family: arial, helvetica, sans-serif;\">O especialista em or\u00e7amento p\u00fablico Cesar Lima explica que os repasses t\u00eam mantido uma trajet\u00f3ria de crescimento. No entanto, ele pondera que a an\u00e1lise dos resultados deve considerar os efeitos da infla\u00e7\u00e3o sobre o poder de compra com os recursos.<\/span><\/p>\n<p style=\"text-align: justify;\"><span style=\"font-size: 14pt; font-family: arial, helvetica, sans-serif;\">\u201cValores 18% maiores do que o mesmo per\u00edodo no ano passado e confirmando um primeiro semestre de alta, mas que deve ser analisado com bastante cautela. Apesar de os resultados estarem bem melhores do que o ano passado, n\u00f3s temos um cen\u00e1rio com uma infla\u00e7\u00e3o maior, o que pode, no fim das contas, quando se calcula o valor real desse aumento, dele ser bem menor do que o apresentado at\u00e9 o momento\u201d, destaca Lima.<\/span><\/p>\n<p style=\"text-align: justify;\"><span style=\"font-size: 14pt; font-family: arial, helvetica, sans-serif;\">Na avalia\u00e7\u00e3o de Cesar Lima, embora o primeiro semestre de 2026 tenha registrado repasses robustos e desempenho superior ao mesmo per\u00edodo do ano passado, ainda \u00e9 preciso cautela em rela\u00e7\u00e3o ao comportamento do FPM nos pr\u00f3ximos meses, considerando o cen\u00e1rio internacional.<\/span><\/p>\n<p style=\"text-align: justify;\"><span style=\"font-size: 14pt; font-family: arial, helvetica, sans-serif;\">\u201cDe forma geral, tivemos um resultado bom na m\u00e9dia, positivo em rela\u00e7\u00e3o ao ano passado. Vamos aguardar o segundo semestre, com uma melhora do cen\u00e1rio internacional e que, talvez com uma queda nos \u00edndices de infla\u00e7\u00e3o, possamos ter um cen\u00e1rio mais real sobre os resultados do FPM\u201d, afirma.<\/span><\/p>\n<p style=\"text-align: justify;\"><span style=\"font-size: 14pt; font-family: arial, helvetica, sans-serif;\">O FPM \u00e9 abastecido por parcelas da arrecada\u00e7\u00e3o do Imposto de Renda (IR) e do Imposto sobre Produtos Industrializados (IPI). A divis\u00e3o dos recursos entre os munic\u00edpios acompanha coeficientes definidos pelo Tribunal de Contas da Uni\u00e3o (TCU), calculados especialmente baseados na popula\u00e7\u00e3o de cada cidade, conforme dados oficiais.<\/span><\/p>\n","protected":false},"excerpt":{"rendered":"<p>Brasil61 Os munic&iacute;pios brasileiros recebem, nesta sexta-feira (10), R$ 3,9 bilh&otilde;es referentes ao primeiro dec&ecirc;ndio de julho do Fundo de Participa&ccedil;&atilde;o dos Munic&iacute;pios (FPM). O montante &eacute; cerca de 18% superior ao repassado no mesmo per&iacute;odo de 2025, quando a transfer&ecirc;ncia foi de R$ 3,22 bilh&otilde;es. O especialista em or&ccedil;amento p&uacute;blico Cesar Lima explica que os repasses t&ecirc;m mantido uma trajet&oacute;ria de crescimento. No entanto, ele pondera que a an&aacute;lise dos resultados deve considerar os efeitos da infla&ccedil;&atilde;o sobre o poder de compra com os recursos. &ldquo;Valores 18% maiores do que o mesmo per&iacute;odo no ano passado e confirmando um &#8230; <\/p>\n<p class=\"read-more-container\"><a title=\"FPM: munic\u00edpios recebem R$ 3,9 bilh\u00f5es no 1\u00b0 dec\u00eandio de julho; valor ser\u00e1 repassado nesta sexta-feira\" class=\"read-more button\" href=\"https:\/\/blogdojuniorcavalcanti.com.br\/index.php\/2026\/07\/09\/fpm-municipios-recebem-r-39-bilhoes-no-1-decendio-de-julho-valor-sera-repassado-nesta-sexta-feira\/#more-58968\" aria-label=\"More on FPM: munic\u00edpios recebem R$ 3,9 bilh\u00f5es no 1\u00b0 dec\u00eandio de julho; valor ser\u00e1 repassado nesta sexta-feira\">Leia mais<\/a><\/p>\n","protected":false},"author":2,"featured_media":58969,"comment_status":"open","ping_status":"open","sticky":false,"template":"","format":"standard","meta":{"footnotes":""},"categories":[33],"tags":[],"class_list":["post-58968","post","type-post","status-publish","format-standard","has-post-thumbnail","hentry","category-brasil","resize-featured-image"],"_links":{"self":[{"href":"https:\/\/blogdojuniorcavalcanti.com.br\/index.php\/wp-json\/wp\/v2\/posts\/58968","targetHints":{"allow":["GET"]}}],"collection":[{"href":"https:\/\/blogdojuniorcavalcanti.com.br\/index.php\/wp-json\/wp\/v2\/posts"}],"about":[{"href":"https:\/\/blogdojuniorcavalcanti.com.br\/index.php\/wp-json\/wp\/v2\/types\/post"}],"author":[{"embeddable":true,"href":"https:\/\/blogdojuniorcavalcanti.com.br\/index.php\/wp-json\/wp\/v2\/users\/2"}],"replies":[{"embeddable":true,"href":"https:\/\/blogdojuniorcavalcanti.com.br\/index.php\/wp-json\/wp\/v2\/comments?post=58968"}],"version-history":[{"count":1,"href":"https:\/\/blogdojuniorcavalcanti.com.br\/index.php\/wp-json\/wp\/v2\/posts\/58968\/revisions"}],"predecessor-version":[{"id":58970,"href":"https:\/\/blogdojuniorcavalcanti.com.br\/index.php\/wp-json\/wp\/v2\/posts\/58968\/revisions\/58970"}],"wp:featuredmedia":[{"embeddable":true,"href":"https:\/\/blogdojuniorcavalcanti.com.br\/index.php\/wp-json\/wp\/v2\/media\/58969"}],"wp:attachment":[{"href":"https:\/\/blogdojuniorcavalcanti.com.br\/index.php\/wp-json\/wp\/v2\/media?parent=58968"}],"wp:term":[{"taxonomy":"category","embeddable":true,"href":"https:\/\/blogdojuniorcavalcanti.com.br\/index.php\/wp-json\/wp\/v2\/categories?post=58968"},{"taxonomy":"post_tag","embeddable":true,"href":"https:\/\/blogdojuniorcavalcanti.com.br\/index.php\/wp-json\/wp\/v2\/tags?post=58968"}],"curies":[{"name":"wp","href":"https:\/\/api.w.org\/{rel}","templated":true}]}}