{"id":5937,"date":"2020-01-15T10:47:06","date_gmt":"2020-01-15T13:47:06","guid":{"rendered":"http:\/\/blogdojuniorcavalcanti.com.br\/?p=5937"},"modified":"2020-01-15T10:47:06","modified_gmt":"2020-01-15T13:47:06","slug":"arcoverde-custodia-e-sertania-registram-casos-confirmados-de-sarampo","status":"publish","type":"post","link":"https:\/\/blogdojuniorcavalcanti.com.br\/index.php\/2020\/01\/15\/arcoverde-custodia-e-sertania-registram-casos-confirmados-de-sarampo\/","title":{"rendered":"Arcoverde, Cust\u00f3dia e Sert\u00e2nia registram casos confirmados de sarampo"},"content":{"rendered":"<p style=\"text-align: justify;\"><span style=\"font-size: 14pt;\"><a href=\"https:\/\/i0.wp.com\/nilljunior.com.br\/wp-content\/uploads\/2019\/08\/show_SARAMPO_412D3FB9-EBD4-43C9-AC1C-A83AB090E785.jpg\"><img fetchpriority=\"high\" decoding=\"async\" class=\"alignleft wp-image-157477\" src=\"https:\/\/i0.wp.com\/nilljunior.com.br\/wp-content\/uploads\/2019\/08\/show_SARAMPO_412D3FB9-EBD4-43C9-AC1C-A83AB090E785.jpg?resize=400%2C245\" sizes=\"(max-width: 400px) 100vw, 400px\" srcset=\"https:\/\/i0.wp.com\/nilljunior.com.br\/wp-content\/uploads\/2019\/08\/show_SARAMPO_412D3FB9-EBD4-43C9-AC1C-A83AB090E785.jpg?resize=600%2C367 600w, https:\/\/i0.wp.com\/nilljunior.com.br\/wp-content\/uploads\/2019\/08\/show_SARAMPO_412D3FB9-EBD4-43C9-AC1C-A83AB090E785.jpg?resize=300%2C184 300w, https:\/\/i0.wp.com\/nilljunior.com.br\/wp-content\/uploads\/2019\/08\/show_SARAMPO_412D3FB9-EBD4-43C9-AC1C-A83AB090E785.jpg?resize=768%2C470 768w, https:\/\/i0.wp.com\/nilljunior.com.br\/wp-content\/uploads\/2019\/08\/show_SARAMPO_412D3FB9-EBD4-43C9-AC1C-A83AB090E785.jpg?w=872 872w\" alt=\"\" width=\"400\" height=\"245\" data-attachment-id=\"157477\" data-permalink=\"http:\/\/nilljunior.com.br\/sarampo-arcoverde-tera-intensificacao-de-vacina-e-atualizacao-de-cadernetas\/show_sarampo_412d3fb9-ebd4-43c9-ac1c-a83ab090e785\/\" data-orig-file=\"https:\/\/i0.wp.com\/nilljunior.com.br\/wp-content\/uploads\/2019\/08\/show_SARAMPO_412D3FB9-EBD4-43C9-AC1C-A83AB090E785.jpg?fit=872%2C534\" data-orig-size=\"872,534\" data-comments-opened=\"1\" data-image-meta=\"{&quot;aperture&quot;:&quot;0&quot;,&quot;credit&quot;:&quot;Rafael Seixas&quot;,&quot;camera&quot;:&quot;&quot;,&quot;caption&quot;:&quot;&quot;,&quot;created_timestamp&quot;:&quot;1545166152&quot;,&quot;copyright&quot;:&quot;&quot;,&quot;focal_length&quot;:&quot;0&quot;,&quot;iso&quot;:&quot;0&quot;,&quot;shutter_speed&quot;:&quot;0&quot;,&quot;title&quot;:&quot;&quot;,&quot;orientation&quot;:&quot;0&quot;}\" data-image-title=\"show_SARAMPO_412D3FB9-EBD4-43C9-AC1C-A83AB090E785\" data-image-description=\"\" data-medium-file=\"https:\/\/i0.wp.com\/nilljunior.com.br\/wp-content\/uploads\/2019\/08\/show_SARAMPO_412D3FB9-EBD4-43C9-AC1C-A83AB090E785.jpg?fit=300%2C184\" data-large-file=\"https:\/\/i0.wp.com\/nilljunior.com.br\/wp-content\/uploads\/2019\/08\/show_SARAMPO_412D3FB9-EBD4-43C9-AC1C-A83AB090E785.jpg?fit=600%2C367\" \/><\/a><span style=\"font-family: arial, helvetica, sans-serif;\">Depois de se alastrar por cidades da Zona da Mata e Agreste, o sarampo chegou aos munic\u00edpios do Sert\u00e3o pernambucano.<\/span><\/span><\/p>\n<p style=\"text-align: justify;\"><span style=\"font-size: 14pt; font-family: arial, helvetica, sans-serif;\">O mais recente boletim da Secretaria Estadual de Sa\u00fade sobre a enfermidade, datado de dezembro de 2019, contabiliza um caso confirmado de sarampo em Arcoverde, tr\u00eas em Cust\u00f3dia e dois em Sert\u00e2nia.<\/span><\/p>\n<p style=\"text-align: justify;\"><span style=\"font-size: 14pt; font-family: arial, helvetica, sans-serif;\">At\u00e9 o dia 28 de dezembro de 2019 foram registrados 1.226 casos suspeitos da doen\u00e7a no Estado. Ao longo de todo o ano uma morte foi confirmada, de um beb\u00ea de sete meses em Taquaritinga do Norte, no Agreste. Em seguida, o munic\u00edpio recebeu a\u00e7\u00f5es preventivas contra a doen\u00e7a.<\/span><\/p>\n<p style=\"text-align: justify;\"><span style=\"font-size: 14pt; font-family: arial, helvetica, sans-serif;\">O Governo do Estado informou que inicia a\u00e7\u00f5es de vigil\u00e2ncia epidemiol\u00f3gica logo ap\u00f3s a notifica\u00e7\u00e3o de qualquer caso suspeito. Isso busca evitar o agravamento e propaga\u00e7\u00e3o da enfermidade contagiosa. As informa\u00e7\u00f5es s\u00e3o do Blog Alvinho Patriota.<\/span><\/p>\n","protected":false},"excerpt":{"rendered":"<p>Depois de se alastrar por cidades da Zona da Mata e Agreste, o sarampo chegou aos munic&iacute;pios do Sert&atilde;o pernambucano. O mais recente boletim da Secretaria Estadual de Sa&uacute;de sobre a enfermidade, datado de dezembro de 2019, contabiliza um caso confirmado de sarampo em Arcoverde, tr&ecirc;s em Cust&oacute;dia e dois em Sert&acirc;nia. At&eacute; o dia 28 de dezembro de 2019 foram registrados 1.226 casos suspeitos da doen&ccedil;a no Estado. Ao longo de todo o ano uma morte foi confirmada, de um beb&ecirc; de sete meses em Taquaritinga do Norte, no Agreste. Em seguida, o munic&iacute;pio recebeu a&ccedil;&otilde;es preventivas contra a &#8230; <\/p>\n<p class=\"read-more-container\"><a title=\"Arcoverde, Cust\u00f3dia e Sert\u00e2nia registram casos confirmados de sarampo\" class=\"read-more button\" href=\"https:\/\/blogdojuniorcavalcanti.com.br\/index.php\/2020\/01\/15\/arcoverde-custodia-e-sertania-registram-casos-confirmados-de-sarampo\/#more-5937\" aria-label=\"More on Arcoverde, Cust\u00f3dia e Sert\u00e2nia registram casos confirmados de sarampo\">Leia mais<\/a><\/p>\n","protected":false},"author":2,"featured_media":0,"comment_status":"open","ping_status":"open","sticky":false,"template":"","format":"standard","meta":{"footnotes":""},"categories":[1],"tags":[],"class_list":["post-5937","post","type-post","status-publish","format-standard","hentry","category-sem-categoria"],"_links":{"self":[{"href":"https:\/\/blogdojuniorcavalcanti.com.br\/index.php\/wp-json\/wp\/v2\/posts\/5937","targetHints":{"allow":["GET"]}}],"collection":[{"href":"https:\/\/blogdojuniorcavalcanti.com.br\/index.php\/wp-json\/wp\/v2\/posts"}],"about":[{"href":"https:\/\/blogdojuniorcavalcanti.com.br\/index.php\/wp-json\/wp\/v2\/types\/post"}],"author":[{"embeddable":true,"href":"https:\/\/blogdojuniorcavalcanti.com.br\/index.php\/wp-json\/wp\/v2\/users\/2"}],"replies":[{"embeddable":true,"href":"https:\/\/blogdojuniorcavalcanti.com.br\/index.php\/wp-json\/wp\/v2\/comments?post=5937"}],"version-history":[{"count":1,"href":"https:\/\/blogdojuniorcavalcanti.com.br\/index.php\/wp-json\/wp\/v2\/posts\/5937\/revisions"}],"predecessor-version":[{"id":5938,"href":"https:\/\/blogdojuniorcavalcanti.com.br\/index.php\/wp-json\/wp\/v2\/posts\/5937\/revisions\/5938"}],"wp:attachment":[{"href":"https:\/\/blogdojuniorcavalcanti.com.br\/index.php\/wp-json\/wp\/v2\/media?parent=5937"}],"wp:term":[{"taxonomy":"category","embeddable":true,"href":"https:\/\/blogdojuniorcavalcanti.com.br\/index.php\/wp-json\/wp\/v2\/categories?post=5937"},{"taxonomy":"post_tag","embeddable":true,"href":"https:\/\/blogdojuniorcavalcanti.com.br\/index.php\/wp-json\/wp\/v2\/tags?post=5937"}],"curies":[{"name":"wp","href":"https:\/\/api.w.org\/{rel}","templated":true}]}}