{"id":59463,"date":"2026-07-22T09:10:55","date_gmt":"2026-07-22T12:10:55","guid":{"rendered":"https:\/\/blogdojuniorcavalcanti.com.br\/?p=59463"},"modified":"2026-07-22T09:10:55","modified_gmt":"2026-07-22T12:10:55","slug":"apos-festa-em-triunfo-homem-ve-companheira-chegar-a-flores-com-outra-pessoa-e-confessa-agressao-a-policia","status":"publish","type":"post","link":"https:\/\/blogdojuniorcavalcanti.com.br\/index.php\/2026\/07\/22\/apos-festa-em-triunfo-homem-ve-companheira-chegar-a-flores-com-outra-pessoa-e-confessa-agressao-a-policia\/","title":{"rendered":"Ap\u00f3s festa em Triunfo, homem v\u00ea companheira chegar a Flores com outra pessoa e confessa agress\u00e3o \u00e0 pol\u00edcia"},"content":{"rendered":"<p class=\"PDq2pG_selectionAnchorContainer\" style=\"text-align: justify;\" data-start=\"112\" data-end=\"311\"><span style=\"font-size: 14pt; font-family: arial, helvetica, sans-serif;\">Um homem compareceu espontaneamente a uma unidade da Pol\u00edcia Civil e relatou ter agredido a pr\u00f3pria companheira, na madrugada desta quarta-feira (22), no munic\u00edpio de Flores, no Sert\u00e3o de Pernambuco.<\/span><\/p>\n<p style=\"text-align: justify;\" data-start=\"313\" data-end=\"612\"><span style=\"font-size: 14pt; font-family: arial, helvetica, sans-serif;\">De acordo com informa\u00e7\u00f5es da Pol\u00edcia Militar, o homem informou que ele e a companheira estavam em uma festa realizada em Triunfo, quando acabaram se desencontrando. Posteriormente, ao ver a mulher chegando \u00e0 cidade de Flores na companhia de outra pessoa, afirmou ter perdido o controle e a agredido.<\/span><\/p>\n<p style=\"text-align: justify;\" data-start=\"614\" data-end=\"837\"><span style=\"font-size: 14pt; font-family: arial, helvetica, sans-serif;\">Ap\u00f3s ser acionada, uma equipe do 14\u00ba Batalh\u00e3o da Pol\u00edcia Militar (14\u00ba BPM) foi at\u00e9 a resid\u00eancia da irm\u00e3 do homem, onde localizou a v\u00edtima. Ela foi conduzida \u00e0 Delegacia de Pol\u00edcia, onde foi submetida a exame traumatol\u00f3gico.<\/span><\/p>\n<p style=\"text-align: justify;\" data-start=\"839\" data-end=\"983\" data-is-last-node=\"\" data-is-only-node=\"\"><span style=\"font-size: 14pt; font-family: arial, helvetica, sans-serif;\">As partes foram apresentadas \u00e0 autoridade policial para a ado\u00e7\u00e3o das medidas legais cab\u00edveis. A ocorr\u00eancia resultou na instaura\u00e7\u00e3o de inqu\u00e9rito.<\/span><\/p>\n","protected":false},"excerpt":{"rendered":"<p>Um homem compareceu espontaneamente a uma unidade da Pol&iacute;cia Civil e relatou ter agredido a pr&oacute;pria companheira, na madrugada desta quarta-feira (22), no munic&iacute;pio de Flores, no Sert&atilde;o de Pernambuco. De acordo com informa&ccedil;&otilde;es da Pol&iacute;cia Militar, o homem informou que ele e a companheira estavam em uma festa realizada em Triunfo, quando acabaram se desencontrando. Posteriormente, ao ver a mulher chegando &agrave; cidade de Flores na companhia de outra pessoa, afirmou ter perdido o controle e a agredido. Ap&oacute;s ser acionada, uma equipe do 14&ordm; Batalh&atilde;o da Pol&iacute;cia Militar (14&ordm; BPM) foi at&eacute; a resid&ecirc;ncia da irm&atilde; do homem, &#8230; <\/p>\n<p class=\"read-more-container\"><a title=\"Ap\u00f3s festa em Triunfo, homem v\u00ea companheira chegar a Flores com outra pessoa e confessa agress\u00e3o \u00e0 pol\u00edcia\" class=\"read-more button\" href=\"https:\/\/blogdojuniorcavalcanti.com.br\/index.php\/2026\/07\/22\/apos-festa-em-triunfo-homem-ve-companheira-chegar-a-flores-com-outra-pessoa-e-confessa-agressao-a-policia\/#more-59463\" aria-label=\"More on Ap\u00f3s festa em Triunfo, homem v\u00ea companheira chegar a Flores com outra pessoa e confessa agress\u00e3o \u00e0 pol\u00edcia\">Leia mais<\/a><\/p>\n","protected":false},"author":2,"featured_media":59464,"comment_status":"open","ping_status":"open","sticky":false,"template":"","format":"standard","meta":{"footnotes":""},"categories":[29],"tags":[],"class_list":["post-59463","post","type-post","status-publish","format-standard","has-post-thumbnail","hentry","category-policial","resize-featured-image"],"_links":{"self":[{"href":"https:\/\/blogdojuniorcavalcanti.com.br\/index.php\/wp-json\/wp\/v2\/posts\/59463","targetHints":{"allow":["GET"]}}],"collection":[{"href":"https:\/\/blogdojuniorcavalcanti.com.br\/index.php\/wp-json\/wp\/v2\/posts"}],"about":[{"href":"https:\/\/blogdojuniorcavalcanti.com.br\/index.php\/wp-json\/wp\/v2\/types\/post"}],"author":[{"embeddable":true,"href":"https:\/\/blogdojuniorcavalcanti.com.br\/index.php\/wp-json\/wp\/v2\/users\/2"}],"replies":[{"embeddable":true,"href":"https:\/\/blogdojuniorcavalcanti.com.br\/index.php\/wp-json\/wp\/v2\/comments?post=59463"}],"version-history":[{"count":1,"href":"https:\/\/blogdojuniorcavalcanti.com.br\/index.php\/wp-json\/wp\/v2\/posts\/59463\/revisions"}],"predecessor-version":[{"id":59465,"href":"https:\/\/blogdojuniorcavalcanti.com.br\/index.php\/wp-json\/wp\/v2\/posts\/59463\/revisions\/59465"}],"wp:featuredmedia":[{"embeddable":true,"href":"https:\/\/blogdojuniorcavalcanti.com.br\/index.php\/wp-json\/wp\/v2\/media\/59464"}],"wp:attachment":[{"href":"https:\/\/blogdojuniorcavalcanti.com.br\/index.php\/wp-json\/wp\/v2\/media?parent=59463"}],"wp:term":[{"taxonomy":"category","embeddable":true,"href":"https:\/\/blogdojuniorcavalcanti.com.br\/index.php\/wp-json\/wp\/v2\/categories?post=59463"},{"taxonomy":"post_tag","embeddable":true,"href":"https:\/\/blogdojuniorcavalcanti.com.br\/index.php\/wp-json\/wp\/v2\/tags?post=59463"}],"curies":[{"name":"wp","href":"https:\/\/api.w.org\/{rel}","templated":true}]}}