{"id":59693,"date":"2026-07-27T16:56:31","date_gmt":"2026-07-27T19:56:31","guid":{"rendered":"https:\/\/blogdojuniorcavalcanti.com.br\/?p=59693"},"modified":"2026-07-27T16:56:31","modified_gmt":"2026-07-27T19:56:31","slug":"dividas-rurais-cmn-publica-regras-para-acesso-de-produtores-as-renegociacoes","status":"publish","type":"post","link":"https:\/\/blogdojuniorcavalcanti.com.br\/index.php\/2026\/07\/27\/dividas-rurais-cmn-publica-regras-para-acesso-de-produtores-as-renegociacoes\/","title":{"rendered":"D\u00edvidas rurais: CMN publica regras para acesso de produtores \u00e0s renegocia\u00e7\u00f5es"},"content":{"rendered":"<p style=\"text-align: justify;\"><span style=\"font-size: 14pt; font-family: arial, helvetica, sans-serif;\">Foto: Wenderson Araujo\/CNA<\/span><\/p>\n<p style=\"text-align: justify;\"><span style=\"font-size: 14pt; font-family: arial, helvetica, sans-serif;\">O <a href=\"https:\/\/www.gov.br\/fazenda\/pt-br\/assuntos\/cmn\">Conselho Monet\u00e1rio Nacional (CMN)<\/a> aprovou a <a href=\"https:\/\/www.bcb.gov.br\/estabilidadefinanceira\/exibenormativo?tipo=Resolu%C3%A7%C3%A3o%20CMN&amp;numero=5330\">resolu\u00e7\u00e3o 5.330\/2026<\/a>, que <strong>regulamenta a renegocia\u00e7\u00e3o das d\u00edvidas rurais<\/strong>. Com a publica\u00e7\u00e3o do ato, a <a href=\"https:\/\/www.in.gov.br\/web\/dou\/-\/medida-provisoria-n-1.376-de-15-de-julho-de-2026-719269458\">Medida Provis\u00f3ria (MP) 1.376 de 2026<\/a>, <a href=\"https:\/\/brasil61.com\/n\/apos-acordo-governo-publica-mp-para-renegociacao-das-dividas-rurais-bras2616735\">divulgada na semana passada<\/a>, passa a ter <strong>efeitos para operacionalizar o acesso dos produtores \u00e0s linhas de repactua\u00e7\u00e3o dos d\u00e9bitos<\/strong>.<\/span><\/p>\n<p style=\"text-align: justify;\"><span style=\"font-size: 14pt; font-family: arial, helvetica, sans-serif;\">Para ter acesso \u00e0s condi\u00e7\u00f5es diferenciadas, <strong>os produtores devem comprovar perdas de, no m\u00ednimo, 30% em duas ou mais safras entre 2019 e 2025<\/strong>. Os limites das linhas de cr\u00e9dito para esse p\u00fablico e as taxas de juros variam a cada caso:<\/span><\/p>\n<ul style=\"text-align: justify;\">\n<li><span style=\"font-size: 14pt; font-family: arial, helvetica, sans-serif;\"><strong>at\u00e9 R$ 400 mil para agricultores familiares<\/strong> do <a href=\"https:\/\/www.gov.br\/pt-br\/servicos\/acessar-o-programa-nacional-de-fortalecimento-da-agricultura-familiar-pronaf\">Programa Nacional de Fortalecimento da Agricultura Familiar (Pronaf)<\/a>, <strong>com juros de 6% ao ano<\/strong>;<\/span><\/li>\n<li><span style=\"font-size: 14pt; font-family: arial, helvetica, sans-serif;\"><strong>at\u00e9 R$ 2 milh\u00f5es para produtores<\/strong> enquadrados no <a href=\"http:\/\/www.bndes.gov.br\/wps\/portal\/site\/home\/financiamento\/produto\/pronamp-investimento\">Programa Nacional de Apoio ao M\u00e9dio Produtor Rural <strong>(Pronamp)<\/strong><\/a>, com <strong>juros de 9% a.a.<\/strong>;<\/span><\/li>\n<li><span style=\"font-size: 14pt; font-family: arial, helvetica, sans-serif;\"><strong>at\u00e9 R$ 4 milh\u00f5es para os demais<\/strong>, com <strong>juros de 12% a.a.<\/strong>; e<\/span><\/li>\n<li><span style=\"font-size: 14pt; font-family: arial, helvetica, sans-serif;\"><strong>prazo de quita\u00e7\u00e3o de 8 anos<\/strong>, com o vencimento da primeira parcela em 2 anos (h\u00e1 incid\u00eancia dos juros no per\u00edodo).<\/span><\/li>\n<\/ul>\n<p style=\"text-align: justify;\"><span style=\"font-size: 14pt; font-family: arial, helvetica, sans-serif;\">Tamb\u00e9m ser\u00e3o admitidas <strong>perdas de, no m\u00ednimo, 40% da renda bruta<\/strong> em tr\u00eas ou mais safras, entre 2019 e 2025, <strong>exclusivamente relacionadas a intemp\u00e9ries clim\u00e1ticas<\/strong>, com as seguintes condi\u00e7\u00f5es:<\/span><\/p>\n<ul style=\"text-align: justify;\">\n<li><span style=\"font-size: 14pt; font-family: arial, helvetica, sans-serif;\"><strong>at\u00e9 R$ 500 mil para agricultores familiares do Pronaf, <\/strong>com <strong>juros de 5% ao ano<\/strong>;<\/span><\/li>\n<li><span style=\"font-size: 14pt; font-family: arial, helvetica, sans-serif;\"><strong>at\u00e9 R$ 2,5 milh\u00f5es para produtores do Pronamp<\/strong>, com <strong>juros de 8% a.a.<\/strong>;<\/span><\/li>\n<li><span style=\"font-size: 14pt; font-family: arial, helvetica, sans-serif;\"><strong>at\u00e9 R$ 8 milh\u00f5es para os demais<\/strong>, com <strong>juros de 11% a.a.<\/strong>; e<\/span><\/li>\n<li><span style=\"font-size: 14pt; font-family: arial, helvetica, sans-serif;\"><strong>prazo de pagamento de 10 anos<\/strong>, com o vencimento da primeira parcela em 2 anos (h\u00e1 incid\u00eancia dos juros no per\u00edodo).<\/span><\/li>\n<\/ul>\n<p style=\"text-align: justify;\"><span style=\"font-size: 14pt; font-family: arial, helvetica, sans-serif;\">H\u00e1 ainda a previs\u00e3o para <strong>participa\u00e7\u00e3o das cooperativas agr\u00edcolas<\/strong>, que n\u00e3o constavam no texto da MP. Para esse grupo, os valores, os juros e os prazos variam conforme o porte da opera\u00e7\u00e3o nos mesmos termos mencionados acima, mas um com <strong>teto de R$ 50 milh\u00f5es<\/strong>.<\/span><\/p>\n<p style=\"text-align: justify;\"><span style=\"font-size: 14pt; font-family: arial, helvetica, sans-serif;\">Outro ponto regulamentado \u00e9 a emiss\u00e3o de novas <a href=\"https:\/\/bb.com.br\/site\/agronegocios\/titulos-do-agronegocio\/cedula-de-produto-rural-cpr\/\">C\u00e9dulas de Produto Rural (CPRs)<\/a> por produtores inadimplentes. A resolu\u00e7\u00e3o estabelece que essas novas CPRs se enquadrem na exigibilidade prevista no Manual de Cr\u00e9dito Rural, com at\u00e9 5% dos recursos captados por poupan\u00e7a rural e at\u00e9 55% provenientes das <a href=\"https:\/\/www.b3.com.br\/pt_br\/produtos-e-servicos\/registro\/renda-fixa-e-valores-mobiliarios\/letras-de-credito-do-agronegocio.htm\">Letras de Cr\u00e9dito do Agroneg\u00f3cio (LCAs)<\/a> utilizados nessa aquisi\u00e7\u00e3o.<\/span><\/p>\n<p style=\"text-align: justify;\"><span style=\"font-size: 14pt; font-family: arial, helvetica, sans-serif;\">O texto esclarece que a contrata\u00e7\u00e3o fica a cargo da institui\u00e7\u00e3o financeira, <strong>que assume o risco de cr\u00e9dito das opera\u00e7\u00f5es e, por isso, pode ou n\u00e3o participar do programa<\/strong>. Os interessados t\u00eam <strong>at\u00e9 o dia 12 de novembro para contratar<\/strong> o novo empr\u00e9stimo e devem <strong>apresentar um laudo comprobat\u00f3rio das perdas<\/strong> emitido por engenheiro agr\u00f4nomo, t\u00e9cnico agr\u00edcola, m\u00e9dico veterin\u00e1rio ou bi\u00f3logo devidamente habilitado no conselho regional da respectiva categoria.<\/span><\/p>\n<h2 style=\"text-align: justify;\"><span style=\"font-size: 14pt; font-family: arial, helvetica, sans-serif;\">Impacto<\/span><\/h2>\n<p style=\"text-align: justify;\"><span style=\"font-size: 14pt; font-family: arial, helvetica, sans-serif;\">Segundo o <a href=\"https:\/\/www.gov.br\/fazenda\/pt-br\">Minist\u00e9rio da Fazenda<\/a>, <strong>mais de R$ 100 bilh\u00f5es <\/strong>em d\u00edvidas de agropecuaristas devem ser repactuados. O custo efetivo da opera\u00e7\u00e3o para os cofres p\u00fablicos \u00e9 estimado em R$ 4 bilh\u00f5es.<\/span><\/p>\n<p style=\"text-align: justify;\"><span style=\"font-size: 14pt; font-family: arial, helvetica, sans-serif;\">O governo ainda tem que publicar como vai operacionalizar a equaliza\u00e7\u00e3o dos juros juntos aos bancos. Ou seja, pagar a diferen\u00e7a entre os juros praticados e os juros efetivos das renegocia\u00e7\u00f5es.<\/span><\/p>\n<p style=\"text-align: justify;\">\n<p><span style=\"font-size: 14pt; font-family: arial, helvetica, sans-serif;\">Fonte: <a href=\"https:\/\/brasil61.com\/n\/dividas-rurais-cmn-publica-regras-para-acesso-de-produtores-as-renegociacoes-bras2616794\" target=\"_blank\" rel=\"noopener\">Brasil 61<\/a><\/span><\/p>\n","protected":false},"excerpt":{"rendered":"<p>Foto: Wenderson Araujo\/CNA O Conselho Monet&aacute;rio Nacional (CMN) aprovou a resolu&ccedil;&atilde;o 5.330\/2026, que regulamenta a renegocia&ccedil;&atilde;o das d&iacute;vidas rurais. Com a publica&ccedil;&atilde;o do ato, a Medida Provis&oacute;ria (MP) 1.376 de 2026, divulgada na semana passada, passa a ter efeitos para operacionalizar o acesso dos produtores &agrave;s linhas de repactua&ccedil;&atilde;o dos d&eacute;bitos. Para ter acesso &agrave;s condi&ccedil;&otilde;es diferenciadas, os produtores devem comprovar perdas de, no m&iacute;nimo, 30% em duas ou mais safras entre 2019 e 2025. Os limites das linhas de cr&eacute;dito para esse p&uacute;blico e as taxas de juros variam a cada caso: at&eacute; R$ 400 mil para agricultores familiares &#8230; <\/p>\n<p class=\"read-more-container\"><a title=\"D\u00edvidas rurais: CMN publica regras para acesso de produtores \u00e0s renegocia\u00e7\u00f5es\" class=\"read-more button\" href=\"https:\/\/blogdojuniorcavalcanti.com.br\/index.php\/2026\/07\/27\/dividas-rurais-cmn-publica-regras-para-acesso-de-produtores-as-renegociacoes\/#more-59693\" aria-label=\"More on D\u00edvidas rurais: CMN publica regras para acesso de produtores \u00e0s renegocia\u00e7\u00f5es\">Leia mais<\/a><\/p>\n","protected":false},"author":2,"featured_media":59694,"comment_status":"open","ping_status":"open","sticky":false,"template":"","format":"standard","meta":{"footnotes":""},"categories":[33],"tags":[],"class_list":["post-59693","post","type-post","status-publish","format-standard","has-post-thumbnail","hentry","category-brasil","resize-featured-image"],"_links":{"self":[{"href":"https:\/\/blogdojuniorcavalcanti.com.br\/index.php\/wp-json\/wp\/v2\/posts\/59693","targetHints":{"allow":["GET"]}}],"collection":[{"href":"https:\/\/blogdojuniorcavalcanti.com.br\/index.php\/wp-json\/wp\/v2\/posts"}],"about":[{"href":"https:\/\/blogdojuniorcavalcanti.com.br\/index.php\/wp-json\/wp\/v2\/types\/post"}],"author":[{"embeddable":true,"href":"https:\/\/blogdojuniorcavalcanti.com.br\/index.php\/wp-json\/wp\/v2\/users\/2"}],"replies":[{"embeddable":true,"href":"https:\/\/blogdojuniorcavalcanti.com.br\/index.php\/wp-json\/wp\/v2\/comments?post=59693"}],"version-history":[{"count":1,"href":"https:\/\/blogdojuniorcavalcanti.com.br\/index.php\/wp-json\/wp\/v2\/posts\/59693\/revisions"}],"predecessor-version":[{"id":59695,"href":"https:\/\/blogdojuniorcavalcanti.com.br\/index.php\/wp-json\/wp\/v2\/posts\/59693\/revisions\/59695"}],"wp:featuredmedia":[{"embeddable":true,"href":"https:\/\/blogdojuniorcavalcanti.com.br\/index.php\/wp-json\/wp\/v2\/media\/59694"}],"wp:attachment":[{"href":"https:\/\/blogdojuniorcavalcanti.com.br\/index.php\/wp-json\/wp\/v2\/media?parent=59693"}],"wp:term":[{"taxonomy":"category","embeddable":true,"href":"https:\/\/blogdojuniorcavalcanti.com.br\/index.php\/wp-json\/wp\/v2\/categories?post=59693"},{"taxonomy":"post_tag","embeddable":true,"href":"https:\/\/blogdojuniorcavalcanti.com.br\/index.php\/wp-json\/wp\/v2\/tags?post=59693"}],"curies":[{"name":"wp","href":"https:\/\/api.w.org\/{rel}","templated":true}]}}