{"id":59748,"date":"2026-07-29T07:49:29","date_gmt":"2026-07-29T10:49:29","guid":{"rendered":"https:\/\/blogdojuniorcavalcanti.com.br\/?p=59748"},"modified":"2026-07-29T07:49:29","modified_gmt":"2026-07-29T10:49:29","slug":"quaest-aprovacao-de-raquel-lyra-sobe-para-68-em-pernambuco-desaprovacao-cai-para-23","status":"publish","type":"post","link":"https:\/\/blogdojuniorcavalcanti.com.br\/index.php\/2026\/07\/29\/quaest-aprovacao-de-raquel-lyra-sobe-para-68-em-pernambuco-desaprovacao-cai-para-23\/","title":{"rendered":"Quaest: aprova\u00e7\u00e3o de Raquel Lyra sobe para 68% em Pernambuco; desaprova\u00e7\u00e3o cai para 23%"},"content":{"rendered":"<p style=\"text-align: justify;\"><span style=\"font-size: 14pt; font-family: arial, helvetica, sans-serif;\">A governadora Raquel Lyra (PSD) tem 68% de aprova\u00e7\u00e3o entre os pernambucanos, segundo pesquisa Genial\/Quaest divulgada nesta ter\u00e7a-feira (28). O \u00edndice de desaprova\u00e7\u00e3o da gest\u00e3o ficou em 23%, enquanto 9% n\u00e3o souberam ou n\u00e3o quiseram responder.<\/span><\/p>\n<p style=\"text-align: justify;\"><span style=\"font-size: 14pt; font-family: arial, helvetica, sans-serif;\">Em compara\u00e7\u00e3o com o levantamento anterior do instituto, realizado em abril deste ano, a aprova\u00e7\u00e3o da governadora cresceu seis pontos percentuais, passando de 62% para 68%. J\u00e1 a desaprova\u00e7\u00e3o apresentou uma queda de 12 pontos, saindo de 35% para 23%.<\/span><\/p>\n<p style=\"text-align: justify;\"><span style=\"font-size: 14pt; font-family: arial, helvetica, sans-serif;\"><strong>Aprova\u00e7\u00e3o do governo \u2013 julho\/2026<\/strong><\/span><\/p>\n<p style=\"text-align: justify;\"><span style=\"font-size: 14pt; font-family: arial, helvetica, sans-serif;\">Aprovam: 68% (+6%)<\/span><br \/>\n<span style=\"font-size: 14pt; font-family: arial, helvetica, sans-serif;\">Desaprovam: 23% (-12)<\/span><br \/>\n<span style=\"font-size: 14pt; font-family: arial, helvetica, sans-serif;\">N\u00e3o sabe\/n\u00e3o respondeu: 9% (+6)<\/span><\/p>\n<p style=\"text-align: justify;\"><span style=\"font-size: 14pt; font-family: arial, helvetica, sans-serif;\"><strong>Perfil da aprova\u00e7\u00e3o<\/strong><\/span><\/p>\n<p style=\"text-align: justify;\"><span style=\"font-size: 14pt; font-family: arial, helvetica, sans-serif;\">Os recortes da pesquisa mostram que a aprova\u00e7\u00e3o da governadora \u00e9 majorit\u00e1ria em todos os segmentos analisados. O maior crescimento ocorreu entre os entrevistados de 16 a 34 anos, entre evang\u00e9licos e entre os grupos identificados com a direita.<\/span><\/p>\n<p style=\"text-align: justify;\"><span style=\"font-size: 14pt; font-family: arial, helvetica, sans-serif;\">A pesquisa mostra que o maior avan\u00e7o na aprova\u00e7\u00e3o da governadora ocorreu entre os entrevistados de 16 a 34 anos. Nesse segmento, Raquel Lyra passou a ter 72% de aprova\u00e7\u00e3o, alta de 13 pontos percentuais em rela\u00e7\u00e3o ao levantamento anterior. No grupo de 35 a 59 anos, a aprova\u00e7\u00e3o chegou a 69%, enquanto entre os maiores de 60 anos ficou em 58%.<\/span><\/p>\n<p style=\"text-align: justify;\"><span style=\"font-size: 14pt; font-family: arial, helvetica, sans-serif;\">Entre os segmentos ideol\u00f3gicos e religiosos, a maior varia\u00e7\u00e3o positiva ocorreu entre os evang\u00e9licos, grupo em que a aprova\u00e7\u00e3o de Raquel Lyra chegou a 79%, alta de 17 pontos percentuais. Entre os identificados como bolsonaristas, a governadora aparece com 90% de aprova\u00e7\u00e3o, crescimento de 19 pontos em rela\u00e7\u00e3o ao levantamento anterior.<\/span><\/p>\n<p style=\"text-align: justify;\"><span style=\"font-size: 14pt; font-family: arial, helvetica, sans-serif;\">A gest\u00e3o estadual tamb\u00e9m ampliou a aprova\u00e7\u00e3o entre diferentes segmentos pol\u00edticos. Entre os que se identificam como lulistas, 58% aprovam o governo, enquanto o \u00edndice chega a 63% entre os de esquerda n\u00e3o-lulistas e 71% entre independentes.<\/span><\/p>\n<p style=\"text-align: justify;\"><span style=\"font-size: 14pt; font-family: arial, helvetica, sans-serif;\"><strong>Avalia\u00e7\u00e3o do governo Raquel Lyra<\/strong><\/span><\/p>\n<p style=\"text-align: justify;\"><span style=\"font-size: 14pt; font-family: arial, helvetica, sans-serif;\">Al\u00e9m da aprova\u00e7\u00e3o pessoal da governadora, a pesquisa tamb\u00e9m mediu a avalia\u00e7\u00e3o da gest\u00e3o estadual. O percentual de entrevistados que classificam o governo Raquel Lyra como positivo chegou a 45%, contra 36% em abril.<\/span><\/p>\n<p style=\"text-align: justify;\"><span style=\"font-size: 14pt; font-family: arial, helvetica, sans-serif;\">A avalia\u00e7\u00e3o negativa caiu de 18% para 15%, enquanto a classifica\u00e7\u00e3o regular passou de 43% para 36%.<\/span><\/p>\n<p style=\"text-align: justify;\"><span style=\"font-size: 14pt; font-family: arial, helvetica, sans-serif;\">Na compara\u00e7\u00e3o com o levantamento anterior, a avalia\u00e7\u00e3o positiva cresceu nove pontos percentuais, a negativa recuou tr\u00eas pontos e a regular caiu sete pontos.<\/span><\/p>\n<p style=\"text-align: justify;\"><span style=\"font-size: 14pt; font-family: arial, helvetica, sans-serif;\"><strong>Avalia\u00e7\u00e3o do governo \u2013 julho\/2026<\/strong><\/span><\/p>\n<p style=\"text-align: justify;\"><span style=\"font-size: 14pt; font-family: arial, helvetica, sans-serif;\">Positivo: 45% (+9)<\/span><br \/>\n<span style=\"font-size: 14pt; font-family: arial, helvetica, sans-serif;\">Regular: 36% (-7)<\/span><br \/>\n<span style=\"font-size: 14pt; font-family: arial, helvetica, sans-serif;\">Negativo: 15% (-3)<\/span><br \/>\n<span style=\"font-size: 14pt; font-family: arial, helvetica, sans-serif;\">N\u00e3o sabe\/n\u00e3o respondeu: 4% (+1)<\/span><\/p>\n<p style=\"text-align: justify;\"><span style=\"font-size: 14pt; font-family: arial, helvetica, sans-serif;\"><strong>Metodologia<\/strong><\/span><\/p>\n<p style=\"text-align: justify;\"><span style=\"font-size: 14pt; font-family: arial, helvetica, sans-serif;\">A pesquisa Genial\/Quaest foi registrada no Tribunal Superior Eleitoral (TSE) sob os n\u00fameros BR-03810\/2026 e PE-09649\/2026. O levantamento foi realizado entre os dias 22 e 26 de julho, com 900 eleitores de 16 anos ou mais em Pernambuco, entrevistados presencialmente. A margem de erro \u00e9 de tr\u00eas pontos percentuais, para mais ou para menos, com 95% de n\u00edvel de confian\u00e7a.<\/span><\/p>\n","protected":false},"excerpt":{"rendered":"<p>A governadora Raquel Lyra (PSD) tem 68% de aprova&ccedil;&atilde;o entre os pernambucanos, segundo pesquisa Genial\/Quaest divulgada nesta ter&ccedil;a-feira (28). O &iacute;ndice de desaprova&ccedil;&atilde;o da gest&atilde;o ficou em 23%, enquanto 9% n&atilde;o souberam ou n&atilde;o quiseram responder. Em compara&ccedil;&atilde;o com o levantamento anterior do instituto, realizado em abril deste ano, a aprova&ccedil;&atilde;o da governadora cresceu seis pontos percentuais, passando de 62% para 68%. J&aacute; a desaprova&ccedil;&atilde;o apresentou uma queda de 12 pontos, saindo de 35% para 23%. Aprova&ccedil;&atilde;o do governo &ndash; julho\/2026 Aprovam: 68% (+6%) Desaprovam: 23% (-12) N&atilde;o sabe\/n&atilde;o respondeu: 9% (+6) Perfil da aprova&ccedil;&atilde;o Os recortes da pesquisa mostram &#8230; <\/p>\n<p class=\"read-more-container\"><a title=\"Quaest: aprova\u00e7\u00e3o de Raquel Lyra sobe para 68% em Pernambuco; desaprova\u00e7\u00e3o cai para 23%\" class=\"read-more button\" href=\"https:\/\/blogdojuniorcavalcanti.com.br\/index.php\/2026\/07\/29\/quaest-aprovacao-de-raquel-lyra-sobe-para-68-em-pernambuco-desaprovacao-cai-para-23\/#more-59748\" aria-label=\"More on Quaest: aprova\u00e7\u00e3o de Raquel Lyra sobe para 68% em Pernambuco; desaprova\u00e7\u00e3o cai para 23%\">Leia mais<\/a><\/p>\n","protected":false},"author":2,"featured_media":59749,"comment_status":"open","ping_status":"open","sticky":false,"template":"","format":"standard","meta":{"footnotes":""},"categories":[27],"tags":[],"class_list":["post-59748","post","type-post","status-publish","format-standard","has-post-thumbnail","hentry","category-politica","resize-featured-image"],"_links":{"self":[{"href":"https:\/\/blogdojuniorcavalcanti.com.br\/index.php\/wp-json\/wp\/v2\/posts\/59748","targetHints":{"allow":["GET"]}}],"collection":[{"href":"https:\/\/blogdojuniorcavalcanti.com.br\/index.php\/wp-json\/wp\/v2\/posts"}],"about":[{"href":"https:\/\/blogdojuniorcavalcanti.com.br\/index.php\/wp-json\/wp\/v2\/types\/post"}],"author":[{"embeddable":true,"href":"https:\/\/blogdojuniorcavalcanti.com.br\/index.php\/wp-json\/wp\/v2\/users\/2"}],"replies":[{"embeddable":true,"href":"https:\/\/blogdojuniorcavalcanti.com.br\/index.php\/wp-json\/wp\/v2\/comments?post=59748"}],"version-history":[{"count":1,"href":"https:\/\/blogdojuniorcavalcanti.com.br\/index.php\/wp-json\/wp\/v2\/posts\/59748\/revisions"}],"predecessor-version":[{"id":59750,"href":"https:\/\/blogdojuniorcavalcanti.com.br\/index.php\/wp-json\/wp\/v2\/posts\/59748\/revisions\/59750"}],"wp:featuredmedia":[{"embeddable":true,"href":"https:\/\/blogdojuniorcavalcanti.com.br\/index.php\/wp-json\/wp\/v2\/media\/59749"}],"wp:attachment":[{"href":"https:\/\/blogdojuniorcavalcanti.com.br\/index.php\/wp-json\/wp\/v2\/media?parent=59748"}],"wp:term":[{"taxonomy":"category","embeddable":true,"href":"https:\/\/blogdojuniorcavalcanti.com.br\/index.php\/wp-json\/wp\/v2\/categories?post=59748"},{"taxonomy":"post_tag","embeddable":true,"href":"https:\/\/blogdojuniorcavalcanti.com.br\/index.php\/wp-json\/wp\/v2\/tags?post=59748"}],"curies":[{"name":"wp","href":"https:\/\/api.w.org\/{rel}","templated":true}]}}