{"id":59796,"date":"2026-07-30T01:00:46","date_gmt":"2026-07-30T04:00:46","guid":{"rendered":"https:\/\/blogdojuniorcavalcanti.com.br\/?p=59796"},"modified":"2026-07-29T18:10:58","modified_gmt":"2026-07-29T21:10:58","slug":"sai-programacao-religiosa-da-festa-de-nossa-senhora-da-penha-confira","status":"publish","type":"post","link":"https:\/\/blogdojuniorcavalcanti.com.br\/index.php\/2026\/07\/30\/sai-programacao-religiosa-da-festa-de-nossa-senhora-da-penha-confira\/","title":{"rendered":"Sai programa\u00e7\u00e3o religiosa da Festa de Nossa Senhora da Penha; confira"},"content":{"rendered":"<figure id=\"attachment_741704\" class=\"wp-caption aligncenter amp-wp-e026f39\" style=\"text-align: justify;\" aria-describedby=\"caption-attachment-741704\" data-amp-original-style=\"width: 1920px\"><figcaption id=\"caption-attachment-741704\" class=\"wp-caption-text\"><span style=\"font-size: 14pt; font-family: arial, helvetica, sans-serif;\">Fotos: Licca Lima\/Farol de Not\u00edcias<\/span><\/p>\n<\/figcaption><\/figure>\n<p style=\"text-align: justify;\"><span style=\"font-size: 14pt; font-family: arial, helvetica, sans-serif;\">Na manh\u00e3 desta quarta-feira (29), a Par\u00f3quia de Nossa Senhora da Penha realizou no audit\u00f3rio do Col\u00e9gio da Imaculada Concei\u00e7\u00e3o, em\u00a0<a href=\"https:\/\/faroldenoticias.com.br\/categoria\/serra-talhada\/\">Serra Talhada<\/a>, o lan\u00e7amento da programa\u00e7\u00e3o da 236\u00aa Festa de Nossa Senhora da Penha, que acontecer\u00e1 do dia 29 de agosto a 8 de setembro de 2026.<\/span><\/p>\n<p style=\"text-align: justify;\"><span style=\"font-size: 14pt; font-family: arial, helvetica, sans-serif;\">Neste ano a festa ter\u00e1 como tema: \u201cSob o olhar da virgem da Penha: 236 anos de Hist\u00f3ria, F\u00e9 e Devo\u00e7\u00e3o, renovando a esperan\u00e7a\u201d e traz uma s\u00e9rie de novidades, dentre elas, a cria\u00e7\u00e3o do novo bras\u00e3o paaroquial, que reune um conjunto de elementos simb\u00f3licos e o apadrinhamento do andor, que ficar\u00e1 sob a responsabilidade do Col\u00e9gio da Imaculada Concei\u00e7\u00e3o. Cada noite tamb\u00e9m contar\u00e1 com um gesto concreto, que ser\u00e1 a doa\u00e7\u00e3o de alimentos n\u00e3o perec\u00edveis pelos fi\u00e9is, que ser\u00e3o posteriormente doados.<\/span><\/p>\n<p style=\"text-align: justify;\"><span style=\"font-size: 14pt; font-family: arial, helvetica, sans-serif;\">Como parte da programa\u00e7\u00e3o, haver\u00e1 tamb\u00e9m na abertura da festa, no dia 29, o show da cantora Joanna e de Ana Clara Rocha e Italo Poeta. No dia 30, a Romaria da Juvenmtude contar\u00e1 com os shows de Consagrados a Maria e Dj Ronny.<\/span><\/p>\n<p style=\"text-align: justify;\"><span style=\"font-size: 14pt; font-family: arial, helvetica, sans-serif;\">A programa\u00e7\u00e3o contar\u00e1 tamb\u00e9m com a realiza\u00e7\u00e3o de mais uma edi\u00e7\u00e3o da Corrida da Padroeira, com o primeiro lote de inscri\u00e7\u00f5es a R$ 80 o kit. O evento ocorrer\u00e1 no dia 30 de agosto, \u00e0s 5h30 da manh\u00e3.<\/span><\/p>\n<p style=\"text-align: justify;\"><span style=\"font-size: 14pt; font-family: arial, helvetica, sans-serif;\">Os fi\u00e9is poder\u00e3o ainda adquirir as camisas da padroeira, em diversos modelo e tamanho infantil, a partir de R$ 35,00; tamanho adulto a R$ 50,00 e o vestido a R$ 65,00.<\/span><\/p>\n<p style=\"text-align: justify;\"><span style=\"font-size: 14pt; font-family: arial, helvetica, sans-serif;\">A rifa neste ano, custar\u00e1 R$ 10 o bilhete e ter\u00e1 como premia\u00e7\u00e3o, tr\u00eas pix, nos valores de R$ 10.000 o primeiro pr\u00eamio, R$ 5.000 para o segundo e mais R$ 5.000 para o terceiro ganhador, que ser\u00e3o sorteados ao final da festa.\u00a0<strong>Confira a programa\u00e7\u00e3o completa:<\/strong><\/span><\/p>\n<h3 style=\"text-align: justify;\"><span style=\"font-size: 14pt; font-family: arial, helvetica, sans-serif;\">PROGRAMA\u00c7\u00c3O<\/span><\/h3>\n<h3 style=\"text-align: justify;\"><span style=\"font-size: 14pt; font-family: arial, helvetica, sans-serif;\">29\/08\/2026 \u2013 S\u00c1BADO<\/span><\/h3>\n<p style=\"text-align: justify;\"><span style=\"font-size: 14pt; font-family: arial, helvetica, sans-serif;\">Prociss\u00e3o da Bandeira e Missa Solene de Abertura da 236\u00aa Festa da Penha<\/span><br \/>\n<span style=\"font-size: 14pt; font-family: arial, helvetica, sans-serif;\"><strong>18h20min \u2013 Ora\u00e7\u00e3o do Santo Ter\u00e7o<\/strong><\/span><br \/>\n<span style=\"font-size: 14pt; font-family: arial, helvetica, sans-serif;\"><strong>18h40min \u2013 Prociss\u00e3o com a Bandeira de Nossa Senhora da Penha<\/strong>\u00a0\u2013 Concentra\u00e7\u00e3o na resid\u00eancia da Fam\u00edlia de Dedinha In\u00e1cio, (Travessa Jos\u00e9 Olavo de Andrade), em dire\u00e7\u00e3o a Concatedral da Penha<\/span><br \/>\n<span style=\"font-size: 14pt; font-family: arial, helvetica, sans-serif;\"><strong>19h \u2013 Celebra\u00e7\u00e3o Eucar\u00edstica<\/strong><\/span><br \/>\n<span style=\"font-size: 14pt; font-family: arial, helvetica, sans-serif;\">Presidente da Celebra\u00e7\u00e3o: Padre Jos\u00e9 C\u00edcero Alves de Lima<\/span><br \/>\n<span style=\"font-size: 14pt; font-family: arial, helvetica, sans-serif;\">P\u00e1roco da Par\u00f3quia S\u00e3o Jos\u00e9 \u2013 S\u00e3o Jos\u00e9 do Egito-PE<\/span><br \/>\n<span style=\"font-size: 14pt; font-family: arial, helvetica, sans-serif;\">Sol e Estrelinha<\/span><br \/>\n<span style=\"font-size: 14pt; font-family: arial, helvetica, sans-serif;\">Fam\u00edlias Ofertantes a Nossa Senhora da Penha<\/span><br \/>\n<span style=\"font-size: 14pt; font-family: arial, helvetica, sans-serif;\">Gesto concreto: Feij\u00e3o<\/span><\/p>\n","protected":false},"excerpt":{"rendered":"<p>Fotos: Licca Lima\/Farol de Not&iacute;cias Na manh&atilde; desta quarta-feira (29), a Par&oacute;quia de Nossa Senhora da Penha realizou no audit&oacute;rio do Col&eacute;gio da Imaculada Concei&ccedil;&atilde;o, em&nbsp;Serra Talhada, o lan&ccedil;amento da programa&ccedil;&atilde;o da 236&ordf; Festa de Nossa Senhora da Penha, que acontecer&aacute; do dia 29 de agosto a 8 de setembro de 2026. Neste ano a festa ter&aacute; como tema: &ldquo;Sob o olhar da virgem da Penha: 236 anos de Hist&oacute;ria, F&eacute; e Devo&ccedil;&atilde;o, renovando a esperan&ccedil;a&rdquo; e traz uma s&eacute;rie de novidades, dentre elas, a cria&ccedil;&atilde;o do novo bras&atilde;o paaroquial, que reune um conjunto de elementos simb&oacute;licos e o apadrinhamento &#8230; <\/p>\n<p class=\"read-more-container\"><a title=\"Sai programa\u00e7\u00e3o religiosa da Festa de Nossa Senhora da Penha; confira\" class=\"read-more button\" href=\"https:\/\/blogdojuniorcavalcanti.com.br\/index.php\/2026\/07\/30\/sai-programacao-religiosa-da-festa-de-nossa-senhora-da-penha-confira\/#more-59796\" aria-label=\"More on Sai programa\u00e7\u00e3o religiosa da Festa de Nossa Senhora da Penha; confira\">Leia mais<\/a><\/p>\n","protected":false},"author":2,"featured_media":59797,"comment_status":"open","ping_status":"open","sticky":false,"template":"","format":"standard","meta":{"footnotes":""},"categories":[37],"tags":[],"class_list":["post-59796","post","type-post","status-publish","format-standard","has-post-thumbnail","hentry","category-cidades","resize-featured-image"],"_links":{"self":[{"href":"https:\/\/blogdojuniorcavalcanti.com.br\/index.php\/wp-json\/wp\/v2\/posts\/59796","targetHints":{"allow":["GET"]}}],"collection":[{"href":"https:\/\/blogdojuniorcavalcanti.com.br\/index.php\/wp-json\/wp\/v2\/posts"}],"about":[{"href":"https:\/\/blogdojuniorcavalcanti.com.br\/index.php\/wp-json\/wp\/v2\/types\/post"}],"author":[{"embeddable":true,"href":"https:\/\/blogdojuniorcavalcanti.com.br\/index.php\/wp-json\/wp\/v2\/users\/2"}],"replies":[{"embeddable":true,"href":"https:\/\/blogdojuniorcavalcanti.com.br\/index.php\/wp-json\/wp\/v2\/comments?post=59796"}],"version-history":[{"count":1,"href":"https:\/\/blogdojuniorcavalcanti.com.br\/index.php\/wp-json\/wp\/v2\/posts\/59796\/revisions"}],"predecessor-version":[{"id":59798,"href":"https:\/\/blogdojuniorcavalcanti.com.br\/index.php\/wp-json\/wp\/v2\/posts\/59796\/revisions\/59798"}],"wp:featuredmedia":[{"embeddable":true,"href":"https:\/\/blogdojuniorcavalcanti.com.br\/index.php\/wp-json\/wp\/v2\/media\/59797"}],"wp:attachment":[{"href":"https:\/\/blogdojuniorcavalcanti.com.br\/index.php\/wp-json\/wp\/v2\/media?parent=59796"}],"wp:term":[{"taxonomy":"category","embeddable":true,"href":"https:\/\/blogdojuniorcavalcanti.com.br\/index.php\/wp-json\/wp\/v2\/categories?post=59796"},{"taxonomy":"post_tag","embeddable":true,"href":"https:\/\/blogdojuniorcavalcanti.com.br\/index.php\/wp-json\/wp\/v2\/tags?post=59796"}],"curies":[{"name":"wp","href":"https:\/\/api.w.org\/{rel}","templated":true}]}}