{"id":59832,"date":"2026-07-30T08:49:37","date_gmt":"2026-07-30T11:49:37","guid":{"rendered":"https:\/\/blogdojuniorcavalcanti.com.br\/?p=59832"},"modified":"2026-07-30T08:49:37","modified_gmt":"2026-07-30T11:49:37","slug":"camara-de-sertania-inaugura-anexo-ii-que-abrigara-cursos-da-ufpe","status":"publish","type":"post","link":"https:\/\/blogdojuniorcavalcanti.com.br\/index.php\/2026\/07\/30\/camara-de-sertania-inaugura-anexo-ii-que-abrigara-cursos-da-ufpe\/","title":{"rendered":"C\u00e2mara de Sert\u00e2nia inaugura Anexo II que abrigar\u00e1 cursos da UFPE"},"content":{"rendered":"<p style=\"text-align: justify;\"><span style=\"font-size: 14pt; font-family: arial, helvetica, sans-serif;\"><em><strong>Novo espa\u00e7o ser\u00e1 utilizado pelos cursos de Medicina e Medicina Veterin\u00e1ria e refor\u00e7a a estrutura de apoio ao ensino superior no munic\u00edpio<\/strong><\/em><\/span><\/p>\n<p style=\"text-align: justify;\"><span style=\"font-size: 14pt; font-family: arial, helvetica, sans-serif;\">A C\u00e2mara Municipal de Sert\u00e2nia inaugura, nesta quinta-feira (30), o Pr\u00e9dio Anexo II da Casa Corina Lins de Siqueira. A solenidade est\u00e1 marcada para as 10h e marcar\u00e1 a entrega do novo espa\u00e7o que ser\u00e1 destinado \u00e0s atividades da Universidade Federal de Pernambuco (UFPE).<\/span><\/p>\n<p style=\"text-align: justify;\"><span style=\"font-size: 14pt; font-family: arial, helvetica, sans-serif;\">O anexo ser\u00e1 utilizado pelos cursos de Medicina e Medicina Veterin\u00e1ria da institui\u00e7\u00e3o, ampliando a infraestrutura de apoio ao ensino superior no munic\u00edpio e fortalecendo a parceria entre a C\u00e2mara Municipal e a universidade.<\/span><\/p>\n<p style=\"text-align: justify;\"><span style=\"font-size: 14pt; font-family: arial, helvetica, sans-serif;\">De acordo com o Presidente da C\u00e2mara, Vando do Caro\u00e1, a iniciativa representa mais um avan\u00e7o para o fortalecimento do Poder Legislativo, al\u00e9m de contribuir para a amplia\u00e7\u00e3o dos servi\u00e7os oferecidos \u00e0 popula\u00e7\u00e3o por meio da coopera\u00e7\u00e3o com a UFPE.<\/span><\/p>\n<p style=\"text-align: justify;\"><span style=\"font-size: 14pt; font-family: arial, helvetica, sans-serif;\">A cerim\u00f4nia de inaugura\u00e7\u00e3o ser\u00e1 aberta ao p\u00fablico e contar\u00e1 com a participa\u00e7\u00e3o de autoridades, representantes da universidade, estudantes, professores e membros da comunidade. O evento marcar\u00e1 oficialmente o in\u00edcio das atividades do novo anexo, que passa a integrar a estrutura de apoio aos cursos ofertados pela UFPE em Sert\u00e2nia.<\/span><\/p>\n","protected":false},"excerpt":{"rendered":"<p>Novo espa&ccedil;o ser&aacute; utilizado pelos cursos de Medicina e Medicina Veterin&aacute;ria e refor&ccedil;a a estrutura de apoio ao ensino superior no munic&iacute;pio A C&acirc;mara Municipal de Sert&acirc;nia inaugura, nesta quinta-feira (30), o Pr&eacute;dio Anexo II da Casa Corina Lins de Siqueira. A solenidade est&aacute; marcada para as 10h e marcar&aacute; a entrega do novo espa&ccedil;o que ser&aacute; destinado &agrave;s atividades da Universidade Federal de Pernambuco (UFPE). O anexo ser&aacute; utilizado pelos cursos de Medicina e Medicina Veterin&aacute;ria da institui&ccedil;&atilde;o, ampliando a infraestrutura de apoio ao ensino superior no munic&iacute;pio e fortalecendo a parceria entre a C&acirc;mara Municipal e a universidade. &#8230; <\/p>\n<p class=\"read-more-container\"><a title=\"C\u00e2mara de Sert\u00e2nia inaugura Anexo II que abrigar\u00e1 cursos da UFPE\" class=\"read-more button\" href=\"https:\/\/blogdojuniorcavalcanti.com.br\/index.php\/2026\/07\/30\/camara-de-sertania-inaugura-anexo-ii-que-abrigara-cursos-da-ufpe\/#more-59832\" aria-label=\"More on C\u00e2mara de Sert\u00e2nia inaugura Anexo II que abrigar\u00e1 cursos da UFPE\">Leia mais<\/a><\/p>\n","protected":false},"author":2,"featured_media":59833,"comment_status":"open","ping_status":"open","sticky":false,"template":"","format":"standard","meta":{"footnotes":""},"categories":[37],"tags":[],"class_list":["post-59832","post","type-post","status-publish","format-standard","has-post-thumbnail","hentry","category-cidades","resize-featured-image"],"_links":{"self":[{"href":"https:\/\/blogdojuniorcavalcanti.com.br\/index.php\/wp-json\/wp\/v2\/posts\/59832","targetHints":{"allow":["GET"]}}],"collection":[{"href":"https:\/\/blogdojuniorcavalcanti.com.br\/index.php\/wp-json\/wp\/v2\/posts"}],"about":[{"href":"https:\/\/blogdojuniorcavalcanti.com.br\/index.php\/wp-json\/wp\/v2\/types\/post"}],"author":[{"embeddable":true,"href":"https:\/\/blogdojuniorcavalcanti.com.br\/index.php\/wp-json\/wp\/v2\/users\/2"}],"replies":[{"embeddable":true,"href":"https:\/\/blogdojuniorcavalcanti.com.br\/index.php\/wp-json\/wp\/v2\/comments?post=59832"}],"version-history":[{"count":1,"href":"https:\/\/blogdojuniorcavalcanti.com.br\/index.php\/wp-json\/wp\/v2\/posts\/59832\/revisions"}],"predecessor-version":[{"id":59834,"href":"https:\/\/blogdojuniorcavalcanti.com.br\/index.php\/wp-json\/wp\/v2\/posts\/59832\/revisions\/59834"}],"wp:featuredmedia":[{"embeddable":true,"href":"https:\/\/blogdojuniorcavalcanti.com.br\/index.php\/wp-json\/wp\/v2\/media\/59833"}],"wp:attachment":[{"href":"https:\/\/blogdojuniorcavalcanti.com.br\/index.php\/wp-json\/wp\/v2\/media?parent=59832"}],"wp:term":[{"taxonomy":"category","embeddable":true,"href":"https:\/\/blogdojuniorcavalcanti.com.br\/index.php\/wp-json\/wp\/v2\/categories?post=59832"},{"taxonomy":"post_tag","embeddable":true,"href":"https:\/\/blogdojuniorcavalcanti.com.br\/index.php\/wp-json\/wp\/v2\/tags?post=59832"}],"curies":[{"name":"wp","href":"https:\/\/api.w.org\/{rel}","templated":true}]}}