{"id":5992,"date":"2020-01-21T08:32:30","date_gmt":"2020-01-21T11:32:30","guid":{"rendered":"http:\/\/blogdojuniorcavalcanti.com.br\/?p=5992"},"modified":"2020-01-21T08:32:30","modified_gmt":"2020-01-21T11:32:30","slug":"tjpe-pagou-r-25-mi-para-levar-caravanas-aos-eua","status":"publish","type":"post","link":"https:\/\/blogdojuniorcavalcanti.com.br\/index.php\/2020\/01\/21\/tjpe-pagou-r-25-mi-para-levar-caravanas-aos-eua\/","title":{"rendered":"TJPE pagou R$ 2,5 mi para levar caravanas aos EUA"},"content":{"rendered":"<p style=\"text-align: justify;\"><span style=\"font-size: 14pt;\"><em><a href=\"https:\/\/i2.wp.com\/nilljunior.com.br\/wp-content\/uploads\/2017\/07\/tjpe.jpg\"><img fetchpriority=\"high\" decoding=\"async\" class=\"alignleft wp-image-103475\" src=\"https:\/\/i2.wp.com\/nilljunior.com.br\/wp-content\/uploads\/2017\/07\/tjpe.jpg?resize=400%2C266\" sizes=\"(max-width: 400px) 100vw, 400px\" srcset=\"https:\/\/i2.wp.com\/nilljunior.com.br\/wp-content\/uploads\/2017\/07\/tjpe.jpg?resize=600%2C400 600w, https:\/\/i2.wp.com\/nilljunior.com.br\/wp-content\/uploads\/2017\/07\/tjpe.jpg?resize=150%2C100 150w, https:\/\/i2.wp.com\/nilljunior.com.br\/wp-content\/uploads\/2017\/07\/tjpe.jpg?resize=300%2C200 300w, https:\/\/i2.wp.com\/nilljunior.com.br\/wp-content\/uploads\/2017\/07\/tjpe.jpg?resize=768%2C511 768w, https:\/\/i2.wp.com\/nilljunior.com.br\/wp-content\/uploads\/2017\/07\/tjpe.jpg?w=984 984w\" alt=\"\" width=\"400\" height=\"267\" data-attachment-id=\"103475\" data-permalink=\"http:\/\/nilljunior.com.br\/tribunal-de-justica-de-pernambuco-abre-inscricoes-para-concurso-publico\/tjpe-4\/\" data-orig-file=\"https:\/\/i2.wp.com\/nilljunior.com.br\/wp-content\/uploads\/2017\/07\/tjpe.jpg?fit=984%2C655\" data-orig-size=\"984,655\" data-comments-opened=\"1\" data-image-meta=\"{&quot;aperture&quot;:&quot;0&quot;,&quot;credit&quot;:&quot;&quot;,&quot;camera&quot;:&quot;&quot;,&quot;caption&quot;:&quot;&quot;,&quot;created_timestamp&quot;:&quot;0&quot;,&quot;copyright&quot;:&quot;&quot;,&quot;focal_length&quot;:&quot;0&quot;,&quot;iso&quot;:&quot;0&quot;,&quot;shutter_speed&quot;:&quot;0&quot;,&quot;title&quot;:&quot;&quot;,&quot;orientation&quot;:&quot;0&quot;}\" data-image-title=\"tjpe\" data-image-description=\"\" data-medium-file=\"https:\/\/i2.wp.com\/nilljunior.com.br\/wp-content\/uploads\/2017\/07\/tjpe.jpg?fit=300%2C200\" data-large-file=\"https:\/\/i2.wp.com\/nilljunior.com.br\/wp-content\/uploads\/2017\/07\/tjpe.jpg?fit=600%2C400\" \/><\/a><span style=\"font-family: arial, helvetica, sans-serif;\">Frederico Vasconcelos\/Folha de S\u00e3o Paulo<\/span><\/em><\/span><\/p>\n<p style=\"text-align: justify;\"><span style=\"font-size: 14pt; font-family: arial, helvetica, sans-serif;\">Em um per\u00edodo de restri\u00e7\u00f5es or\u00e7ament\u00e1rias, o Tribunal de Justi\u00e7a de Pernambuco pagou cerca de R$ 2,5 milh\u00f5es em di\u00e1rias a duas comitivas de magistrados e servidores que viajaram aos Estados Unidos, no final de 2019.<\/span><\/p>\n<p style=\"text-align: justify;\"><span style=\"font-size: 14pt; font-family: arial, helvetica, sans-serif;\">Previsto para premiar o desempenho de ju\u00edzes e servidores do primeiro grau, o programa abriu espa\u00e7o para a inclus\u00e3o de membros da c\u00fapula do tribunal.<\/span><\/p>\n<p style=\"text-align: justify;\"><span style=\"font-size: 14pt; font-family: arial, helvetica, sans-serif;\">O tribunal \u00e9 o mesmo que em dezembro do ano passado foi alvo de pol\u00eamica por ter pago a ju\u00edzes e desembargadores rendimentos l\u00edquidos, em novembro, que chegam a at\u00e9 R$ 853 mil.<\/span><\/p>\n<p style=\"text-align: justify;\"><span style=\"font-size: 14pt; font-family: arial, helvetica, sans-serif;\">Em um dos casos, a quantia bruta paga pela corte a uma ju\u00edza foi de R$ 1,2 milh\u00e3o. A raz\u00e3o para essas altas cifras, segundo o TJ-PE, foi o pagamento de f\u00e9rias acumuladas.<\/span><\/p>\n<p style=\"text-align: justify;\"><span style=\"font-size: 14pt; font-family: arial, helvetica, sans-serif;\">Consultado sobre as viagens, o tribunal n\u00e3o comentou nem forneceu dados sobre a previs\u00e3o de gastos e os crit\u00e9rios de sele\u00e7\u00e3o.<\/span><\/p>\n<p style=\"text-align: justify;\"><span style=\"font-size: 14pt; font-family: arial, helvetica, sans-serif;\">Um primeiro grupo participou do curso \u201cEstudo do direito americano e suas influ\u00eancias no direito brasileiro\u201d, de 11 a 15 de novembro, na Fordham University The School of Law, em Nova York.<\/span><\/p>\n<p style=\"text-align: justify;\"><span style=\"font-size: 14pt; font-family: arial, helvetica, sans-serif;\">O evento foi inclu\u00eddo no programa \u201cMuito Al\u00e9m das Metas\u201d, criado em 2018 para estimular a produtividade da primeira inst\u00e2ncia, segmento mais sobrecarregado do Judici\u00e1rio. Essa prioridade, contudo, n\u00e3o foi mantida.<\/span><\/p>\n<p style=\"text-align: justify;\"><span style=\"font-size: 14pt; font-family: arial, helvetica, sans-serif;\">Dos 45 participantes, 19 eram desembargadores, ou seja, magistrados da segunda inst\u00e2ncia e dirigentes da corte. Tamb\u00e9m viajaram 19 ju\u00edzes e 7 servidores.<\/span><\/p>\n<p style=\"text-align: justify;\"><span style=\"font-size: 14pt; font-family: arial, helvetica, sans-serif;\">A segunda caravana viajou nas f\u00e9rias do Judici\u00e1rio para um curso de extens\u00e3o, realizado de 2 a 13 de dezembro, na Universidade da Ge\u00f3rgia, nos EUA. Dos 40 participantes, 22 eram servidores. Embarcaram 14 ju\u00edzes e apenas quatro desembargadores.<\/span><\/p>\n<p style=\"text-align: justify;\"><span style=\"font-size: 14pt; font-family: arial, helvetica, sans-serif;\">Os magistrados e servidores assumiram os gastos com transporte a\u00e9reo e terrestre. O tribunal cobriu os gastos com hospedagem e alimenta\u00e7\u00e3o, pagando oito di\u00e1rias internacionais de US$ 691 para a viagem a Nova York, e 15 di\u00e1rias, para a Ge\u00f3rgia.<\/span><\/p>\n<p style=\"text-align: justify;\"><span style=\"font-size: 14pt; font-family: arial, helvetica, sans-serif;\">O presidente do tribunal, desembargador Adalberto de Oliveira Melo, e o 1\u00ba vice-presidente, desembargador C\u00e2ndido Jos\u00e9 da Fonte Saraiva, viajaram a Nova York (cada um recebeu di\u00e1rias de R$ 25,2 mil).<\/span><\/p>\n<p style=\"text-align: justify;\"><span style=\"font-size: 14pt; font-family: arial, helvetica, sans-serif;\">O presidente do TJ-PE desistiu de ir para a Ge\u00f3rgia. Em seu lugar, o corregedor-geral, Fernando Cerqueira, incluiu seu colega desembargador Agenor Ferreira de Lima Filho, que viajara a Nova York.<\/span><\/p>\n<p style=\"text-align: justify;\"><span style=\"font-size: 14pt; font-family: arial, helvetica, sans-serif;\">Lima Filho recebeu R$ 71,7 mil em di\u00e1rias correspondentes \u00e0s duas viagens. Cerqueira, que o acompanhou na Georgia, recebeu R$ 46,5 mil.<\/span><\/p>\n","protected":false},"excerpt":{"rendered":"<p>Frederico Vasconcelos\/Folha de S&atilde;o Paulo Em um per&iacute;odo de restri&ccedil;&otilde;es or&ccedil;ament&aacute;rias, o Tribunal de Justi&ccedil;a de Pernambuco pagou cerca de R$ 2,5 milh&otilde;es em di&aacute;rias a duas comitivas de magistrados e servidores que viajaram aos Estados Unidos, no final de 2019. Previsto para premiar o desempenho de ju&iacute;zes e servidores do primeiro grau, o programa abriu espa&ccedil;o para a inclus&atilde;o de membros da c&uacute;pula do tribunal. O tribunal &eacute; o mesmo que em dezembro do ano passado foi alvo de pol&ecirc;mica por ter pago a ju&iacute;zes e desembargadores rendimentos l&iacute;quidos, em novembro, que chegam a at&eacute; R$ 853 mil. Em &#8230; <\/p>\n<p class=\"read-more-container\"><a title=\"TJPE pagou R$ 2,5 mi para levar caravanas aos EUA\" class=\"read-more button\" href=\"https:\/\/blogdojuniorcavalcanti.com.br\/index.php\/2020\/01\/21\/tjpe-pagou-r-25-mi-para-levar-caravanas-aos-eua\/#more-5992\" aria-label=\"More on TJPE pagou R$ 2,5 mi para levar caravanas aos EUA\">Leia mais<\/a><\/p>\n","protected":false},"author":2,"featured_media":0,"comment_status":"open","ping_status":"open","sticky":false,"template":"","format":"standard","meta":{"footnotes":""},"categories":[1],"tags":[],"class_list":["post-5992","post","type-post","status-publish","format-standard","hentry","category-sem-categoria"],"_links":{"self":[{"href":"https:\/\/blogdojuniorcavalcanti.com.br\/index.php\/wp-json\/wp\/v2\/posts\/5992","targetHints":{"allow":["GET"]}}],"collection":[{"href":"https:\/\/blogdojuniorcavalcanti.com.br\/index.php\/wp-json\/wp\/v2\/posts"}],"about":[{"href":"https:\/\/blogdojuniorcavalcanti.com.br\/index.php\/wp-json\/wp\/v2\/types\/post"}],"author":[{"embeddable":true,"href":"https:\/\/blogdojuniorcavalcanti.com.br\/index.php\/wp-json\/wp\/v2\/users\/2"}],"replies":[{"embeddable":true,"href":"https:\/\/blogdojuniorcavalcanti.com.br\/index.php\/wp-json\/wp\/v2\/comments?post=5992"}],"version-history":[{"count":1,"href":"https:\/\/blogdojuniorcavalcanti.com.br\/index.php\/wp-json\/wp\/v2\/posts\/5992\/revisions"}],"predecessor-version":[{"id":5993,"href":"https:\/\/blogdojuniorcavalcanti.com.br\/index.php\/wp-json\/wp\/v2\/posts\/5992\/revisions\/5993"}],"wp:attachment":[{"href":"https:\/\/blogdojuniorcavalcanti.com.br\/index.php\/wp-json\/wp\/v2\/media?parent=5992"}],"wp:term":[{"taxonomy":"category","embeddable":true,"href":"https:\/\/blogdojuniorcavalcanti.com.br\/index.php\/wp-json\/wp\/v2\/categories?post=5992"},{"taxonomy":"post_tag","embeddable":true,"href":"https:\/\/blogdojuniorcavalcanti.com.br\/index.php\/wp-json\/wp\/v2\/tags?post=5992"}],"curies":[{"name":"wp","href":"https:\/\/api.w.org\/{rel}","templated":true}]}}