{"id":60170,"date":"2026-08-06T09:19:50","date_gmt":"2026-08-06T12:19:50","guid":{"rendered":"https:\/\/blogdojuniorcavalcanti.com.br\/?p=60170"},"modified":"2026-08-06T09:19:50","modified_gmt":"2026-08-06T12:19:50","slug":"atlas-bloomberg-lula-tem-melhor-imagem-positiva-entre-candidatos-a-presidencia","status":"publish","type":"post","link":"https:\/\/blogdojuniorcavalcanti.com.br\/index.php\/2026\/08\/06\/atlas-bloomberg-lula-tem-melhor-imagem-positiva-entre-candidatos-a-presidencia\/","title":{"rendered":"Atlas\/Bloomberg: Lula tem melhor imagem positiva entre candidatos \u00e0 Presid\u00eancia"},"content":{"rendered":"<div class=\"fotoNot\">\n<p class=\"credFotoNot text-[12px] mb-2.5 font-medium tracking-[-3%] text-center text-black\" style=\"text-align: justify;\"><span style=\"font-size: 14pt; font-family: arial, helvetica, sans-serif;\">Presidente Lu\u00eds In\u00e1cio Lula da Silva ( Ricardo Stuckert\/Divulga\u00e7\u00e3o)<\/span><\/p>\n<\/div>\n<p class=\"texto\" style=\"text-align: justify;\"><span style=\"font-size: 14pt; font-family: arial, helvetica, sans-serif;\">Pesquisa do instituto\u00a0<strong><a href=\"https:\/\/atlasintel.org\/media\">AtlasIntel Bloomberg<\/a><\/strong>\u00a0divulgada nesta quinta-feira, 6, mostra que o presidente Luiz In\u00e1cio Lula da Silva (PT) possui uma imagem positiva para 48% dos eleitores brasileiros e negativa para outros 52%. Outros 1% n\u00e3o souberam opinar.<\/span><\/p>\n<p class=\"texto\" style=\"text-align: justify;\"><span style=\"font-size: 14pt; font-family: arial, helvetica, sans-serif;\">J\u00e1 o senador e candidato da oposi\u00e7\u00e3o \u00e0 Presid\u00eancia, Fl\u00e1vio Bolsonaro (PL), tem uma imagem positiva para 37% dos eleitores e negativa para outros 59%. Outros 4% n\u00e3o souberam responder.<\/span><\/p>\n<p class=\"texto\" style=\"text-align: justify;\"><span style=\"font-size: 14pt; font-family: arial, helvetica, sans-serif;\">Entre outros candidatos \u00e0 Presid\u00eancia, o ex-governador de Minas Gerais Romeu Zema (Novo) possui uma imagem positiva para 31% dos eleitores e negativa para outros 55%. Os que n\u00e3o souberam opinar s\u00e3o 14%.<\/span><\/p>\n<p class=\"texto\" style=\"text-align: justify;\"><span style=\"font-size: 14pt; font-family: arial, helvetica, sans-serif;\">J\u00e1 o ex-governador de Goi\u00e1s Ronaldo Caiado (PSD) possui uma imagem positiva para 28%, e negativa para outros 51%. Outros 21% n\u00e3o souberam responder.<\/span><\/p>\n<p class=\"texto\" style=\"text-align: justify;\"><span style=\"font-size: 14pt; font-family: arial, helvetica, sans-serif;\">O empres\u00e1rio Renan Santos (Miss\u00e3o) \u00e9 quem acumula maior porcentual de eleitores que n\u00e3o souberam dar uma opini\u00e3o: 26%. Ele tem uma imagem positiva para 19% e negativa para outros 55%.<\/span><\/p>\n<p class=\"texto\" style=\"text-align: justify;\"><span style=\"font-size: 14pt; font-family: arial, helvetica, sans-serif;\">O instituto tamb\u00e9m calculou a imagem do ex-presidente Jair Bolsonaro (PL). Para 42%, ela \u00e9 positiva, enquanto para outros 56%, ela \u00e9 negativa.<\/span><\/p>\n<p class=\"texto\" style=\"text-align: justify;\"><span style=\"font-size: 14pt; font-family: arial, helvetica, sans-serif;\">A AtlasIntel ouviu 5.021 eleitores entre os dias 22 e 27 de julho. A margem de erro \u00e9 de um ponto porcentual para mais ou para menos e o \u00edndice de confiabilidade \u00e9 de 95%. O levantamento est\u00e1 registrado no Tribunal Superior Eleitoral (TSE) sob o n\u00famero BR-08602\/2026.<\/span><\/p>\n<p class=\"texto\" style=\"text-align: justify;\"><span style=\"font-size: 14pt; font-family: arial, helvetica, sans-serif;\"><strong>Farm\u00e1cia Popular foi o maior acerto do governo Lula, segundo entrevistados<\/strong><\/span><\/p>\n<p class=\"texto\" style=\"text-align: justify;\"><span style=\"font-size: 14pt; font-family: arial, helvetica, sans-serif;\">O levantamento tamb\u00e9m perguntou aos entrevistados quais decis\u00f5es do governo seriam qualificadas como maiores acertos ou erros. A a\u00e7\u00e3o vista como maior acerto \u00e9 a gratuidade para todos os medicamentos e itens do Farm\u00e1cia Popular, com 82% das indica\u00e7\u00f5es.<\/span><\/p>\n<p class=\"texto\" style=\"text-align: justify;\"><span style=\"font-size: 14pt; font-family: arial, helvetica, sans-serif;\">Em seguida, a isen\u00e7\u00e3o do imposto de renda para pessoas com renda abaixo de R$ 5 mil foi apontada como decis\u00e3o acertada para 79%. Depois, tamb\u00e9m com avalia\u00e7\u00e3o positiva, a assinatura do acordo de livre com\u00e9rcio entre Mercosul e Uni\u00e3o Europeia (68%); o Desenrola (65%); a revoga\u00e7\u00e3o da &#8220;taxa das blusinhas&#8221; (55%).<\/span><\/p>\n<p class=\"texto\" style=\"text-align: justify;\"><span style=\"font-size: 14pt; font-family: arial, helvetica, sans-serif;\">As decis\u00f5es do governo Lula consideradas como maiores erros foram: a retirada de empresas p\u00fablicas, como os Correios, do programa de privatiza\u00e7\u00e3o (48% das indica\u00e7\u00f5es); ado\u00e7\u00e3o do arcabou\u00e7o fiscal para equil\u00edbrio das contas p\u00fablicas (43%); e programa G\u00e1s do Povo (42%).<\/span><\/p>\n<p class=\"texto\" style=\"text-align: justify;\"><span style=\"font-size: 14pt; font-family: arial, helvetica, sans-serif;\"><strong>55% dos entrevistados avalia negativamente a situa\u00e7\u00e3o econ\u00f4mica do Brasil<\/strong><\/span><\/p>\n<p class=\"texto\" style=\"text-align: justify;\"><span style=\"font-size: 14pt; font-family: arial, helvetica, sans-serif;\">Com rela\u00e7\u00e3o \u00e0 situa\u00e7\u00e3o econ\u00f4mica, os entrevistados foram questionados sobre como avaliam a situa\u00e7\u00e3o econ\u00f4mica do Brasil e do mercado de trabalho neste momento. Para 42%, a situa\u00e7\u00e3o do emprego \u00e9 ruim, outros 37% avaliaram como boa e 21% como normal. Tamb\u00e9m para 42% a situa\u00e7\u00e3o da fam\u00edlia foi considerada ruim, 31% consideram boa, e 27% normal. Sobre a situa\u00e7\u00e3o do Brasil, 55% avaliaram como ruim; 29% como boa e 16% como normal.<\/span><\/p>\n<p class=\"texto\" style=\"text-align: justify;\"><span style=\"font-size: 14pt; font-family: arial, helvetica, sans-serif;\">Apesar da avalia\u00e7\u00e3o mais negativa sobre o momento atual, as expectativas para os pr\u00f3ximos seis meses s\u00e3o mais otimistas. Para 43%, a situa\u00e7\u00e3o da fam\u00edlia vai melhorar, enquanto para 28% vai piorar e 30% avaliam que ficar\u00e1 igual.<\/span><\/p>\n<p class=\"texto\" style=\"text-align: justify;\"><span style=\"font-size: 14pt; font-family: arial, helvetica, sans-serif;\">Para o emprego, 39% acreditam que vai melhorar; para 33% vai piorar e 28% dizem que vai ficar igual. Sobre o Brasil, 38% acham que vai melhorar; 41% que vai piorar e 21% que a situa\u00e7\u00e3o vai ficar igual.<\/span><\/p>\n","protected":false},"excerpt":{"rendered":"<p>Presidente Lu&iacute;s In&aacute;cio Lula da Silva ( Ricardo Stuckert\/Divulga&ccedil;&atilde;o) Pesquisa do instituto&nbsp;AtlasIntel Bloomberg&nbsp;divulgada nesta quinta-feira, 6, mostra que o presidente Luiz In&aacute;cio Lula da Silva (PT) possui uma imagem positiva para 48% dos eleitores brasileiros e negativa para outros 52%. Outros 1% n&atilde;o souberam opinar. J&aacute; o senador e candidato da oposi&ccedil;&atilde;o &agrave; Presid&ecirc;ncia, Fl&aacute;vio Bolsonaro (PL), tem uma imagem positiva para 37% dos eleitores e negativa para outros 59%. Outros 4% n&atilde;o souberam responder. Entre outros candidatos &agrave; Presid&ecirc;ncia, o ex-governador de Minas Gerais Romeu Zema (Novo) possui uma imagem positiva para 31% dos eleitores e negativa para outros &#8230; <\/p>\n<p class=\"read-more-container\"><a title=\"Atlas\/Bloomberg: Lula tem melhor imagem positiva entre candidatos \u00e0 Presid\u00eancia\" class=\"read-more button\" href=\"https:\/\/blogdojuniorcavalcanti.com.br\/index.php\/2026\/08\/06\/atlas-bloomberg-lula-tem-melhor-imagem-positiva-entre-candidatos-a-presidencia\/#more-60170\" aria-label=\"More on Atlas\/Bloomberg: Lula tem melhor imagem positiva entre candidatos \u00e0 Presid\u00eancia\">Leia mais<\/a><\/p>\n","protected":false},"author":2,"featured_media":60171,"comment_status":"open","ping_status":"open","sticky":false,"template":"","format":"standard","meta":{"footnotes":""},"categories":[33],"tags":[],"class_list":["post-60170","post","type-post","status-publish","format-standard","has-post-thumbnail","hentry","category-brasil","resize-featured-image"],"_links":{"self":[{"href":"https:\/\/blogdojuniorcavalcanti.com.br\/index.php\/wp-json\/wp\/v2\/posts\/60170","targetHints":{"allow":["GET"]}}],"collection":[{"href":"https:\/\/blogdojuniorcavalcanti.com.br\/index.php\/wp-json\/wp\/v2\/posts"}],"about":[{"href":"https:\/\/blogdojuniorcavalcanti.com.br\/index.php\/wp-json\/wp\/v2\/types\/post"}],"author":[{"embeddable":true,"href":"https:\/\/blogdojuniorcavalcanti.com.br\/index.php\/wp-json\/wp\/v2\/users\/2"}],"replies":[{"embeddable":true,"href":"https:\/\/blogdojuniorcavalcanti.com.br\/index.php\/wp-json\/wp\/v2\/comments?post=60170"}],"version-history":[{"count":1,"href":"https:\/\/blogdojuniorcavalcanti.com.br\/index.php\/wp-json\/wp\/v2\/posts\/60170\/revisions"}],"predecessor-version":[{"id":60172,"href":"https:\/\/blogdojuniorcavalcanti.com.br\/index.php\/wp-json\/wp\/v2\/posts\/60170\/revisions\/60172"}],"wp:featuredmedia":[{"embeddable":true,"href":"https:\/\/blogdojuniorcavalcanti.com.br\/index.php\/wp-json\/wp\/v2\/media\/60171"}],"wp:attachment":[{"href":"https:\/\/blogdojuniorcavalcanti.com.br\/index.php\/wp-json\/wp\/v2\/media?parent=60170"}],"wp:term":[{"taxonomy":"category","embeddable":true,"href":"https:\/\/blogdojuniorcavalcanti.com.br\/index.php\/wp-json\/wp\/v2\/categories?post=60170"},{"taxonomy":"post_tag","embeddable":true,"href":"https:\/\/blogdojuniorcavalcanti.com.br\/index.php\/wp-json\/wp\/v2\/tags?post=60170"}],"curies":[{"name":"wp","href":"https:\/\/api.w.org\/{rel}","templated":true}]}}