{"id":60429,"date":"2026-08-12T07:54:26","date_gmt":"2026-08-12T10:54:26","guid":{"rendered":"https:\/\/blogdojuniorcavalcanti.com.br\/?p=60429"},"modified":"2026-08-12T07:54:26","modified_gmt":"2026-08-12T10:54:26","slug":"ex-companheiro-invade-casa-corta-cabelo-da-mulher-com-estilete-e-a-tranca-no-banheiro-durante-agressoes-em-serra-talhada","status":"publish","type":"post","link":"https:\/\/blogdojuniorcavalcanti.com.br\/index.php\/2026\/08\/12\/ex-companheiro-invade-casa-corta-cabelo-da-mulher-com-estilete-e-a-tranca-no-banheiro-durante-agressoes-em-serra-talhada\/","title":{"rendered":"Ex-companheiro invade casa, corta cabelo da mulher com estilete e a tranca no banheiro durante agress\u00f5es em Serra Talhada"},"content":{"rendered":"<p style=\"text-align: justify;\"><span style=\"font-size: 14pt; font-family: arial, helvetica, sans-serif;\">Uma ocorr\u00eancia de extrema gravidade mobilizou policiais do 14\u00ba BPM ap\u00f3s uma mulher denunciar ter sido atacada pelo ex-companheiro dentro da pr\u00f3pria resid\u00eancia, no bairro Tancredo Neves, em Serra Talhada. Segundo o relato apresentado \u00e0 pol\u00edcia, o homem teria invadido o im\u00f3vel sem autoriza\u00e7\u00e3o, destru\u00eddo objetos e submetido a v\u00edtima a uma sequ\u00eancia de agress\u00f5es e viol\u00eancia.<\/span><\/p>\n<p style=\"text-align: justify;\"><span style=\"font-size: 14pt; font-family: arial, helvetica, sans-serif;\">De acordo com o registro policial, o epis\u00f3dio aconteceu durante a noite. A v\u00edtima relatou que o ex-companheiro entrou em sua resid\u00eancia sem consentimento, danificou quatro cadeiras e uma sanduicheira e, em seguida, passou a agredi-la fisicamente.<\/span><\/p>\n<p style=\"text-align: justify;\"><span style=\"font-size: 14pt; font-family: arial, helvetica, sans-serif;\">Ainda segundo a den\u00fancia, o homem teria puxado os cabelos da mulher e utilizado um estilete para cortar parte deles. A situa\u00e7\u00e3o teria se agravado quando ele a teria trancado dentro do banheiro e desferido socos e chutes contra a v\u00edtima.<\/span><\/p>\n<p style=\"text-align: justify;\"><span style=\"font-size: 14pt; font-family: arial, helvetica, sans-serif;\">Ap\u00f3s as agress\u00f5es, o suspeito teria deixado o local.<\/span><\/p>\n<p style=\"text-align: justify;\"><span style=\"font-size: 14pt; font-family: arial, helvetica, sans-serif;\">Na manh\u00e3 seguinte, conforme o boletim, a mulher foi at\u00e9 a resid\u00eancia do ex-companheiro para cobrar o ressarcimento pelos objetos que teriam sido danificados durante o epis\u00f3dio. Foi ent\u00e3o apresentada uma segunda vers\u00e3o dos fatos.<\/span><\/p>\n<p style=\"text-align: justify;\"><span style=\"font-size: 14pt; font-family: arial, helvetica, sans-serif;\">O homem confirmou aos policiais que esteve na resid\u00eancia da mulher na noite anterior, mas negou as agress\u00f5es e os danos materiais. Ele afirmou ainda que, na manh\u00e3 seguinte, a v\u00edtima teria entrado em sua resid\u00eancia, pegado uma faca e o amea\u00e7ado de morte.<\/span><\/p>\n<p style=\"text-align: justify;\"><span style=\"font-size: 14pt; font-family: arial, helvetica, sans-serif;\">Segundo a vers\u00e3o apresentada pelo homem, ele teria informado que acionaria a pol\u00edcia e, posteriormente, empurrado a mulher para fora do im\u00f3vel.<\/span><\/p>\n<p style=\"text-align: justify;\"><span style=\"font-size: 14pt; font-family: arial, helvetica, sans-serif;\">Diante das vers\u00f5es conflitantes e da gravidade das acusa\u00e7\u00f5es, policiais militares do 14\u00ba BPM conduziram os envolvidos \u00e0 Delegacia de Pol\u00edcia Civil, onde o caso ficou \u00e0 disposi\u00e7\u00e3o da autoridade policial para ado\u00e7\u00e3o das medidas legais.<\/span><\/p>\n<p style=\"text-align: justify;\"><span style=\"font-size: 14pt; font-family: arial, helvetica, sans-serif;\">O registro da ocorr\u00eancia aponta 01 flagrante como resultado da a\u00e7\u00e3o policial.<\/span><\/p>\n<p style=\"text-align: justify;\"><span style=\"font-size: 14pt; font-family: arial, helvetica, sans-serif;\">O caso dever\u00e1 ser apurado pela Pol\u00edcia Civil, que ficar\u00e1 respons\u00e1vel por esclarecer a din\u00e2mica dos fatos e verificar as responsabilidades de cada envolvido.<\/span><\/p>\n","protected":false},"excerpt":{"rendered":"<p>Uma ocorr&ecirc;ncia de extrema gravidade mobilizou policiais do 14&ordm; BPM ap&oacute;s uma mulher denunciar ter sido atacada pelo ex-companheiro dentro da pr&oacute;pria resid&ecirc;ncia, no bairro Tancredo Neves, em Serra Talhada. Segundo o relato apresentado &agrave; pol&iacute;cia, o homem teria invadido o im&oacute;vel sem autoriza&ccedil;&atilde;o, destru&iacute;do objetos e submetido a v&iacute;tima a uma sequ&ecirc;ncia de agress&otilde;es e viol&ecirc;ncia. De acordo com o registro policial, o epis&oacute;dio aconteceu durante a noite. A v&iacute;tima relatou que o ex-companheiro entrou em sua resid&ecirc;ncia sem consentimento, danificou quatro cadeiras e uma sanduicheira e, em seguida, passou a agredi-la fisicamente. Ainda segundo a den&uacute;ncia, o homem &#8230; <\/p>\n<p class=\"read-more-container\"><a title=\"Ex-companheiro invade casa, corta cabelo da mulher com estilete e a tranca no banheiro durante agress\u00f5es em Serra Talhada\" class=\"read-more button\" href=\"https:\/\/blogdojuniorcavalcanti.com.br\/index.php\/2026\/08\/12\/ex-companheiro-invade-casa-corta-cabelo-da-mulher-com-estilete-e-a-tranca-no-banheiro-durante-agressoes-em-serra-talhada\/#more-60429\" aria-label=\"More on Ex-companheiro invade casa, corta cabelo da mulher com estilete e a tranca no banheiro durante agress\u00f5es em Serra Talhada\">Leia mais<\/a><\/p>\n","protected":false},"author":2,"featured_media":60430,"comment_status":"open","ping_status":"open","sticky":false,"template":"","format":"standard","meta":{"footnotes":""},"categories":[29],"tags":[],"class_list":["post-60429","post","type-post","status-publish","format-standard","has-post-thumbnail","hentry","category-policial","resize-featured-image"],"_links":{"self":[{"href":"https:\/\/blogdojuniorcavalcanti.com.br\/index.php\/wp-json\/wp\/v2\/posts\/60429","targetHints":{"allow":["GET"]}}],"collection":[{"href":"https:\/\/blogdojuniorcavalcanti.com.br\/index.php\/wp-json\/wp\/v2\/posts"}],"about":[{"href":"https:\/\/blogdojuniorcavalcanti.com.br\/index.php\/wp-json\/wp\/v2\/types\/post"}],"author":[{"embeddable":true,"href":"https:\/\/blogdojuniorcavalcanti.com.br\/index.php\/wp-json\/wp\/v2\/users\/2"}],"replies":[{"embeddable":true,"href":"https:\/\/blogdojuniorcavalcanti.com.br\/index.php\/wp-json\/wp\/v2\/comments?post=60429"}],"version-history":[{"count":1,"href":"https:\/\/blogdojuniorcavalcanti.com.br\/index.php\/wp-json\/wp\/v2\/posts\/60429\/revisions"}],"predecessor-version":[{"id":60431,"href":"https:\/\/blogdojuniorcavalcanti.com.br\/index.php\/wp-json\/wp\/v2\/posts\/60429\/revisions\/60431"}],"wp:featuredmedia":[{"embeddable":true,"href":"https:\/\/blogdojuniorcavalcanti.com.br\/index.php\/wp-json\/wp\/v2\/media\/60430"}],"wp:attachment":[{"href":"https:\/\/blogdojuniorcavalcanti.com.br\/index.php\/wp-json\/wp\/v2\/media?parent=60429"}],"wp:term":[{"taxonomy":"category","embeddable":true,"href":"https:\/\/blogdojuniorcavalcanti.com.br\/index.php\/wp-json\/wp\/v2\/categories?post=60429"},{"taxonomy":"post_tag","embeddable":true,"href":"https:\/\/blogdojuniorcavalcanti.com.br\/index.php\/wp-json\/wp\/v2\/tags?post=60429"}],"curies":[{"name":"wp","href":"https:\/\/api.w.org\/{rel}","templated":true}]}}