{"id":60469,"date":"2026-08-13T08:08:08","date_gmt":"2026-08-13T11:08:08","guid":{"rendered":"https:\/\/blogdojuniorcavalcanti.com.br\/?p=60469"},"modified":"2026-08-13T08:08:08","modified_gmt":"2026-08-13T11:08:08","slug":"rorro-e-kaio-manicoba-anunciam-apoio-a-miguel-coelho","status":"publish","type":"post","link":"https:\/\/blogdojuniorcavalcanti.com.br\/index.php\/2026\/08\/13\/rorro-e-kaio-manicoba-anunciam-apoio-a-miguel-coelho\/","title":{"rendered":"Rorr\u00f3 e Kaio Mani\u00e7oba anunciam apoio a Miguel Coelho"},"content":{"rendered":"<p style=\"text-align: justify;\"><span style=\"font-size: 14pt; font-family: arial, helvetica, sans-serif;\">Dentro do \u201cacordo de coopera\u00e7\u00e3o\u201d entre Eduardo da Fonte e Miguel Coelho,\u00a0 a prefeita de Floresta,\u00a0 Rorr\u00f3 Mani\u00e7oba,\u00a0 a vice,\u00a0 Bia Numeriano, e o Deputado Estadual Kaio Mani\u00e7oba,\u00a0 declararam apoio ao seu projeto federal.<\/span><\/p>\n<p style=\"text-align: justify;\"><span style=\"font-size: 14pt; font-family: arial, helvetica, sans-serif;\">Miguel busca com isso evitar minar bases do irm\u00e3o,\u00a0 o j\u00e1 Deputado Federal Fernando Filho. A fam\u00edlia,\u00a0 caso eleito,\u00a0 passar\u00e1 a ter dois representantes na C\u00e2mara,\u00a0 j\u00e1 contando com Ant\u00f4nio Coelho na ALEPE, sob a batuta de Fernando Bezerra Coelho.<\/span><\/p>\n<p style=\"text-align: justify;\"><span style=\"font-size: 14pt; font-family: arial, helvetica, sans-serif;\">\u201cMuito feliz em receber o apoio da prefeita de Floresta, Rorr\u00f3 Manicoba, da vice-prefeita Bia Numeriano e do deputado estadual e candidato \u00e0 reelei\u00e7\u00e3o Kaio Manicoba. Essa dobradinha vai levar mais for\u00e7a e trabalho pelo Sert\u00e3o. Juntos, vamos captar investimentos, abrir caminhos e fortalecer ainda mais a nossa regi\u00e3o\u201d, disse em sua rede social.<\/span><\/p>\n","protected":false},"excerpt":{"rendered":"<p>Dentro do &ldquo;acordo de coopera&ccedil;&atilde;o&rdquo; entre Eduardo da Fonte e Miguel Coelho,&nbsp; a prefeita de Floresta,&nbsp; Rorr&oacute; Mani&ccedil;oba,&nbsp; a vice,&nbsp; Bia Numeriano, e o Deputado Estadual Kaio Mani&ccedil;oba,&nbsp; declararam apoio ao seu projeto federal. Miguel busca com isso evitar minar bases do irm&atilde;o,&nbsp; o j&aacute; Deputado Federal Fernando Filho. A fam&iacute;lia,&nbsp; caso eleito,&nbsp; passar&aacute; a ter dois representantes na C&acirc;mara,&nbsp; j&aacute; contando com Ant&ocirc;nio Coelho na ALEPE, sob a batuta de Fernando Bezerra Coelho. &ldquo;Muito feliz em receber o apoio da prefeita de Floresta, Rorr&oacute; Manicoba, da vice-prefeita Bia Numeriano e do deputado estadual e candidato &agrave; reelei&ccedil;&atilde;o Kaio Manicoba. &#8230; <\/p>\n<p class=\"read-more-container\"><a title=\"Rorr\u00f3 e Kaio Mani\u00e7oba anunciam apoio a Miguel Coelho\" class=\"read-more button\" href=\"https:\/\/blogdojuniorcavalcanti.com.br\/index.php\/2026\/08\/13\/rorro-e-kaio-manicoba-anunciam-apoio-a-miguel-coelho\/#more-60469\" aria-label=\"More on Rorr\u00f3 e Kaio Mani\u00e7oba anunciam apoio a Miguel Coelho\">Leia mais<\/a><\/p>\n","protected":false},"author":2,"featured_media":60470,"comment_status":"open","ping_status":"open","sticky":false,"template":"","format":"standard","meta":{"footnotes":""},"categories":[25],"tags":[],"class_list":["post-60469","post","type-post","status-publish","format-standard","has-post-thumbnail","hentry","category-destaque","resize-featured-image"],"_links":{"self":[{"href":"https:\/\/blogdojuniorcavalcanti.com.br\/index.php\/wp-json\/wp\/v2\/posts\/60469","targetHints":{"allow":["GET"]}}],"collection":[{"href":"https:\/\/blogdojuniorcavalcanti.com.br\/index.php\/wp-json\/wp\/v2\/posts"}],"about":[{"href":"https:\/\/blogdojuniorcavalcanti.com.br\/index.php\/wp-json\/wp\/v2\/types\/post"}],"author":[{"embeddable":true,"href":"https:\/\/blogdojuniorcavalcanti.com.br\/index.php\/wp-json\/wp\/v2\/users\/2"}],"replies":[{"embeddable":true,"href":"https:\/\/blogdojuniorcavalcanti.com.br\/index.php\/wp-json\/wp\/v2\/comments?post=60469"}],"version-history":[{"count":1,"href":"https:\/\/blogdojuniorcavalcanti.com.br\/index.php\/wp-json\/wp\/v2\/posts\/60469\/revisions"}],"predecessor-version":[{"id":60471,"href":"https:\/\/blogdojuniorcavalcanti.com.br\/index.php\/wp-json\/wp\/v2\/posts\/60469\/revisions\/60471"}],"wp:featuredmedia":[{"embeddable":true,"href":"https:\/\/blogdojuniorcavalcanti.com.br\/index.php\/wp-json\/wp\/v2\/media\/60470"}],"wp:attachment":[{"href":"https:\/\/blogdojuniorcavalcanti.com.br\/index.php\/wp-json\/wp\/v2\/media?parent=60469"}],"wp:term":[{"taxonomy":"category","embeddable":true,"href":"https:\/\/blogdojuniorcavalcanti.com.br\/index.php\/wp-json\/wp\/v2\/categories?post=60469"},{"taxonomy":"post_tag","embeddable":true,"href":"https:\/\/blogdojuniorcavalcanti.com.br\/index.php\/wp-json\/wp\/v2\/tags?post=60469"}],"curies":[{"name":"wp","href":"https:\/\/api.w.org\/{rel}","templated":true}]}}