{"id":60737,"date":"2026-08-19T07:34:26","date_gmt":"2026-08-19T10:34:26","guid":{"rendered":"https:\/\/blogdojuniorcavalcanti.com.br\/?p=60737"},"modified":"2026-08-19T07:34:26","modified_gmt":"2026-08-19T10:34:26","slug":"mara-pavanelly-e-atracao-confirmada-na-28a-feira-da-rapadura","status":"publish","type":"post","link":"https:\/\/blogdojuniorcavalcanti.com.br\/index.php\/2026\/08\/19\/mara-pavanelly-e-atracao-confirmada-na-28a-feira-da-rapadura\/","title":{"rendered":"Mara Pavanelly \u00e9 atra\u00e7\u00e3o confirmada na 28\u00aa Feira da Rapadura"},"content":{"rendered":"<p style=\"text-align: justify;\"><span style=\"font-size: 14pt; font-family: arial, helvetica, sans-serif;\">A cantora Mara Pavanelly \u00e9 mais uma atra\u00e7\u00e3o confirmada na programa\u00e7\u00e3o da 28\u00aa Feira da Rapadura de\u00a0<a href=\"https:\/\/faroldenoticias.com.br\/categoria\/pernambuco\/\">Santa Cruz da Baixa Verde<\/a>. O show acontece no s\u00e1bado, 12 de setembro, e promete reunir um grande p\u00fablico na Capital da Rapadura.<\/span><\/p>\n<p style=\"text-align: justify;\"><span style=\"font-size: 14pt; font-family: arial, helvetica, sans-serif;\">A programa\u00e7\u00e3o da feira segue sendo divulgada pela Prefeitura de Santa Cruz da Baixa Verde, que prepara uma edi\u00e7\u00e3o especial do evento.<\/span><\/p>\n<p style=\"text-align: justify;\">\n","protected":false},"excerpt":{"rendered":"<p>A cantora Mara Pavanelly &eacute; mais uma atra&ccedil;&atilde;o confirmada na programa&ccedil;&atilde;o da 28&ordf; Feira da Rapadura de&nbsp;Santa Cruz da Baixa Verde. O show acontece no s&aacute;bado, 12 de setembro, e promete reunir um grande p&uacute;blico na Capital da Rapadura. A programa&ccedil;&atilde;o da feira segue sendo divulgada pela Prefeitura de Santa Cruz da Baixa Verde, que prepara uma edi&ccedil;&atilde;o especial do evento.<\/p>\n","protected":false},"author":2,"featured_media":60738,"comment_status":"open","ping_status":"open","sticky":false,"template":"","format":"standard","meta":{"footnotes":""},"categories":[37],"tags":[],"class_list":["post-60737","post","type-post","status-publish","format-standard","has-post-thumbnail","hentry","category-cidades","resize-featured-image"],"_links":{"self":[{"href":"https:\/\/blogdojuniorcavalcanti.com.br\/index.php\/wp-json\/wp\/v2\/posts\/60737","targetHints":{"allow":["GET"]}}],"collection":[{"href":"https:\/\/blogdojuniorcavalcanti.com.br\/index.php\/wp-json\/wp\/v2\/posts"}],"about":[{"href":"https:\/\/blogdojuniorcavalcanti.com.br\/index.php\/wp-json\/wp\/v2\/types\/post"}],"author":[{"embeddable":true,"href":"https:\/\/blogdojuniorcavalcanti.com.br\/index.php\/wp-json\/wp\/v2\/users\/2"}],"replies":[{"embeddable":true,"href":"https:\/\/blogdojuniorcavalcanti.com.br\/index.php\/wp-json\/wp\/v2\/comments?post=60737"}],"version-history":[{"count":1,"href":"https:\/\/blogdojuniorcavalcanti.com.br\/index.php\/wp-json\/wp\/v2\/posts\/60737\/revisions"}],"predecessor-version":[{"id":60739,"href":"https:\/\/blogdojuniorcavalcanti.com.br\/index.php\/wp-json\/wp\/v2\/posts\/60737\/revisions\/60739"}],"wp:featuredmedia":[{"embeddable":true,"href":"https:\/\/blogdojuniorcavalcanti.com.br\/index.php\/wp-json\/wp\/v2\/media\/60738"}],"wp:attachment":[{"href":"https:\/\/blogdojuniorcavalcanti.com.br\/index.php\/wp-json\/wp\/v2\/media?parent=60737"}],"wp:term":[{"taxonomy":"category","embeddable":true,"href":"https:\/\/blogdojuniorcavalcanti.com.br\/index.php\/wp-json\/wp\/v2\/categories?post=60737"},{"taxonomy":"post_tag","embeddable":true,"href":"https:\/\/blogdojuniorcavalcanti.com.br\/index.php\/wp-json\/wp\/v2\/tags?post=60737"}],"curies":[{"name":"wp","href":"https:\/\/api.w.org\/{rel}","templated":true}]}}